{"id":12284,"date":"2022-07-11T01:09:43","date_gmt":"2022-07-10T23:09:43","guid":{"rendered":"http:\/\/www.infokuryr.cz\/n\/?p=12284"},"modified":"2022-07-10T15:57:00","modified_gmt":"2022-07-10T13:57:00","slug":"zmocnenci-pro-boj-s-dezinformacemi-chybi-tym-i-penize-jakub-michalek-zada-premiera-o-reseni","status":"publish","type":"post","link":"https:\/\/www.infokuryr.cz\/n\/2022\/07\/11\/zmocnenci-pro-boj-s-dezinformacemi-chybi-tym-i-penize-jakub-michalek-zada-premiera-o-reseni\/","title":{"rendered":"Zmocn\u011bnci pro boj s dezinformacemi chyb\u00ed t\u00fdm i pen\u00edze. Jakub Mich\u00e1lek \u017e\u00e1d\u00e1 premi\u00e9ra o \u0159e\u0161en\u00ed"},"content":{"rendered":"<div id=\"fb-root\"><\/div>\n<div class=\"introtext\">\n<p>8. \u010dervence 2022 &#8211; P\u0159edseda poslaneck\u00e9ho klubu Pir\u00e1t\u016f Jakub Mich\u00e1lek zaslal premi\u00e9rovi Petru Fialovi interpelaci, ve kter\u00e9 \u017e\u00e1d\u00e1 o zlep\u0161en\u00ed boje proti dezinformac\u00edm.<\/p>\n<\/div>\n<div class=\"fulltext\">\n<p><span style=\"font-size: 18pt;\"><em><strong>A hrd\u00fd bu\u010f, \u017ees vytrval, \u017ees neposkvrnil \u00fasta ani hru\u010f fale\u0161nou \u0159e\u010d\u00ed.<\/strong><\/em><\/span><\/p>\n<p><em>S. K. Neumann<\/em><\/p>\n<p><span style=\"font-size: 18pt;\"><strong>Boj proti &#8222;dezinformac\u00edm&#8220;.<\/strong><\/span><\/p>\n<p>A to i skrz person\u00e1ln\u00ed a finan\u010dn\u00ed pos\u00edlen\u00ed t\u00fdmu vl\u00e1dn\u00edho zmocn\u011bnce pro dezinformace. Na jeho p\u016fsoben\u00ed toti\u017e nyn\u00ed nejsou p\u0159\u00edmo vy\u010dlen\u011bny \u017e\u00e1dn\u00e9 finan\u010dn\u00ed prost\u0159edky a ani nem\u00e1 \u017e\u00e1dn\u00e9 osoby v p\u0159\u00edm\u00e9 \u0159\u00edd\u00edc\u00ed p\u016fsobnosti, jak uvedl \u00da\u0159ad vl\u00e1dy.<\/p>\n<p>\u201eDezinformace jsou nejen pro \u010ceskou republiku re\u00e1lnou hrozbou. Maj\u00ed za c\u00edl na\u0161i spole\u010dnost napadnout a oslabit n\u00e1s. Z t\u011bchto d\u016fvod\u016f se vl\u00e1da rozhodla vytvo\u0159it post zmocn\u011bnce pro oblast m\u00e9di\u00ed a dezinformac\u00ed,\u00a0<strong>co\u017e byl zodpov\u011bdn\u00fd krok.\u00a0<\/strong>Kdy\u017e jsem ale interpeloval pana premi\u00e9ra s dotazem na v\u00fdsledky pr\u00e1ce pana zmocn\u011bnce, jeho z\u00e1zem\u00ed a t\u00fdm \u010di celkovou strategii, p\u0159i\u0161la mi alarmuj\u00edc\u00ed odpov\u011b\u010f. Na p\u016fsoben\u00ed zmocn\u011bnce toti\u017e nejsou p\u0159\u00edmo vy\u010dlen\u011bny \u017e\u00e1dn\u00e9 finance a nem\u00e1 ani \u017e\u00e1dn\u00e9 p\u0159\u00edm\u00e9 pod\u0159\u00edzen\u00e9,\u201c uvedl Jakub Mich\u00e1lek s t\u00edm, \u017ee to je pot\u0159eba zm\u011bnit. Zmocn\u011bnec s velkou zodpov\u011bdnost\u00ed za koordinaci r\u016fzn\u00fdch \u00fatvar\u016f m\u00e1 zcela nedostate\u010dn\u00e9 z\u00e1zem\u00ed.\u201ePremi\u00e9ra jsem proto po\u017e\u00e1dal o zlep\u0161en\u00ed st\u00e1vaj\u00edc\u00ed situace. Dlouhodob\u011b v\u00edme o snaze Kremlu manipulovat skrze dezinformace s ve\u0159ejn\u00fdm m\u00edn\u011bn\u00edm, nalamovat d\u016fv\u011bru ob\u010dan\u016f v demokracii a \u0161kodit. Tato \u010dinnost se po Putinov\u011b vp\u00e1du na Ukrajinu samoz\u0159ejm\u011b zeston\u00e1sobila.\u00a0<strong>Dezinformac\u00ed vyu\u017e\u00edvaj\u00ed i mnoz\u00ed dal\u0161\u00ed prosp\u011bch\u00e1\u0159i a manipul\u00e1to\u0159i<\/strong>, \u010demu\u017e se mus\u00edme dok\u00e1zat postavit.<\/p>\n<p>Souhlas: podvodn\u00edci, co lustruj\u00ed jin\u00e9, mus\u00ed b\u00fdt ze spole\u010dnosti vytla\u010deni. To myslel Mich\u00e1lek? Manipul\u00e1tor Cemper sm\u00ed lustrovat, proto\u017ee m\u00e1 prov\u011brku. Nebo snad lhal, kdy\u017e to tvrdil?<\/p>\n<p><img decoding=\"async\" class=\"aligncenter\" src=\"https:\/\/www.skrytapravda.cz\/images\/blogy\/2951\/2022\/7cervenec\/Cemper_18d5e.webp\" alt=\"Cemper 18d5e\" \/><\/p>\n<p>.Nikdy to nebude fungovat, pokud nebudeme m\u00edt re\u00e1lnou strategii a odborn\u00edky, kte\u0159\u00ed by se tomuto t\u00e9matu naplno v\u011bnovali,\u201c doplnil Mich\u00e1lek.<\/p>\n<p>Tak\u017ee asi m\u011bl<strong>\u00a0uv\u011bdom\u011bl\u00fd<\/strong>\u00a0Pir\u00e1t Mich\u00e1lek na mysli i podvod vakcina\u010dn\u00ed, dokonce dolo\u017een soudy a nestalo se nic?<\/p>\n<p><img decoding=\"async\" class=\"aligncenter\" src=\"https:\/\/www.skrytapravda.cz\/images\/blogy\/2951\/2022\/7cervenec\/Sn%C3%ADmek_obrazovky_3812_3bb4d.webp\" alt=\"Sn\u00edmek obrazovky 3812 3bb4d\" \/><\/p>\n<p><span style=\"font-size: 18pt;\"><strong><em>D\u016fkaz dal\u0161\u00ed:<\/em><\/strong><\/span><\/p>\n<h5 class=\"latestItemTitle\"><a href=\"https:\/\/skrytapravda.cz\/z-domova\/615-ockovani-lide-nesiri-infekci-dezinformace-ktera-nadelala-spoustu-skody\">O\u010dkovan\u00ed lid\u00e9 ne\u0161\u00ed\u0159\u00ed infekci \u2013 dezinformace, kter\u00e1 nad\u011blala spoustu \u0161kody<\/a><\/h5>\n<p>Na n\u00e1boru AVENIERU byl je\u0161t\u011b v lednu 2022 naps\u00e1n naprosto dezinforma\u010dn\u00ed podvodn\u00fd let\u00e1k na vakcinaci, kter\u00e1 je v\u011bdomou l\u017e\u00ed. A nic. A to p\u0159esto, \u017ee zlo\u010din po\u0161kozen\u00ed zdrav\u00ed je tis\u00edckr\u00e1t z\u00e1va\u017en\u011bj\u0161\u00ed, ne\u017e n\u011bjak\u00e9 kecy na intermetu. Nem\u011bl by se k tomu pan\u00a0<strong>uv\u011bdom\u011bl\u00fd<\/strong>\u00a0Pir\u00e1t Mich\u00e1lek vyj\u00e1d\u0159it, nebo ani d\u016fkazy nesta\u010d\u00ed k doc\u00edlen\u00ed pravdy a z\u00e1konnosti? Tak co m\u011bla interpelace znamenat?<\/p>\n<p><span style=\"font-size: 18pt;\"><strong>Stala se le\u017e pravdou a pravda l\u017e\u00ed?<\/strong><\/span><\/p>\n<\/div>\n<p><a href=\"https:\/\/www.skrytapravda.cz\/z-domova\/617-zmocnenci-pro-boj-s-dezinformacemi-chybi-tym-i-penize-jakub-michalek-zada-premiera-o-reseni\">ZDROJ<\/a><\/p>\n<p>&nbsp;<\/p>\n","protected":false},"excerpt":{"rendered":"<p>8. \u010dervence 2022 &#8211; P\u0159edseda poslaneck\u00e9ho klubu Pir\u00e1t\u016f Jakub Mich\u00e1lek zaslal premi\u00e9rovi Petru Fialovi interpelaci,&#8230;<\/p>\n","protected":false},"author":2,"featured_media":12285,"comment_status":"closed","ping_status":"closed","sticky":false,"template":"","format":"standard","meta":[],"categories":[6],"tags":[63,506,28,137],"_links":{"self":[{"href":"https:\/\/www.infokuryr.cz\/n\/wp-json\/wp\/v2\/posts\/12284"}],"collection":[{"href":"https:\/\/www.infokuryr.cz\/n\/wp-json\/wp\/v2\/posts"}],"about":[{"href":"https:\/\/www.infokuryr.cz\/n\/wp-json\/wp\/v2\/types\/post"}],"author":[{"embeddable":true,"href":"https:\/\/www.infokuryr.cz\/n\/wp-json\/wp\/v2\/users\/2"}],"replies":[{"embeddable":true,"href":"https:\/\/www.infokuryr.cz\/n\/wp-json\/wp\/v2\/comments?post=12284"}],"version-history":[{"count":1,"href":"https:\/\/www.infokuryr.cz\/n\/wp-json\/wp\/v2\/posts\/12284\/revisions"}],"predecessor-version":[{"id":12286,"href":"https:\/\/www.infokuryr.cz\/n\/wp-json\/wp\/v2\/posts\/12284\/revisions\/12286"}],"wp:featuredmedia":[{"embeddable":true,"href":"https:\/\/www.infokuryr.cz\/n\/wp-json\/wp\/v2\/media\/12285"}],"wp:attachment":[{"href":"https:\/\/www.infokuryr.cz\/n\/wp-json\/wp\/v2\/media?parent=12284"}],"wp:term":[{"taxonomy":"category","embeddable":true,"href":"https:\/\/www.infokuryr.cz\/n\/wp-json\/wp\/v2\/categories?post=12284"},{"taxonomy":"post_tag","embeddable":true,"href":"https:\/\/www.infokuryr.cz\/n\/wp-json\/wp\/v2\/tags?post=12284"}],"curies":[{"name":"wp","href":"https:\/\/api.w.org\/{rel}","templated":true}]}}