{"id":12215,"date":"2022-07-08T09:33:31","date_gmt":"2022-07-08T07:33:31","guid":{"rendered":"http:\/\/www.infokuryr.cz\/n\/?p=12215"},"modified":"2022-07-08T09:33:31","modified_gmt":"2022-07-08T07:33:31","slug":"jindrich-kulhavy-tomu-se-rika-plny-dum","status":"publish","type":"post","link":"https:\/\/www.infokuryr.cz\/n\/2022\/07\/08\/jindrich-kulhavy-tomu-se-rika-plny-dum\/","title":{"rendered":"Jind\u0159ich Kulhav\u00fd: Tomu se \u0159\u00edk\u00e1 pln\u00fd d\u016fm"},"content":{"rendered":"<div id=\"fb-root\"><\/div>\n<p><span class=\"anotation\">\u010cesk\u00fd premi\u00e9r Petr Fiala p\u0159ednesl na\u0161imi m\u00e9dii o\u010dek\u00e1van\u00fd proslov p\u0159ed poslanci Evropsk\u00e9ho parlamentu souvisej\u00edc\u00ed s\u00a0p\u0159evzet\u00edm p\u016flro\u010dn\u00edho p\u0159edsednictv\u00ed v\u00a0Evropsk\u00e9 unii. Jeho souvislou \u0159e\u010d v\u00a0\u010de\u0161tin\u011b si v\u00a0obrovsk\u00e9m s\u00e1lu poslechlo cca 33 poslanc\u016f, co\u017e je pod 5ti % z\u00a0celkov\u00e9ho po\u010dtu p\u0159epl\u00e1cen\u00fdch unijn\u00edch \u00fa\u0159edn\u00edk\u016f a jen nepatrn\u011b to p\u0159evy\u0161uje po\u010det t\u011bch n\u00e1mi delegovan\u00fdch. Nazna\u010duje to d\u016fle\u017eitost Petra Fialy a jeho moment\u00e1ln\u00ed pozici v\u00a0EU, takt\u00e9\u017e to vystihuje podstatu nesmyslnosti p\u0159ed\u00e1v\u00e1n\u00ed p\u0159edsednictv\u00ed jednotliv\u00fdm st\u00e1t\u016fm a nakonec i hodnotu n\u00e1mi vyhozen\u00fdch pen\u011bz ur\u010den\u00fd na tento p\u016flrok za provozov\u00e1n\u00ed \u010dinnosti v\u00a0pomysln\u00e9m \u010dele EU, jejich\u017e mno\u017estv\u00ed se odhaduje na 2.5 miliardy korun.<\/span><\/p>\n<div id=\"pagetext\">\n<p>\u00a0\u00a0 Samotn\u00fd projev byl prost\u00fd my\u0161lenky a nej\u010dast\u011bj\u0161\u00edm slovem, kter\u00e9 se opakovalo, byla Ukrajina. Ta le\u017e\u00ed v\u00a0hlav\u011b \u010desk\u00e9ho premi\u00e9ra natolik hluboko, \u017ee u\u017e zapomn\u011bl, za kter\u00fd n\u00e1rod \u010di st\u00e1t m\u00e1 bojovat. Ono je stejn\u011b \u00fapln\u011b jedno, co \u0159\u00edkal, jakou \u0159e\u010d\u00ed mluvil (na rozd\u00edl od ostatn\u00edch kritik\u016f ignorujeme jeho proslov v\u00a0\u010de\u0161tin\u011b, nen\u00ed jedin\u00fdm, kdo pou\u017e\u00edv\u00e1 p\u0159edev\u0161\u00edm vlastn\u00ed mate\u0159\u0161tinu, ve kter\u00e9 se l\u00e9pe vyjad\u0159uje), smutn\u011bj\u0161\u00ed je pr\u00e1zdnota obsahu. A kdy\u017e nav\u00edc p\u0159edn\u00e1\u0161\u00edte p\u0159ed pr\u00e1zdn\u00fdm s\u00e1lem, proto\u017ee absolutn\u011b v\u0161ichni multimilion\u00e1\u0159i z\u00a0bruselsk\u00fdch \u0161kamen jindy tak ochotn\u011b schvaluj\u00edc\u00edch tot\u00e1ln\u00ed nesmysly le\u017e\u00ed d\u00e1vno na leh\u00e1tk\u00e1ch a vystavuj\u00ed sv\u00e1 t\u011bla slune\u010dn\u00edm letn\u00edm paprsk\u016fm, m\u016f\u017eete za pult\u00edkem, kter\u00fd V\u00e1m na chvilku p\u016fj\u010dili, vypr\u00e1v\u011bt t\u0159eba vtipy. Fial\u016fv projev nav\u00edc nebyl dop\u0159edu avizov\u00e1n jako zlomov\u00fd, co\u017e by se stalo, kdyby Evrop\u011b ozn\u00e1mil, \u017ee ze zlo\u010dineck\u00e9 EU \u010cesk\u00e1 republika odch\u00e1z\u00ed, tak\u017ee pro\u010d by se n\u011bkdo z\u00a0europoslanc\u016f trm\u00e1cel do pr\u00e1ce.<\/p>\n<p>Daleko zaj\u00edmav\u011bj\u0161\u00ed ud\u00e1lost\u00ed bylo p\u0159erozd\u011blen\u00ed si oblast\u00ed Ukrajiny, na jej\u00ed\u017e obnov\u011b se jednou maj\u00ed jednotliv\u00e9 st\u00e1ty EU pod\u00edlet. Tato mapka je doslova dal\u0161\u00edm v\u00fdsm\u011bchem realit\u011b. \u010cesk\u00e1 republika z\u00edskala v\u00fdsadn\u00ed postaven\u00ed v\u00a0podob\u011b rekonstrukce Don\u011bck\u00e9 republiky. Jde o obrovsk\u00fd paradox. Pokud by \u0161lo skute\u010dn\u011b o to ji ,,opravit\u201c, to znamen\u00e1, \u017ee by byla sou\u010d\u00e1st\u00ed Ukrajiny i nad\u00e1le, pak jsme se dostali do nez\u00e1vid\u011bn\u00edhodn\u00e9 situace, kdy bychom opravovali nejv\u00edce po\u0161kozenou a od n\u00e1s vzd\u00e1lenou oblast. Jen\u017ee to asi nehroz\u00ed, proto\u017ee Luhansko a Don\u011bcko p\u0159iv\u00edtaly Rusy jako osvoboditele, vyhl\u00e1sily samostatnost. A je jim \u00fapln\u011b jedno, jestli je Z\u00e1pad uzn\u00e1 \u010di nikoliv, proto\u017ee pro n\u011b jde stejn\u011b o moment\u00e1ln\u011b nijak zvl\u00e1\u0161\u0165 zaj\u00edmavou \u010d\u00e1st sv\u011bta. Na Rusku toti\u017e vid\u00ed, \u017ee se d\u00e1 \u017e\u00edt i bez n\u011bj. Nemysleme si, \u017ee t\u00edm jsme se v\u00fddaj\u016fm za obnovu Ukrajiny vyhnuli, pokud v\u00a0Kyjev\u011b z\u016fstane n\u011bjak\u00e1 vl\u00e1da, kter\u00e1 bude v\u00a0budoucnosti n\u011bjak aspirovat na spolupr\u00e1ci s\u00a0EU, pak Fiala jist\u011b najde m\u00edsto, jeho\u017e podpora nav\u00fd\u0161\u00ed schodek na\u0161eho rozpo\u010dtu minim\u00e1ln\u011b o 250 miliard korun. My m\u016f\u017eeme jen doufat, \u017ee se Rus\u016fm po vy\u010di\u0161t\u011bn\u00ed a denacifikace v\u00fdchodu Ukrajiny poda\u0159\u00ed z\u00edskat vliv i v\u00a0m\u00edstech, kde nezasahovali, a v\u00a0hlavn\u00edm m\u011bst\u011b dojde k\u00a0Antimajdanu.<\/p>\n<p>Fiala a sou\u010dasn\u00e1 vl\u00e1da jsou si jist\u00ed, \u017ee svou tot\u00e1ln\u00ed v\u00e1\u0161n\u00ed pro Ukrajinu zaujmuli sv\u011bt a stoj\u00ed tak v\u00a0\u010dele antirusk\u00fdch sil. V\u00a0televizi n\u00e1m hrd\u011b ukazuj\u00ed \u010desk\u00e9 vlajky na bojov\u00fdch vozidlech legion\u00e1\u0159\u016f, kte\u0159\u00ed \u00fadajn\u011b Rus\u016fm uzmuli dva tanky. Ka\u017ed\u00e1 takov\u00e1to ud\u00e1lost je pro na\u0161i budoucnost pouze p\u00edskem hozen\u00fdm do soukol\u00ed. \u010cesk\u00e1 republika je na rusk\u00e9m seznamu nep\u0159\u00e1telsk\u00fdch zem\u00ed, to na rozd\u00edl od N\u011bmecka, Francie \u010di It\u00e1lie. I to sv\u011bd\u010d\u00ed o funkci u\u017eite\u010dn\u00e9ho idiota v\u00a0r\u00e1mci Evropsk\u00e9 unie, kterou d\u00edky na\u0161\u00ed vl\u00e1d\u011b \u010cesk\u00e1 republik pln\u00ed. A navy\u0161uje to slo\u017eitost budouc\u00edho vyjedn\u00e1v\u00e1n\u00ed s\u00a0Ruskem, kter\u00e9 bude nezbytn\u00e9 k\u00a0udr\u017een\u00ed na\u0161\u00ed zem\u011b v\u00a0ur\u010dit\u00e9m chodu. Jak jsme ji\u017e n\u011bkolikr\u00e1t p\u0159edeslali, bez rusk\u00fdch surovin, co\u017e se net\u00fdk\u00e1 jen plynu a ropy, se prost\u011b ani na\u0161e zem\u011b neobejde. Tedy pokud nechceme nav\u017edy zakonzervovat n\u00e1\u0161 pr\u016fmysl a nechat zmrznout v\u00a0zimn\u00edm obdob\u00ed v\u011bt\u0161inu \u010desk\u00fdch dom\u00e1cnost\u00ed.<\/p>\n<p>\u010casto se n\u00e1s pt\u00e1te, co s\u00a0t\u00edm? Tedy zopakujeme to je\u0161t\u011b jednou. Dal\u0161\u00ed mo\u017en\u00fd v\u00fdvoj u n\u00e1s vedouc\u00ed k\u00a0n\u00e1prav\u011b sou\u010dasn\u00e9 situace vid\u00edme v\u00a0opu\u0161t\u011bn\u00ed EU. To by Fiala a P\u011btikoalice nikdy nepovolili, tak\u017ee nejd\u0159\u00edve mus\u00edme dos\u00e1hnout jejich demise. Jak pozorujeme na Kanad\u011b, Francii a Holandsku, ani mohutn\u00e9 demonstrace nejsou z\u00e1rukou \u00fasp\u011bchu, proti nespokojen\u00e9 spole\u010dnosti jsou nasazov\u00e1ni policist\u00e9 a voj\u00e1ci s\u00a0t\u011b\u017ekou technikou. V\u00a0Holandsku po farm\u00e1\u0159\u00edch st\u0159\u00edl\u00ed ostr\u00fdmi n\u00e1boji, v\u00a0Kanad\u011b trucker\u016fm zabavovali majetek a blokovali \u00fa\u010dty. Doufat tedy, \u017ee u n\u00e1s by \u0161lo v\u0161e snadn\u011bji, by bylo naivn\u00ed. P\u0159esto lze dos\u00e1hnout \u00fasp\u011bchu, jen je t\u0159eba spojit n\u00e1\u0161 rozd\u011blen\u00fd n\u00e1rod.<\/p>\n<p>Spole\u010dn\u00fdm z\u00e1jmem je zastavit nesmysln\u011b vytvo\u0159enou inflaci, zajistit pot\u0159ebn\u00e9 komodity, k\u00a0\u010demu\u017e je t\u0159eba nav\u00e1zat dobr\u00e9 vztahy s\u00a0jejich nejv\u011bt\u0161\u00edm sv\u011btov\u00fdm producentem, vytvo\u0159it prostor pro rekonstrukci politick\u00e9 sc\u00e9ny postaven\u00e9 na \u00fapln\u011b jin\u00fdch subjektech, ne\u017e je dosud, p\u0159i\u010dem\u017e mo\u017en\u00fdm spojovac\u00edm m\u016fstkem m\u016f\u017ee b\u00fdt SPD (jedin\u00e1 z\u00a0parlamentn\u00edch stran se nepod\u00edlela na vl\u00e1d\u011b), a hlavn\u011b sestavit vl\u00e1du z\u00a0odborn\u00edk\u016f a sp\u00ed\u0161e euroskeptik\u016f z\u00e1rove\u0148. Pokud to neud\u011bl\u00e1me rychle, naraz\u00edme na americkou arm\u00e1du, kterou si sem ODS chce pozvat. V\u016fdce samotn\u00e9 ,,revoluce\u201c jist\u011b v\u00a0jej\u00edm pr\u016fb\u011bhu naj\u00edt p\u016fjde. Je tu plno schopn\u00fdch lid\u00ed, ze kter\u00fdch m\u016f\u017ee vykrystalizovat ten prav\u00fd. A opakujeme je\u0161t\u011b d\u016fle\u017eitou v\u011bc. Je nutn\u00e9 z\u00edskat aspo\u0148 jedno velk\u00e9 m\u00e9dium, v\u00a0tomto p\u0159\u00edpadu p\u0159evz\u00edt vliv nad \u010cT. Toto je n\u00e1\u0161 recept na st\u00e1vaj\u00edc\u00ed situaci. \u010cekat, \u017ee se samo n\u011bco vy\u0159e\u0161\u00ed, je to, co st\u00e1vaj\u00edc\u00ed P\u011btikoalici vyhovuje. Jsou toti\u017e schopni v\u0161eho, v\u010detn\u011b zamet\u00e1n\u00ed stop po vlastn\u00ed trestn\u00e9 \u010dinnosti. I proto v\u00e1s burcujeme, p\u0159esto\u017ee by bylo jednodu\u0161\u0161\u00ed n\u011bkde v\u00a0koutku doufat, \u017ee to lidem dojde i bez n\u00e1s. Tolik odpov\u011b\u010f, co s\u00a0t\u00edm. My m\u016f\u017eeme pouze p\u0159in\u00e1\u0161et informace, kter\u00e9 maj\u00ed lidi probudit, zapojit se do boje a b\u00fdt nositelem pravdy. A uv\u011bdomujeme si mo\u017en\u00e9 n\u00e1sledky. Ale i tak to za to stoj\u00ed.<\/p>\n<\/div>\n<p><a href=\"https:\/\/www.inadhled.live\/zajimavosti\/tomu-se-rika-plny-dum\/\">Jind\u0159ich Kulhav\u00fd<\/a><\/p>\n<p>&nbsp;<\/p>\n","protected":false},"excerpt":{"rendered":"<p>\u010cesk\u00fd premi\u00e9r Petr Fiala p\u0159ednesl na\u0161imi m\u00e9dii o\u010dek\u00e1van\u00fd proslov p\u0159ed poslanci Evropsk\u00e9ho parlamentu souvisej\u00edc\u00ed s\u00a0p\u0159evzet\u00edm&#8230;<\/p>\n","protected":false},"author":2,"featured_media":12216,"comment_status":"closed","ping_status":"closed","sticky":false,"template":"","format":"standard","meta":[],"categories":[6],"tags":[41,1497,557,710],"_links":{"self":[{"href":"https:\/\/www.infokuryr.cz\/n\/wp-json\/wp\/v2\/posts\/12215"}],"collection":[{"href":"https:\/\/www.infokuryr.cz\/n\/wp-json\/wp\/v2\/posts"}],"about":[{"href":"https:\/\/www.infokuryr.cz\/n\/wp-json\/wp\/v2\/types\/post"}],"author":[{"embeddable":true,"href":"https:\/\/www.infokuryr.cz\/n\/wp-json\/wp\/v2\/users\/2"}],"replies":[{"embeddable":true,"href":"https:\/\/www.infokuryr.cz\/n\/wp-json\/wp\/v2\/comments?post=12215"}],"version-history":[{"count":0,"href":"https:\/\/www.infokuryr.cz\/n\/wp-json\/wp\/v2\/posts\/12215\/revisions"}],"wp:featuredmedia":[{"embeddable":true,"href":"https:\/\/www.infokuryr.cz\/n\/wp-json\/wp\/v2\/media\/12216"}],"wp:attachment":[{"href":"https:\/\/www.infokuryr.cz\/n\/wp-json\/wp\/v2\/media?parent=12215"}],"wp:term":[{"taxonomy":"category","embeddable":true,"href":"https:\/\/www.infokuryr.cz\/n\/wp-json\/wp\/v2\/categories?post=12215"},{"taxonomy":"post_tag","embeddable":true,"href":"https:\/\/www.infokuryr.cz\/n\/wp-json\/wp\/v2\/tags?post=12215"}],"curies":[{"name":"wp","href":"https:\/\/api.w.org\/{rel}","templated":true}]}}