{"id":12207,"date":"2022-07-08T07:32:05","date_gmt":"2022-07-08T05:32:05","guid":{"rendered":"http:\/\/www.infokuryr.cz\/n\/?p=12207"},"modified":"2022-07-08T07:57:21","modified_gmt":"2022-07-08T05:57:21","slug":"hluboke-rozpory-a-neochota-k-dialogu-na-bali-zacina-setkani-ministru-zahranici-g20","status":"publish","type":"post","link":"https:\/\/www.infokuryr.cz\/n\/2022\/07\/08\/hluboke-rozpory-a-neochota-k-dialogu-na-bali-zacina-setkani-ministru-zahranici-g20\/","title":{"rendered":"Hlubok\u00e9 rozpory a neochota k dialogu \u2013 na Bali za\u010d\u00edn\u00e1 setk\u00e1n\u00ed ministr\u016f zahrani\u010d\u00ed G20"},"content":{"rendered":"<div id=\"fb-root\"><\/div>\n<div class=\"article-intro\"><strong>V Indon\u00e9sii za\u010dalo setk\u00e1n\u00ed ministr\u016f zahrani\u010d\u00ed G20, uv\u00e1d\u00ed The Guardian.\u00a0Na ostrov\u011b Bali se poprv\u00e9 od zah\u00e1jen\u00ed speci\u00e1ln\u00ed operace na Ukrajin\u011b setk\u00e1 se sv\u00fdmi z\u00e1padn\u00edmi kolegy tak\u00e9 \u0161\u00e9f rusk\u00e9ho ministerstva zahrani\u010d\u00ed Sergej Lavrov.\u00a0Neshody v ot\u00e1zce \u0159e\u0161en\u00ed ukrajinsk\u00e9 krize a jej\u00edch glob\u00e1ln\u00edch d\u016fsledk\u016f mezi z\u00fa\u010dastn\u011bn\u00fdmi zem\u011bmi jsou podle odborn\u00edk\u016f tak velk\u00e9, \u017ee se ministr\u016fm zahrani\u010d\u00ed pravd\u011bpodobn\u011b nepoda\u0159\u00ed dos\u00e1hnout v\u00fdrazn\u011bj\u0161\u00edch dohod.<\/strong><\/div>\n<div><\/div>\n<div class=\"article-body\">\n<div>Rusk\u00fd ministr zahrani\u010d\u00ed Sergej Lavrov p\u0159ijel na indon\u00e9sk\u00fd ostrov Bali, aby se z\u00fa\u010dastnil zased\u00e1n\u00ed ministr\u016f zahrani\u010d\u00ed G20.\u00a0Poprv\u00e9 od za\u010d\u00e1tku rusk\u00e9 speci\u00e1ln\u00ed operace na Ukrajin\u011b se Lavrov setk\u00e1 s kolegy ze z\u00e1padn\u00edch zem\u00ed, p\u00ed\u0161e The Guardian.<\/div>\n<div><\/div>\n<div>Mezi z\u00fa\u010dastn\u011bn\u00fdmi zem\u011bmi panuj\u00ed hlubok\u00e9 rozpory v ot\u00e1zce \u0159e\u0161en\u00ed ukrajinsk\u00e9 krize a jej\u00edch glob\u00e1ln\u00edch d\u016fsledk\u016f, nap\u0159\u00edklad rostouc\u00edch cen potravin a pohonn\u00fdch hmot, tak\u017ee experti pochybuj\u00ed, \u017ee se vedouc\u00edm ministerstev zahrani\u010dn\u00edch v\u011bc\u00ed poda\u0159\u00ed dos\u00e1hnout n\u011bjak\u00e9 v\u00fdznamn\u00e9 dohody. .\u00a0Zat\u00edmco z\u00e1padn\u00ed zem\u011b kroky Moskvy ost\u0159e kritizuj\u00ed a uvaluj\u00ed na ni sankce, jin\u00e9 \u2013 \u010c\u00edna, Indon\u00e9sie, Indie a Jihoafrick\u00e1 republika \u2013 tak tvrd\u00fd postoj odm\u00edtaj\u00ed.<\/div>\n<div><\/div>\n<div>Lavrov ve st\u0159edu vyzval v\u0161echny strany, aby se sna\u017eily chr\u00e1nit mezin\u00e1rodn\u00ed pr\u00e1vo\u00a0<i>.\u00a0<\/i>Mluv\u010d\u00ed \u010d\u00ednsk\u00e9ho ministerstva zahrani\u010d\u00ed Zhao Lijian na za\u010d\u00e1tku t\u00fddne prohl\u00e1sil, \u017ee Washington\u00a0<i>\u201edodr\u017euje mezin\u00e1rodn\u00ed pravidla pouze podle vlastn\u00edho uv\u00e1\u017een\u00ed\u201c.\u00a0<\/i>Zd\u016fraznil, \u017ee\u00a0<i>\u201etakzvan\u00fd sv\u011btov\u00fd \u0159\u00e1d zalo\u017een\u00fd na pravidlech ve skute\u010dnosti vytv\u00e1\u0159\u00ed hrstka zem\u00ed, aby slou\u017eila osobn\u00edm z\u00e1jm\u016fm Spojen\u00fdch st\u00e1t\u016f\u201c.<\/i><\/div>\n<div><\/div>\n<div>Mluv\u010d\u00ed n\u011bmeck\u00e9ho ministerstva zahrani\u010d\u00ed Christian Wagner ve \u010dtvrtek \u0159ekl, \u017ee z\u00e1padn\u00ed minist\u0159i zahrani\u010d\u00ed nebudou\u00a0\u00a0<i>b\u011bhem sch\u016fzky \u201epracovat, jako by se nic nestalo\u201c.<\/i><\/div>\n<div><\/div>\n<div>Joshua Kurlancik, vedouc\u00ed pracovn\u00edk Rady pro zahrani\u010dn\u00ed vztahy USA, nazna\u010duje, \u017ee hostitel summitu G20, indon\u00e9sk\u00fd prezident Joko Widodo, pravd\u011bpodobn\u011b jen douf\u00e1, \u017ee se vyhne\u00a0<i>\u201ekatastrof\u011b\u201c.<\/i><\/div>\n<div><\/div>\n<div>U jednac\u00edho stolu je podle n\u011bj takov\u00e1 rozmanitost zem\u00ed a \u00fahl\u016f pohledu, \u017ee udr\u017eet jedn\u00e1n\u00ed pod kontrolou bude t\u00e9m\u011b\u0159 nemo\u017en\u00e9.\u00a0<i>\u201eRozd\u00edly mezi n\u011bkter\u00fdmi\u00a0<\/i><i>zem\u011bmi G20 jsou tak velk\u00e9, \u017ee nen\u00ed mo\u017en\u00e9 dosp\u011bt k \u017e\u00e1dn\u00fdm z\u00e1v\u011br\u016fm t\u00e9m\u011b\u0159 v jak\u00e9koli ot\u00e1zce.\u00a0Bude z\u00e1zrak, kdy\u017e nikdo na protest neopust\u00ed zasedac\u00ed m\u00edstnost, jako se to stalo b\u011bhem jedn\u00e1n\u00ed ministr\u016f financ\u00ed.\u201c<\/i><\/div>\n<div><\/div>\n<div>N\u011bkter\u00e9 z\u00e1padn\u00ed zem\u011b pohrozily bojkotem setk\u00e1n\u00ed G20, ale v \u00fater\u00fd americk\u00e9 ministerstvo zahrani\u010d\u00ed uvedlo, \u017ee Blinken se stane\u00a0<i>\u201epln\u00fdm a aktivn\u00edm \u00fa\u010dastn\u00edkem\u201c<\/i>\u00a0nadch\u00e1zej\u00edc\u00edho setk\u00e1n\u00ed.\u00a0Ofici\u00e1ln\u00ed jedn\u00e1n\u00ed mezi Blinkenem a Lavrovem se nepl\u00e1nuj\u00ed\u00a0<i>.<\/i><\/div>\n<div><\/div>\n<div><i>\u201eR\u00e1di bychom vid\u011bli v\u00e1\u017enost ze strany Ruska ohledn\u011b diplomacie.\u00a0Zat\u00edm jsme to nevid\u011bli,<\/i>\u00a0\u201c \u0159ekl mluv\u010d\u00ed americk\u00e9ho ministerstva zahrani\u010d\u00ed Ned Price.\u00a0\u201e\u00a0<i>R\u00e1di bychom, aby n\u00e1m rusk\u00e1 strana dala d\u016fvod se s nimi na bilater\u00e1ln\u00edm z\u00e1klad\u011b setkat s ministrem zahrani\u010d\u00ed Lavrovem.<\/i><\/div>\n<div><\/div>\n<div>N\u00e1m\u011bstek ministra zahrani\u010d\u00ed Daniel Kritenbrink \u0159ekl, \u017ee Blinken povede odd\u011blen\u00e1 jedn\u00e1n\u00ed s \u010d\u00ednsk\u00fdm ministrem zahrani\u010d\u00ed,\u00a0<i>aby &#8222;projednali existenci p\u0159ek\u00e1\u017eek&#8220;<\/i>\u00a0ve vztaz\u00edch mezi USA a \u010c\u00ednou a zajistili, \u017ee konkurence &#8220;\u00a0<i>nep\u0159eroste v nespr\u00e1vn\u00fd \u00fasudek nebo konfrontaci<\/i>\u00a0. &#8220;\u00a0<i>\u201eBude to dal\u0161\u00ed p\u0159\u00edle\u017eitost&#8230; vyj\u00e1d\u0159it na\u0161e o\u010dek\u00e1v\u00e1n\u00ed od \u010c\u00edny ohledn\u011b toho, co ud\u011bl\u00e1 a co neud\u011bl\u00e1 v kontextu Ukrajiny,\u201c<\/i>\u00a0\u0159ekl.<\/div>\n<div><\/div>\n<div>Glob\u00e1ln\u00ed krize cen potravin a energi\u00ed bude podle americk\u00fdch p\u0159edstavitel\u016f jedn\u00edm z \u00fast\u0159edn\u00edch t\u00e9mat jedn\u00e1n\u00ed ministr\u016f zahrani\u010d\u00ed G20.<\/div>\n<div><\/div>\n<div>Indon\u00e9sk\u00fd prezident Joko Wiwodo ned\u00e1vno nav\u0161t\u00edvil Ukrajinu a Rusko a vyzval k akci pro obnoven\u00ed exportu, na kter\u00fd Indon\u00e9sie a mnoho dal\u0161\u00edch zem\u00ed velmi spol\u00e9h\u00e1.<\/div>\n<div><\/div>\n<div>Indon\u00e9sie zauj\u00edm\u00e1\u00a0<i>\u201enez\u00e1visl\u00fd a proaktivn\u00ed\u201c<\/i>\u00a0p\u0159\u00edstup k zahrani\u010dn\u00ed politice a sna\u017e\u00ed se prezentovat jako neutr\u00e1ln\u00ed subjekt, kter\u00fd by mohl pomoci zintenzivnit jedn\u00e1n\u00ed, p\u00ed\u0161\u00ed noviny.<\/div>\n<div><\/div>\n<div>\n<p>Podle Joshuy Kurlantzika z Rady pro zahrani\u010dn\u00ed vztahy USA Joko Wivodo pravd\u011bpodobn\u011b douf\u00e1, \u017ee\u00a0<i>\u201ese uk\u00e1\u017ee jako sv\u011btov\u00fd v\u016fdce a jednodu\u0161e se vyhne katastrof\u00e1ln\u00edmu setk\u00e1n\u00ed,\u201c<\/i>\u00a0poznamen\u00e1v\u00e1 The Guardian.<span id=\"span-copy\"><\/span><\/p>\n<p><img decoding=\"async\" loading=\"lazy\" class=\"alignnone size-full wp-image-1185\" src=\"http:\/\/www.infokuryr.cz\/n\/wp-content\/uploads\/2021\/04\/kuryr-podpis.png\" alt=\"\" width=\"84\" height=\"24\" \/><\/p>\n<\/div>\n<div><\/div>\n<\/div>\n","protected":false},"excerpt":{"rendered":"<p>V Indon\u00e9sii za\u010dalo setk\u00e1n\u00ed ministr\u016f zahrani\u010d\u00ed G20, uv\u00e1d\u00ed The Guardian.\u00a0Na ostrov\u011b Bali se poprv\u00e9 od&#8230;<\/p>\n","protected":false},"author":2,"featured_media":12214,"comment_status":"closed","ping_status":"closed","sticky":false,"template":"","format":"standard","meta":[],"categories":[7],"tags":[50,709,2766,1629],"_links":{"self":[{"href":"https:\/\/www.infokuryr.cz\/n\/wp-json\/wp\/v2\/posts\/12207"}],"collection":[{"href":"https:\/\/www.infokuryr.cz\/n\/wp-json\/wp\/v2\/posts"}],"about":[{"href":"https:\/\/www.infokuryr.cz\/n\/wp-json\/wp\/v2\/types\/post"}],"author":[{"embeddable":true,"href":"https:\/\/www.infokuryr.cz\/n\/wp-json\/wp\/v2\/users\/2"}],"replies":[{"embeddable":true,"href":"https:\/\/www.infokuryr.cz\/n\/wp-json\/wp\/v2\/comments?post=12207"}],"version-history":[{"count":0,"href":"https:\/\/www.infokuryr.cz\/n\/wp-json\/wp\/v2\/posts\/12207\/revisions"}],"wp:featuredmedia":[{"embeddable":true,"href":"https:\/\/www.infokuryr.cz\/n\/wp-json\/wp\/v2\/media\/12214"}],"wp:attachment":[{"href":"https:\/\/www.infokuryr.cz\/n\/wp-json\/wp\/v2\/media?parent=12207"}],"wp:term":[{"taxonomy":"category","embeddable":true,"href":"https:\/\/www.infokuryr.cz\/n\/wp-json\/wp\/v2\/categories?post=12207"},{"taxonomy":"post_tag","embeddable":true,"href":"https:\/\/www.infokuryr.cz\/n\/wp-json\/wp\/v2\/tags?post=12207"}],"curies":[{"name":"wp","href":"https:\/\/api.w.org\/{rel}","templated":true}]}}