{"id":12192,"date":"2022-07-08T01:10:12","date_gmt":"2022-07-07T23:10:12","guid":{"rendered":"http:\/\/www.infokuryr.cz\/n\/?p=12192"},"modified":"2022-07-07T18:46:48","modified_gmt":"2022-07-07T16:46:48","slug":"belorusko-pohrozilo-raketovymi-utoky-na-polsko","status":"publish","type":"post","link":"https:\/\/www.infokuryr.cz\/n\/2022\/07\/08\/belorusko-pohrozilo-raketovymi-utoky-na-polsko\/","title":{"rendered":"B\u011blorusko pohrozilo raketov\u00fdmi \u00fatoky na Polsko"},"content":{"rendered":"<div id=\"fb-root\"><\/div>\n<p><strong><span>B\u011blorusko za\u00fato\u010d\u00ed raketami na c\u00edle v Polsku v p\u0159\u00edpad\u011b vojensk\u00e9ho konfliktu mezi evropsk\u00fdmi zem\u011bmi a Ruskem.<\/span><\/strong><\/p>\n<p><span>Uvedl to z\u00e1stupce n\u00e1\u010deln\u00edka Gener\u00e1ln\u00edho \u0161t\u00e1bu Ozbrojen\u00fdch sil B\u011bloruska gener\u00e1lmajor Ruslan Kosygin.<\/span><\/p>\n<p><span>Podle n\u011bj se v p\u0159\u00edpad\u011b konfliktu \u00fazem\u00ed Polska s vojenskou infrastrukturou \u201est\u00e1v\u00e1 prim\u00e1rn\u00edm c\u00edlem \u00faderu\u201c.<\/span><\/p>\n<p><strong><em>\u201eJmenovit\u011b rozhodovac\u00ed centra, prvky kontroln\u00edho syst\u00e9mu, m\u00edsta trval\u00e9ho rozm\u00edst\u011bn\u00ed n\u00e1rodn\u00edch ozbrojen\u00fdch sil, arzen\u00e1ly a z\u00e1kladny, jako\u017e i kritick\u00e9 objekty jejich ekonomiky a dopravn\u00ed infrastruktury,\u201c uvedla b\u011blorusk\u00e1 arm\u00e1da.<\/em><\/strong><\/p>\n<p><img decoding=\"async\" loading=\"lazy\" class=\"alignnone size-full wp-image-1185\" src=\"http:\/\/www.infokuryr.cz\/n\/wp-content\/uploads\/2021\/04\/kuryr-podpis.png\" alt=\"\" width=\"84\" height=\"24\" \/><\/p>\n<p>&nbsp;<\/p>\n","protected":false},"excerpt":{"rendered":"<p>B\u011blorusko za\u00fato\u010d\u00ed raketami na c\u00edle v Polsku v p\u0159\u00edpad\u011b vojensk\u00e9ho konfliktu mezi evropsk\u00fdmi zem\u011bmi a&#8230;<\/p>\n","protected":false},"author":2,"featured_media":12193,"comment_status":"closed","ping_status":"closed","sticky":false,"template":"","format":"standard","meta":[],"categories":[7],"tags":[150,31,349,723],"_links":{"self":[{"href":"https:\/\/www.infokuryr.cz\/n\/wp-json\/wp\/v2\/posts\/12192"}],"collection":[{"href":"https:\/\/www.infokuryr.cz\/n\/wp-json\/wp\/v2\/posts"}],"about":[{"href":"https:\/\/www.infokuryr.cz\/n\/wp-json\/wp\/v2\/types\/post"}],"author":[{"embeddable":true,"href":"https:\/\/www.infokuryr.cz\/n\/wp-json\/wp\/v2\/users\/2"}],"replies":[{"embeddable":true,"href":"https:\/\/www.infokuryr.cz\/n\/wp-json\/wp\/v2\/comments?post=12192"}],"version-history":[{"count":0,"href":"https:\/\/www.infokuryr.cz\/n\/wp-json\/wp\/v2\/posts\/12192\/revisions"}],"wp:featuredmedia":[{"embeddable":true,"href":"https:\/\/www.infokuryr.cz\/n\/wp-json\/wp\/v2\/media\/12193"}],"wp:attachment":[{"href":"https:\/\/www.infokuryr.cz\/n\/wp-json\/wp\/v2\/media?parent=12192"}],"wp:term":[{"taxonomy":"category","embeddable":true,"href":"https:\/\/www.infokuryr.cz\/n\/wp-json\/wp\/v2\/categories?post=12192"},{"taxonomy":"post_tag","embeddable":true,"href":"https:\/\/www.infokuryr.cz\/n\/wp-json\/wp\/v2\/tags?post=12192"}],"curies":[{"name":"wp","href":"https:\/\/api.w.org\/{rel}","templated":true}]}}