{"id":1215,"date":"2021-04-29T07:09:22","date_gmt":"2021-04-29T05:09:22","guid":{"rendered":"http:\/\/www.infokuryr.cz\/n\/?p=1215"},"modified":"2021-04-29T07:11:05","modified_gmt":"2021-04-29T05:11:05","slug":"v-bulharsku-znovu-hori-dalsi-sklad-zbrani-a-munice","status":"publish","type":"post","link":"https:\/\/www.infokuryr.cz\/n\/2021\/04\/29\/v-bulharsku-znovu-hori-dalsi-sklad-zbrani-a-munice\/","title":{"rendered":"V Bulharsku znovu ho\u0159\u00ed dal\u0161\u00ed sklad zbran\u00ed a munice"},"content":{"rendered":"<div id=\"fb-root\"><\/div>\n<div class=\"article__header\">\n<div class=\"article__announce-text\"><strong>V bulharsk\u00e9 zbrojovce Arcus ve m\u011bst\u011b Ljaskovec vznikl po\u017e\u00e1r, uv\u00e1d\u00ed Bulharsk\u00fd n\u00e1rodn\u00ed rozhlas (BNR).<\/strong><\/div>\n<\/div>\n<div class=\"article__body\">\n<div class=\"article__block\" data-type=\"text\">\n<div class=\"article__text\"><strong>Sign\u00e1l o po\u017e\u00e1ru ve skladu byl p\u0159ijat v poledne.<\/strong><\/div>\n<\/div>\n<div class=\"article__block\" data-type=\"quote\">\n<div class=\"article__quote\">\n<div class=\"article__quote-bg\">\n<div class=\"article__quote-bg-line\"><\/div>\n<\/div>\n<div class=\"article__quote-text\">\n<p>\u201eLid\u00e9 byli evakuov\u00e1ni, nikdo nebyl zran\u011bn, samotn\u00e9mu m\u011bstu Ljaskovec a okoln\u00edm obc\u00edm nic nehroz\u00ed, stejn\u011b jako ani\u00a0\u017eivotn\u00edmu prost\u0159ed\u00ed,\u201c uvedl v\u00fdkonn\u00fd \u0159editel zbrojovky Banko Bankov.<\/p>\n<\/div>\n<div class=\"article__quote-info\">\n<div class=\"elem-info\">\n<div class=\"elem-info__share\">\n<div class=\"share\" data-id=\"14312665\" data-url=\"https:\/\/cz.sputniknews.com\/20210428\/v-bulharsku-znovu-hori-dalsi-sklad-zbrani-a-munice-14312665.html?share-block=14312821\" data-title=\"\u201eLid\u00e9 byli evakuov\u00e1ni, nikdo nebyl zran\u011bn, samotn\u00e9mu m\u011bstu Ljaskovec a okoln\u00edm obc\u00edm nic nehroz\u00ed, stejn\u011b jako ani \u017eivotn\u00edmu prost\u0159ed\u00ed,\u201c uvedl v\u00fdkonn\u00fd \u0159editel zbrojovky Banko Bankov.\"><\/div>\n<\/div>\n<\/div>\n<\/div>\n<\/div>\n<\/div>\n<div class=\"article__block\" data-type=\"text\">\n<div class=\"article__text\">Po\u017e\u00e1r \u00fadajn\u011b vypukl daleko od zbran\u00ed a munice, a proto nebezpe\u010d\u00ed v\u00fdbuch\u016f nehroz\u00ed. B\u011bhem dne byl po\u017e\u00e1r postupn\u011b lokalizov\u00e1n.<\/div>\n<div><\/div>\n<\/div>\n<div class=\"article__block\" data-type=\"text\">\n<div class=\"article__text\">K po\u017e\u00e1ru v Ljaskovci do\u0161lo ve stejn\u00fd den, kdy bulharsk\u00e1 prokuratura\u00a0ozn\u00e1mila, \u017ee \u0161est rusk\u00fdch ob\u010dan\u016f je podez\u00edr\u00e1no z v\u00fdbuch\u016f v tov\u00e1rn\u00e1ch a skladech v Bulharsku. T\u0159i z nich byli obvin\u011bni z pokusu o vra\u017edu\u00a0<strong>bulharsk\u00e9ho obchodn\u00edka Emilijana Gebreva<\/strong>.<\/div>\n<\/div>\n<div class=\"article__block\" data-type=\"banner\" data-position=\"desktop\">\n<div class=\"banner m-article-body m-article-desktop\" data-position=\"article_desktop_content-1\" data-infinity=\"1\" data-ab=\"c\" data-changed-id=\"adfox_desktop_body_14312665\">\n<div class=\"banner__content\">\n<div id=\"taboola-mid-article-reco-reel-1\" class=\" trc_related_container trc_spotlight_widget trc_elastic trc_elastic_thumbnails-mid-reco \" data-placement-name=\"Mid-article Reco Reel c 1\">\n<div class=\"trc_rbox_container story-widget tbl-story-desktop \">\n<div id=\"trc_wrapper_11780\" class=\"trc_rbox thumbnails-mid-reco trc-content-sponsored \">\n<div id=\"outer_11780\" class=\"trc_rbox_outer\">\n<div id=\"rbox-t2m\" class=\"trc_rbox_div trc_rbox_border_elm\">\n<div id=\"internal_trc_11780\">\n<div class=\"videoCube trc_spotlight_item origin-default thumbnail_top syndicatedItem textItem videoCube_1_child trc-first-recommendation trc-spotlight-first-recommendation trc_excludable\" data-item-id=\"~~V1~~-6853399111034843317~~81ySHF3eNWG-VOpUxa2ycT1FskrvDB9-hlRSslSdpWJFiu7t5aMeQv_OvQ_xsFedK8Bm7FKD2NW1M1BCiW1-kuMDMqg65-jJbi04eURsbtqeHe1S9jo_X4timp5pCZhQ1qPnz8TIp56FGMwGW1REdG7TOXyqEr02lOPYBLNqyRG9dTaOVJqYVU7__Pc-2BPdoU9jAdMDv3S8f9aBj-KPcR1ZsCkEDeu1VO4s1Oe0GwvEFNjT_E1XM1fvLTFhNlEgDuii3ggeE_GhJqw-Lwkg5w\" data-item-title=\"Ortoped na d\u016fchodu prozrazuje tajemstv\u00ed regenerace kloub\u016f\" data-item-thumb=\"https:\/\/tvoje-krasa.cz\/flexafit-health-institute-2-cz\/images\/img-1.jpg\" data-item-syndicated=\"true\">\n<div class=\"thumbBlock_holder\">\n<div class=\"videoCube_aspect\"><\/div>\n<\/div>\n<\/div>\n<\/div>\n<\/div>\n<\/div>\n<\/div>\n<\/div>\n<\/div>\n<\/div>\n<\/div>\n<\/div>\n<div class=\"article__block\" data-type=\"text\">\n<div class=\"article__text\">B\u011bhem deseti let do\u0161lo ve skladech a podnic\u00edch zne\u0161kod\u0148uj\u00edc\u00edch v\u00fdbu\u0161niny a vyr\u00e1b\u011bj\u00edc\u00edch zbran\u011b a st\u0159elivo k n\u011bkolika v\u00fdbuch\u016fm. Ve \u010dty\u0159ech z t\u011bchto p\u0159\u00edpad\u016f zjistili vy\u0161et\u0159ovatel\u00e9 shodu. V n\u011bkter\u00fdch skladech byly uchov\u00e1v\u00e1ny zbran\u011b pro Gruzii a Ukrajinu.<\/div>\n<\/div>\n<div class=\"article__block\" data-type=\"text\">\n<div class=\"article__text\">Rusk\u00fd ministr zahrani\u010d\u00ed\u00a0Sergej Lavrov\u00a0v reakci na prohl\u00e1\u0161en\u00ed Bulharska uvedl, \u017ee Sofie se rozhodla p\u0159etrumfnout \u010cechy.<\/div>\n<\/div>\n<div class=\"article__block\" data-type=\"quote\">\n<div class=\"article__quote\">\n<div class=\"article__quote-bg\">\n<div class=\"article__quote-bg-line\"><\/div>\n<\/div>\n<div class=\"article__quote-text\">\u201eZa posledn\u00edch deset let bulharsk\u00e1 strana bu\u010f nic nev\u011bd\u011bla a teprve te\u010f, pot\u00e9, co v \u010cesku n\u00e1hle zpozorn\u011bli kv\u016fli ud\u00e1lostem z roku 2014, se rozhodla p\u0159etrumfnout i \u010cechy a pod\u00edvat se mnohem hloub\u011bji do historick\u00e9 retrospektivy, nebo o tom v\u0161em v\u011bd\u011bli, ale z n\u011bjak\u00e9ho d\u016fvodu to nezve\u0159ej\u0148ovali,\u201c \u0159ekl Lavrov b\u011bhem tiskov\u00e9 konference po jedn\u00e1n\u00ed s mexick\u00fdm ministrem zahrani\u010d\u00ed.<\/div>\n<div class=\"article__quote-info\">\n<div class=\"elem-info\">\n<div class=\"elem-info__share\">\n<div class=\"share\" data-id=\"14312665\" data-url=\"https:\/\/cz.sputniknews.com\/20210428\/v-bulharsku-znovu-hori-dalsi-sklad-zbrani-a-munice-14312665.html?share-block=14312842\" data-title=\"\u201eZa posledn\u00edch deset let bulharsk\u00e1 strana bu\u010f nic nev\u011bd\u011bla a teprve te\u010f, pot\u00e9, co v \u010cesku n\u00e1hle zpozorn\u011bli kv\u016fli ud\u00e1lostem z roku 2014, se rozhodla p\u0159etrumfnout i \u010cechy a pod\u00edvat se mnohem hloub\u011bji do historick\u00e9 retrospektivy, nebo o tom v\u0161em v\u011bd\u011bli, ale z n\u011bjak\u00e9ho d\u016fvodu to nezve\u0159ej\u0148ovali,\u201c \u0159ekl Lavrov b\u011bhem tiskov\u00e9 konference po jedn\u00e1n\u00ed s mexick\u00fdm ministrem zahrani\u010d\u00ed.\"><\/div>\n<\/div>\n<\/div>\n<\/div>\n<\/div>\n<\/div>\n<div class=\"article__block\" data-type=\"text\">\n<div class=\"article__text\">Dodal, kdy\u017e hovo\u0159il o prohl\u00e1\u0161en\u00edch Bulharska, \u017ee Rusko tak nakonec mohou obvinit i z vra\u017edy arciv\u00e9vody Franti\u0161ka Ferdinanda v roce 1914.<\/div>\n<\/div>\n<div class=\"article__block\" data-type=\"supertag\">\n<div class=\"article__supertag m-bg\">\n<div class=\"article__supertag-overlay\"><\/div>\n<div class=\"article__supertag-desc\">\n<div class=\"article__supertag-title\"><strong>Kauza Vrb\u011btice a vyho\u0161t\u011bn\u00ed rusk\u00fdch diplomat\u016f z \u010ceska<\/strong><\/div>\n<\/div>\n<div class=\"article__supertag-info\">\n<div class=\"elem-info m-light\">\n<div class=\"elem-info__date \" data-unixtime=\"1619633114\"><\/div>\n<div class=\"elem-info__share\">\n<div class=\"share\" data-url=\"https:\/\/cz.sputniknews.com\/kauza-vrbetice-vzhosteni-rusko-diplomati\/\" data-title=\"Kauza Vrb\u011btice a vyho\u0161t\u011bn\u00ed rusk\u00fdch diplomat\u016f z \u010ceska\"><\/div>\n<\/div>\n<\/div>\n<\/div>\n<\/div>\n<\/div>\n<div class=\"article__block\" data-type=\"text\">\n<div class=\"article__text\">Jako prvn\u00ed obvinila Moskvu z \u00fa\u010dasti na incidentech ve skladech zbran\u00ed Praha. \u010cesk\u00e9 \u00fa\u0159ady uvedly, \u017ee rusk\u00e9 tajn\u00e9 slu\u017eby zorganizovaly v roce 2014 v\u00fdbuch v muni\u010dn\u00edm skladu ve Vrb\u011btic\u00edch, a vyhostily zam\u011bstnance rusk\u00e9ho velvyslanectv\u00ed v Praze. To vyvolalo odvetnou akci Ruska, kter\u00e1 n\u00e1sledn\u011b vy\u00fastila v diplomatick\u00fd skand\u00e1l. Z\u00e1rove\u0148 Moskva ozna\u010dila obvin\u011bn\u00ed ze strany Prahy za \u201emarasmatickou p\u0159ehl\u00eddku\u201c.<\/div>\n<\/div>\n<div class=\"article__block\" data-type=\"banner\" data-position=\"2\"><\/div>\n<div class=\"article__block\" data-type=\"text\">\n<div class=\"article__text\">\u010cesk\u00fd prezident Milo\u0161 Zeman z\u00e1rove\u0148 uvedl, \u017ee kontrarozv\u011bdka ho cel\u00fdch \u0161est let neinformovala o podez\u0159en\u00edch t\u00fdkaj\u00edc\u00edch se Moskvy. Jako mo\u017en\u00e9 d\u016fvody incidentu uvedl i nedbalost zam\u011bstnanc\u016f a \u201ehru zahrani\u010dn\u00edch speci\u00e1ln\u00edch slu\u017eeb\u201c.<\/div>\n<div><\/div>\n<\/div>\n<div class=\"article__block\" data-type=\"text\">\n<div class=\"article__text\">Gebrev ji\u017e d\u0159\u00edve p\u0159iznal, \u017ee dod\u00e1val zbran\u011b\u00a0ozbrojen\u00fdm sil\u00e1m Ukrajiny\u00a0b\u011bhem vyost\u0159en\u00e9ho obdob\u00ed konfliktu v Donbasu.<\/div>\n<\/div>\n<\/div>\n<div><\/div>\n<div><a href=\"https:\/\/cz.sputniknews.com\/20210428\/v-bulharsku-znovu-hori-dalsi-sklad-zbrani-a-munice-14312665.html\">ZDROJ<\/a><\/div>\n","protected":false},"excerpt":{"rendered":"<p>V bulharsk\u00e9 zbrojovce Arcus ve m\u011bst\u011b Ljaskovec vznikl po\u017e\u00e1r, uv\u00e1d\u00ed Bulharsk\u00fd n\u00e1rodn\u00ed rozhlas (BNR). Sign\u00e1l&#8230;<\/p>\n","protected":false},"author":2,"featured_media":1216,"comment_status":"closed","ping_status":"closed","sticky":false,"template":"","format":"standard","meta":[],"categories":[7],"tags":[190,76,145],"_links":{"self":[{"href":"https:\/\/www.infokuryr.cz\/n\/wp-json\/wp\/v2\/posts\/1215"}],"collection":[{"href":"https:\/\/www.infokuryr.cz\/n\/wp-json\/wp\/v2\/posts"}],"about":[{"href":"https:\/\/www.infokuryr.cz\/n\/wp-json\/wp\/v2\/types\/post"}],"author":[{"embeddable":true,"href":"https:\/\/www.infokuryr.cz\/n\/wp-json\/wp\/v2\/users\/2"}],"replies":[{"embeddable":true,"href":"https:\/\/www.infokuryr.cz\/n\/wp-json\/wp\/v2\/comments?post=1215"}],"version-history":[{"count":0,"href":"https:\/\/www.infokuryr.cz\/n\/wp-json\/wp\/v2\/posts\/1215\/revisions"}],"wp:featuredmedia":[{"embeddable":true,"href":"https:\/\/www.infokuryr.cz\/n\/wp-json\/wp\/v2\/media\/1216"}],"wp:attachment":[{"href":"https:\/\/www.infokuryr.cz\/n\/wp-json\/wp\/v2\/media?parent=1215"}],"wp:term":[{"taxonomy":"category","embeddable":true,"href":"https:\/\/www.infokuryr.cz\/n\/wp-json\/wp\/v2\/categories?post=1215"},{"taxonomy":"post_tag","embeddable":true,"href":"https:\/\/www.infokuryr.cz\/n\/wp-json\/wp\/v2\/tags?post=1215"}],"curies":[{"name":"wp","href":"https:\/\/api.w.org\/{rel}","templated":true}]}}