{"id":12148,"date":"2022-07-07T01:03:40","date_gmt":"2022-07-06T23:03:40","guid":{"rendered":"http:\/\/www.infokuryr.cz\/n\/?p=12148"},"modified":"2022-07-06T19:54:25","modified_gmt":"2022-07-06T17:54:25","slug":"soros-chce-zachranit-demokracii-v-usa","status":"publish","type":"post","link":"https:\/\/www.infokuryr.cz\/n\/2022\/07\/07\/soros-chce-zachranit-demokracii-v-usa\/","title":{"rendered":"Soros chce \u201ezachr\u00e1nit\u201c demokracii v USA"},"content":{"rendered":"<div id=\"fb-root\"><\/div>\n<p><strong>Burzovn\u00ed spekulant a kontroverzn\u00ed miliard\u00e1\u0159 George Soros chce v listopadu drtiv\u00e9 v\u00edt\u011bzstv\u00ed demokrat\u016f v takzvan\u00fdch \u201emidterms\u201c. Republik\u00e1ni by \u201eza\u00fato\u010dili na demokratick\u00fd syst\u00e9m ze v\u0161ech stran\u201c, uvedl Soros ve sv\u00e9m stanovisku.<\/strong><\/p>\n<p><span>Nejvy\u0161\u0161\u00ed soud USA a Republik\u00e1nsk\u00e1 strana Donalda Trumpa p\u0159edstavuj\u00ed pro USA v\u011bt\u0161\u00ed hrozbu ne\u017e Rusko a \u010c\u00edna a mus\u00ed b\u00fdt pora\u017eeny v\u0161emi nezbytn\u00fdmi prost\u0159edky, jak uvedl megasponzor demokrat\u016f George Soros v prohl\u00e1\u0161en\u00ed ze 4. \u010dervence .<\/span><\/p>\n<p><span>91let\u00fd Soros \u010dasto volal po zm\u011bn\u011b re\u017eimu v \u010c\u00edn\u011b a v sou\u010dasn\u00e9m ukrajinsk\u00e9m konfliktu po rychl\u00e9m v\u00edt\u011bzstv\u00ed nad Ruskem.\u00a0Ve sv\u00e9m nejnov\u011bj\u0161\u00edm stanovisku popsal ob\u011b zem\u011b jako \u201erepresivn\u00ed re\u017eimy\u201c, kter\u00e9 \u201echt\u011bj\u00ed sv\u011btu vnutit autokratickou formu vl\u00e1dy\u201c.\u00a0Daleko v\u011bt\u0161\u00ed hrozbu pro USA v\u0161ak p\u0159edstavuj\u00ed \u201evnit\u0159n\u00ed nep\u0159\u00e1tel\u00e9 demokracie\u201c, mezi kter\u00e9 pat\u0159\u00ed \u201esou\u010dasn\u00fd Nejvy\u0161\u0161\u00ed soud, kter\u00e9mu dominuj\u00ed pravicov\u00ed extremist\u00e9 a Republik\u00e1nsk\u00e1 strana Donalda Trumpa\u201c, kter\u00e1 je tam dosadila.<\/span><\/p>\n<p><span>Podobn\u011b jako prezident Joe Biden, Soros odsoudil Nejvy\u0161\u0161\u00ed soud za rozsudek Dobbs z minul\u00e9ho m\u011bs\u00edce, kter\u00fd vytvo\u0159il precedens Roe v.\u00a0Wade zru\u0161ena v roce 1973.\u00a0\u0158ekl, \u017ee logika rozsudku ohrozila dal\u0161\u00ed pr\u00e1va uznan\u00e1 podle 14. dodatku, \u201ev\u010detn\u011b pr\u00e1va na antikoncepci, man\u017eelstv\u00ed osob stejn\u00e9ho pohlav\u00ed a pr\u00e1va LGBTQ\u201c, ale tak\u00e9 potenci\u00e1ln\u011b mezirasov\u00e1 man\u017eelstv\u00ed.<\/span><\/p>\n<p><span>&#8222;Je tak\u00e9 jasn\u00e9, \u017ee tento soud m\u00e1 v \u00famyslu zah\u00e1jit front\u00e1ln\u00ed \u00fatok na v\u00fdkonnou moc,&#8220; \u0159ekl Soros.\u00a0Miliard\u00e1\u0159 se odvol\u00e1val na rozhodnut\u00ed Agentury pro ochranu \u017eivotn\u00edho prost\u0159ed\u00ed, vlastnictv\u00ed zbran\u00ed a p\u0159erozd\u011blov\u00e1n\u00ed okres\u016f.\u00a0Spole\u010dn\u00fdm jmenovatelem ned\u00e1vn\u00fdch rozsudk\u016f soudu je \u201epodpora v\u011bc\u00ed prosazovan\u00fdch Trumpovou Republik\u00e1nskou stranou a oslaben\u00ed nebo z\u00e1kaz v\u011bc\u00ed up\u0159ednost\u0148ovan\u00fdch Demokratickou stranou\u201c.<\/span><\/p>\n<p><span style=\"font-size: 18pt;\"><strong>\u201eP\u0159e\u017eit\u00ed demokracie v USA v\u00e1\u017en\u011b ohro\u017eeno\u201c<\/strong><\/span><\/p>\n<p><span>Dobbs\u016fv rozsudek byl \u201esou\u010d\u00e1st\u00ed pe\u010dliv\u011b vytvo\u0159en\u00e9ho pl\u00e1nu prom\u011bnit Spojen\u00e9 st\u00e1ty v represivn\u00ed re\u017eim\u201c a jedin\u00fd zp\u016fsob, jak jej zastavit, bude \u201esvrhnout Republik\u00e1nskou stranu drtiv\u00fdm v\u00edt\u011bzstv\u00edm.\u201c Demokrat\u00e9 v sou\u010dasnosti ovl\u00e1daj\u00ed B\u00edl\u00fd d\u016fm a ob\u011b komory Kongresu.<\/span><\/p>\n<p><span>Republik\u00e1ni \u201e\u00fato\u010d\u00ed na n\u00e1\u0161 demokratick\u00fd syst\u00e9m ze v\u0161ech stran,\u201c napsal Soros a obvinil stranu, \u017ee zaplnila jak Nejvy\u0161\u0161\u00ed soud, tak mnoho ni\u017e\u0161\u00edch soud\u016f \u201eextr\u00e9mistick\u00fdmi soudci\u201c a schv\u00e1lila legislativu, kter\u00e1 \u201evelmi zt\u011b\u017euje hlasov\u00e1n\u00ed\u201c a \u201eusnad\u0148uje rozvracen\u00ed volebn\u00ed syst\u00e9m\u201c.<\/span><\/p>\n<p><span>&#8222;P\u0159e\u017eit\u00ed demokracie v USA je v\u00e1\u017en\u011b ohro\u017eeno,&#8220; uzav\u0159el Soros a dodal, \u017ee &#8222;mus\u00edme ud\u011blat v\u0161e, co je v na\u0161ich sil\u00e1ch, abychom tomu zabr\u00e1nili,&#8220; v\u010detn\u011b osloven\u00ed n\u011bkter\u00fdch republik\u00e1n\u016f, kte\u0159\u00ed volili Trumpa ve volb\u00e1ch v roce 2020. Jde o \u201eobnovu funguj\u00edc\u00edho politick\u00e9ho syst\u00e9mu dvou stran, kter\u00fd je j\u00e1drem americk\u00e9 demokracie\u201c.<\/span><\/p>\n<p><span>Miliard\u00e1\u0159 ma\u010farsk\u00e9ho p\u016fvodu investoval miliony do podpory demokrat\u016f, od nadch\u00e1zej\u00edc\u00edch celost\u00e1tn\u00edch voleb v polovin\u011b obdob\u00ed a\u017e po volby okresn\u00edch prokur\u00e1tor\u016f v kl\u00ed\u010dov\u00fdch soudn\u00edch okresech. Z\u00e1rove\u0148 tento mezin\u00e1rodn\u00ed zlo\u010dinec se pod\u00edlel na svr\u017een\u00fd mnoha vl\u00e1d\u00a0 v r\u016fzn\u00fdch\u00a0zem\u00edch.\u00a0<\/span><\/p>\n<p><img decoding=\"async\" loading=\"lazy\" class=\"alignnone size-full wp-image-1185\" src=\"http:\/\/www.infokuryr.cz\/n\/wp-content\/uploads\/2021\/04\/kuryr-podpis.png\" alt=\"\" width=\"84\" height=\"24\" \/><\/p>\n<p>&nbsp;<\/p>\n","protected":false},"excerpt":{"rendered":"<p>Burzovn\u00ed spekulant a kontroverzn\u00ed miliard\u00e1\u0159 George Soros chce v listopadu drtiv\u00e9 v\u00edt\u011bzstv\u00ed demokrat\u016f v takzvan\u00fdch&#8230;<\/p>\n","protected":false},"author":2,"featured_media":7986,"comment_status":"closed","ping_status":"closed","sticky":false,"template":"","format":"standard","meta":[],"categories":[7],"tags":[1534,37,27],"_links":{"self":[{"href":"https:\/\/www.infokuryr.cz\/n\/wp-json\/wp\/v2\/posts\/12148"}],"collection":[{"href":"https:\/\/www.infokuryr.cz\/n\/wp-json\/wp\/v2\/posts"}],"about":[{"href":"https:\/\/www.infokuryr.cz\/n\/wp-json\/wp\/v2\/types\/post"}],"author":[{"embeddable":true,"href":"https:\/\/www.infokuryr.cz\/n\/wp-json\/wp\/v2\/users\/2"}],"replies":[{"embeddable":true,"href":"https:\/\/www.infokuryr.cz\/n\/wp-json\/wp\/v2\/comments?post=12148"}],"version-history":[{"count":0,"href":"https:\/\/www.infokuryr.cz\/n\/wp-json\/wp\/v2\/posts\/12148\/revisions"}],"wp:featuredmedia":[{"embeddable":true,"href":"https:\/\/www.infokuryr.cz\/n\/wp-json\/wp\/v2\/media\/7986"}],"wp:attachment":[{"href":"https:\/\/www.infokuryr.cz\/n\/wp-json\/wp\/v2\/media?parent=12148"}],"wp:term":[{"taxonomy":"category","embeddable":true,"href":"https:\/\/www.infokuryr.cz\/n\/wp-json\/wp\/v2\/categories?post=12148"},{"taxonomy":"post_tag","embeddable":true,"href":"https:\/\/www.infokuryr.cz\/n\/wp-json\/wp\/v2\/tags?post=12148"}],"curies":[{"name":"wp","href":"https:\/\/api.w.org\/{rel}","templated":true}]}}