{"id":12127,"date":"2022-07-06T04:32:52","date_gmt":"2022-07-06T02:32:52","guid":{"rendered":"http:\/\/www.infokuryr.cz\/n\/?p=12127"},"modified":"2022-07-06T04:32:52","modified_gmt":"2022-07-06T02:32:52","slug":"jan-campbell-gangsteri-a-horlivi-zalobci-2","status":"publish","type":"post","link":"https:\/\/www.infokuryr.cz\/n\/2022\/07\/06\/jan-campbell-gangsteri-a-horlivi-zalobci-2\/","title":{"rendered":"Jan Campbell: Gangste\u0159i a horliv\u00ed \u017ealobci (2)"},"content":{"rendered":"<div id=\"fb-root\"><\/div>\n<p>Ji\u0159\u00ed Paroubek ve sv\u00e9m koment\u00e1\u0159i k\u00a0sou\u010dasn\u00e9 af\u00e9\u0159e DPP (Dopravn\u00edho podniku Praha) 30. \u010dervna 2022 nazvan\u00e9m &#8211; Kauza Hlubu\u010dek, Redl a spol. metastazuje, napsal: \u201e<em>To, \u017ee tu a tam rezignuj\u00ed, kv\u016fli propojen\u00ed s gangem, zasahuj\u00edc\u00edm podle v\u0161eho celou pra\u017eskou politiku i p\u0159edstavitel\u00e9 zastupitelstev z r\u016fzn\u00fdch m\u011bstsk\u00fdch \u010d\u00e1st\u00ed Prahy, ukazuje, jak jsou chapadla zlo\u010dineck\u00e9 chobotnice rozs\u00e1hl\u00e1.<\/em><\/p>\n<p><em>Zd\u00e1 se, \u017ee cel\u00e1 v\u011bc sm\u011b\u0159uje rovn\u011b\u017e k dal\u0161\u00edmu, tentokr\u00e1t v\u011bt\u0161\u00edmu jm\u00e9nu, kter\u00fdm je Ji\u0159\u00ed Posp\u00ed\u0161il (aspo\u0148 to intenzivn\u011b nazna\u010duj\u00ed Pir\u00e1ti)\u2026N\u011bkter\u00e9 Posp\u00ed\u0161ilovy argumenty z posledn\u00edch dn\u016f jdou ov\u0161em a\u017e za hranici slu\u0161nosti. Ba, jsou p\u0159\u00edmo nestoudn\u00e9. Posp\u00ed\u0161il p\u0159ipom\u00edn\u00e1 kauzu Budi\u0161ov, kterou vykonstruoval n\u011bkdej\u0161\u00ed tzv. elitn\u00ed \u00fatvar policie plk. Kubiceho (\u00daOOZ).<\/em> <em>\u00daOOZ kr\u00e1tce p\u0159ed komun\u00e1ln\u00edmi a sen\u00e1tn\u00edmi volbami pozat\u00fdkal \u00fadajnou zlo\u010dineckou skupinu, vedenou n\u011bkdej\u0161\u00edm starostou Budi\u0161ova, P\u00e9\u0165ou.<\/em> <em>Ne\u0161t\u011bst\u00edm pana starosty bylo, \u017ee byl \u00fasp\u011b\u0161n\u00fdm starostou Budi\u0161ova za \u010cSSD\u2026\u201c<\/em><\/p>\n<p>Kr\u00e1tk\u00fd cit\u00e1t z\u00a0ex-premi\u00e9rova p\u0159\u00edsp\u011bvku p\u0159\u00edmo a nep\u0159\u00edmo potvrzuje z\u00e1kulis\u00ed prvn\u00ed \u010d\u00e1sti p\u0159\u00edsp\u011bvku na pokra\u010dov\u00e1n\u00ed &#8211; Gangste\u0159i a horliv\u00ed \u017ealobci. Kauza, v\u00a0policejn\u00edm ozna\u010den\u00ed p\u0159\u00edpad Dozimetr, metast\u00e1zuje ve st\u00ednu letn\u00edho slunce, pr\u00e1zdnin a inflace a p\u0159inese v\u010das p\u0159ed komun\u00e1ln\u00edmi a sen\u00e1tn\u00edmi volbami pot\u0159ebnou z\u00e1bavu. Ta je nutn\u00e1 k\u00a0odvle\u010den\u00ed pozornosti ob\u010dan\u016f od p\u0159\u00ed\u010diny p\u0159\u00ed\u010din z\u00e1kladn\u00ed kauzy DPP, jej\u00edho ne posledn\u00edho aktu, ve kter\u00e9m vstoupili na sc\u00e9nu Hlubu\u010dek, Redl, Dovhomilija a dal\u0161\u00ed a tak\u00e9 z\u00e1jmu redakce Seznam hovo\u0159it s\u00a0panem ing. Martinem Dvo\u0159\u00e1kem. Tento b\u00fdval\u00fd \u0159editel DPP a v\u0161ichni dal\u0161\u00ed obvin\u011bn\u00ed, celkem 17\u00a0 byli po deseti letech pravomocn\u011b zpro\u0161t\u011bni viny, rozsudkem M\u011bstsk\u00e9ho soudu v\u00a0Praze v\u00a0rozsahu 233 stran A4, \u010d.j. 47 T 7\/2017 zde dne 27. listopadu 2020 a zam\u00edtnut\u00edm odvol\u00e1n\u00ed st\u00e1tn\u00edho z\u00e1stupce v\u00a0rozsahu 36 stran A4, \u010d.j. 4 To 38\/2021 ze dne 1. z\u00e1\u0159\u00ed 2021. V\u0161em obvin\u011bn\u00fdm, krom\u011b DPP doporu\u010duji ml\u010det, ned\u00e1vat \u017e\u00e1dn\u00e9 odpov\u011bdi na ot\u00e1zky redaktor\u016f, dokud by oni nep\u0159i\u0161li nebo akceptovat interview, minim\u00e1ln\u011b do t\u00e9 doby, ne\u017e DPP s\u00a0nov\u00fdm veden\u00edm vysv\u011btl\u00ed a dokument\u00e1rn\u011b dolo\u017e\u00ed mj. nav\u00fd\u0161en\u00ed po\u017eadovan\u00e9 finan\u010dn\u00ed podpory v\u00a0posledn\u00edch letech ve v\u00fd\u0161i cca 3,9 miliardy K\u010d ro\u010dn\u011b.<\/p>\n<p><span style=\"font-size: 18pt;\"><strong>Z modern\u00ed historie kauzy DPP<\/strong><\/span><\/p>\n<p>Pro zpest\u0159en\u00ed textu, pou\u010den\u00ed a kritick\u00e9 hodnocen\u00ed nov\u00e9 kauzy nab\u00edz\u00edm t\u0159i cit\u00e1ty. Prvn\u00ed je z pas\u00e1\u017ee &#8211; Prokur\u00e1torova nespr\u00e1vn\u00e1 kvalifikace skutk\u016f &#8211; z\u00a0doslovn\u00e9ho p\u0159episu z\u00e1znamu z\u00a0vyhl\u00e1\u0161en\u00ed rozhodnut\u00ed Vrchn\u00edho soudu Praha ze dne 1. z\u00e1\u0159\u00ed 2021: \u201e<em>To se zejm\u00e9na t\u00fdk\u00e1 ve vztahu, \u017ee se pan ob\u017ealovan\u00fd st\u00e1tn\u00ed z\u00e1stupce st\u00e1le dom\u00e1hal, aby jedn\u00e1n\u00ed ob\u017ealovan\u00e9ho \u0160tiky a zejm\u00e9na ob\u017ealovan\u00e9ho ing. Dvo\u0159\u00e1ka bylo posouzeno jako trestn\u00ed \u010din zpronev\u011bry a mimo jin\u00e9 se op\u00edral v\u00a0r\u00e1mci sv\u00e9ho odvol\u00e1n\u00ed o rozhodnut\u00ed nevy\u0161\u0161\u00edho soudu 3 TDO 1742\/2016. Tohle to rozhodnut\u00ed rozhodn\u011b na jedn\u00e1n\u00ed obou ob\u017ealovan\u00fdch n\u011bkdej\u0161\u00edch p\u0159edstavitel\u016f dopravn\u00edho podniku absolutn\u011b nelze aplikovat u\u017e jenom proto z\u00a0toho d\u016fvodu, \u017ee v\u00a0tomto p\u0159\u00edpad\u011b, kter\u00fd \u0159e\u0161il Nejvy\u0161\u0161\u00ed soud, \u0161lo o finan\u010dn\u00edho \u0159editele, kter\u00fd kdy\u017e to \u0159eknu velice laicky, kradl pen\u00edze z\u00a0pokladny a z\u00a0\u00fa\u010dtu spole\u010dnosti, kterou \u0159\u00eddil. Pros\u00edm v\u00e1s, takov\u00e9to skute\u010dnosti ani ve vztahu k\u00a0panu ob\u017ealovan\u00e9mu \u0160tikovi ani ob\u017ealovan\u00e9mu in\u017een\u00fdrovi Dvo\u0159\u00e1kovi nebyly v\u016fbec zji\u0161t\u011bny.\u201c<\/em><\/p>\n<p>Druh\u00fd se t\u00fdk\u00e1 pas\u00e1\u017ee &#8211; Zaplevelen\u00fd spis. V n\u00ed soud konstatuje: \u201e&#8230;<em>J\u00e1 chci jenom uv\u00e9st, \u017ee tento spis je doslova a do p\u00edsmene zaplevelen \u0159adou d\u016fkaz\u016f, kter\u00e9 jsou v\u00a0t\u00e9to v\u011bci naprosto nepodstatn\u00e9. Ono to toti\u017e skutkov\u011b nen\u00ed p\u0159\u00edli\u0161 slo\u017eit\u00e1 v\u011bc a jde sp\u00ed\u0161 o jej\u00ed pr\u00e1vn\u00ed posouzen\u00ed. A up\u0159\u00edmn\u011b \u0159e\u010deno org\u00e1ny \u010dinn\u00e9 v\u00a0p\u0159\u00edpravn\u00e9m \u0159\u00edzen\u00ed se sp\u00ed\u0161 m\u011bly, kdyby se zam\u011b\u0159ily na existenci zdrojov\u00e9 trestn\u00e9 \u010dinnosti, tak si mohli odpustit zaplevelen\u00ed spisu d\u016fkazy, kter\u00e9 se vztahuj\u00ed pouze k\u00a0tzv. legalizaci. Pokud tohle nen\u00ed prok\u00e1zan\u00e1 zdrojov\u00e1 trestn\u00e1 \u010dinnost, tak hovo\u0159it o n\u011bjak\u00e9 legalizaci, kter\u00e1 je v\u00fdslovn\u011b z\u00e1visl\u00e1 na existenci zdrojov\u00e9 trestn\u00e9 \u010dinnosti je naprosto bezp\u0159edm\u011btn\u00e9\u2026Kam \u0161ly potom pen\u00edze od pana Kmet\u011b z\u00a0Cokeville Assets za situace, kdy neexistuje zdroj trestn\u00e9 \u010dinnosti je n\u00e1m up\u0159\u00edmn\u011b \u0159e\u010deno dneska \u00fapln\u011b jedno, jestli je dost\u00e1val pan Rittig do Dubaje nebo do Monaka. Nem\u00e1 to v\u00fdznam, pokud dosp\u011bjeme k\u00a0z\u00e1v\u011bru, \u017ee p\u016fvod t\u011bchto pen\u011bz nepoch\u00e1z\u00ed z\u00a0trestn\u00e9 \u010dinnosti. Nebylo prok\u00e1z\u00e1no mimo jin\u00e9 ani protipr\u00e1vn\u00ed jedn\u00e1n\u00ed ve vztahu mezi Neographem, Dopravn\u00edm podnikem, ale ani mezi Cokeville Assets a Neographem. \u201c<\/em><\/p>\n<p>T\u0159et\u00ed cit\u00e1t, perli\u010dka, poch\u00e1z\u00ed z\u00a0v\u00fdtky k\u00a0obsahu odvol\u00e1n\u00ed st\u00e1tn\u00edho z\u00e1stupce: \u201e<em>V\u00a0tomto p\u0159\u00edpad\u011b jenom konstatuji, \u017ee obsah odvol\u00e1n\u00ed st\u00e1tn\u00edho z\u00e1stupce, pokud jsou nam\u00edt\u00e1ny i chyby tohoto rozsahu je p\u0159\u00edmo v\u00a0rozporu s\u00a0jednou ze z\u00e1sad fiat justicia perat mundus. To znamen\u00e1 lidov\u011b \u0159e\u010deno, a\u0165 se napln\u00ed spravedlnost, i kdyby m\u011bl zhynout cel\u00e1 sv\u011bt. Kdybychom takhle m\u011bli posuzovat odb\u011bratelsko-dodavatelsk\u00e9 vztahy tak se ob\u00e1v\u00e1m, \u017ee na svobod\u011b p\u0159\u00edli\u0161 \u00fapln\u011b lid\u00ed nez\u016fstane\u2026Za t\u00e9to situace jsme se pln\u011b ztoto\u017enili se z\u00e1v\u011bry nal\u00e9zac\u00edho soudu. Odvol\u00e1n\u00ed tud\u00ed\u017e pana st\u00e1tn\u00edho z\u00e1stupce bylo posouzeno jako ned\u016fvodn\u00e9 a jako takov\u00e9 bylo odm\u00edtnuto, kdy\u017e jsme se od po\u010d\u00e1tku sv\u00e9ho od\u016fvodn\u011bn\u00ed vyj\u00e1d\u0159ili, pro\u010d byla zam\u00edtnuta odvol\u00e1n\u00ed obou po\u0161kozen\u00fdch subjekt\u016f\u2026Proti na\u0161emu usnesen\u00ed nen\u00ed \u017e\u00e1dn\u00fd opravn\u00fd prost\u0159edek.\u201c<\/em><\/p>\n<p><span style=\"font-size: 18pt;\"><strong>Byl jsem \u010dlenem zlo\u010dineck\u00e9 organizace<\/strong><\/span><\/p>\n<p>Takov\u00e9 p\u0159izn\u00e1n\u00ed nikdy nezazn\u011blo (s v\u00fdjimkou spolupracuj\u00edc\u00edho obvin\u011bn\u00e9ho Kubisky) od nikoho v\u00a0kauze DPP s\u00a0hlavn\u00edmi obvin\u011bn\u00fdmi ing. Dvo\u0159\u00e1kem, ing. \u0160tika &amp; Co. V\u00a0nov\u00e9 kauze DPP p\u0159izn\u00e1n\u00ed a sv\u011bdectv\u00ed podnikatele Pavla Dovhomilji m\u016f\u017ee b\u00fdt pro p\u0159\u00edpad Dozimetr zlomov\u00e9. To i proto, \u017ee od zve\u0159ejn\u011bn\u00ed kauzy ho policie ozna\u010dila za \u010dlena neju\u017e\u0161\u00edho veden\u00ed st\u00edhan\u00e9ho spolku, proto\u017ee pr\u00fd m\u00e1 detailn\u00ed vhled do toho, jak se vy\u0161et\u0159ovan\u00e9 skutky odehr\u00e1ly.<\/p>\n<p>\u010cty\u0159icetilet\u00fd Pavel Dovhomilja, zn\u00e1m\u00fd svoj\u00ed slabosti k\u00a0italsk\u00e9 m\u00f3dn\u00ed zna\u010dce Gucci, a proto i tak naz\u00fdvan\u00fd, umo\u017enil je\u0161t\u011b p\u0159ed odchodem na polici k\u00a0v\u00fdslechu, hned po n\u00e1vratu do \u010cR z\u00a0Chorvatska n\u011bkolikahodinov\u00fd rozhovor Seznamu. V n\u011bm popsal, jak se stal \u010dlenem <em>zlo\u010dineck\u00e9 skupiny<\/em> a jak vlastn\u011b fungovala a mj. \u0159ekl: \u201e<em>Ano, byl jsem \u010dlenem zlo\u010dineck\u00e9 organizace, jak to p\u00ed\u0161\u00ed v tom sd\u011blen\u00ed obvin\u011bn\u00ed. A to j\u00e1 vn\u00edm\u00e1m jako svoje pochyben\u00ed, tohle jsem m\u011bl vyhodnotit jinak a nem\u011bl jsem do toho j\u00edt. Ka\u017ed\u00fd tam m\u011bl n\u011bjakou oblast a v n\u00ed se sna\u017eil vytvo\u0159it byznys\u2026Ty p\u0159ezd\u00edvky vymyslel Ma\u0165o (Mat\u011bj August\u00edn, b\u00fdval\u00fd finan\u010dn\u00ed \u0159editel dopravn\u00edho podniku), Petr Hlubu\u010dek byl kup\u0159\u00edkladu \u201aSlepi\u010d\u00e1k\u2018 podle toho, \u017ee choval slepice.\u201c<\/em> Ka\u017ed\u00fd \u010dlen tajn\u00e9ho spolku m\u011bl nejenom p\u0159ezd\u00edvku, ale i svou jedine\u010dnou roli. Ji\u017e z\u00a0toho m\u00e1la ve\u0159ejn\u011b zn\u00e1m\u00e9ho lze dovodit, \u017ee policist\u00e9 nerozkryli celou skupinu. Ve sv\u011bdectv\u00ed padaj\u00ed dal\u0161\u00ed konkr\u00e9tn\u00ed jm\u00e9na person, kter\u00e1 na soupisu obvin\u011bn\u00fdch dosud chyb\u00ed. A v\u00a0tom vid\u00edm \u010d\u00e1st komplexn\u00edho probl\u00e9mu. Jeho pozad\u00ed, tj. minulost, nab\u00edz\u00ed srovn\u00e1n\u00ed se sou\u010dasnou situac\u00ed, kterou mj. tvo\u0159\u00ed a charakterizuj\u00ed osobnosti, kter\u00e9 konali i tenkr\u00e1t.<\/p>\n<p><span style=\"font-size: 18pt;\"><strong>P\u00e1d vl\u00e1dy Petra Ne\u010dase<\/strong><\/span><\/p>\n<p>Retrospektivn\u011b lze dok\u00e1zat, \u017ee p\u00e1d vl\u00e1dy Petra Ne\u010dase odstartovaly aktivity velvyslanectv\u00ed USA v Praze jako reakce na rozhodnut\u00ed premi\u00e9ra, \u017ee dostavba jadern\u00e9 elektr\u00e1rny Temel\u00edn mus\u00ed prob\u011bhnout \u010dist\u011b, tedy na z\u00e1klad\u011b ekonomick\u00e9 v\u00fdhodnosti pro \u010ceskou republiku a nikoliv na z\u00e1klad\u011b z\u00e1kulisn\u00edch dohod a lobbistick\u00fdch vztah\u016f. Ji\u017e tenkr\u00e1t Westinghouse automaticky po\u010d\u00edtal s t\u00edm, \u017ee v tendru o dostavbu Temel\u00edna zv\u00edt\u011bz\u00ed kv\u016fli tomu, \u017ee oni jsou Ameri\u010dan\u00e9 a spojenci \u010cR v NATO, zat\u00edmco Rusk\u00e1 federace je (pro USA) nep\u0159\u00edtel.<\/p>\n<p>\u0160ok p\u0159i\u0161el koncem kv\u011btna, kdy Petr Ne\u010das p\u0159i st\u00e1tn\u00ed n\u00e1v\u0161t\u011bv\u011b v Moskv\u011b, kde se setkal i s\u00a0Vladimirem Putinem, uvedl naprosto bez jak\u00fdchkoliv skrupul\u00ed, \u017ee \u010desko-rusk\u00e9 konsorcium Atomstrojexport m\u00e1 nejlep\u0161\u00ed p\u0159edpoklady k tomu, aby vyhr\u00e1lo tendr na Temel\u00edn. Reakce americk\u00e9 strany p\u0159i\u0161la okam\u017eit\u011b, ale ne p\u0159\u00edmo: Bakalovy Hospod\u00e1\u0159sk\u00e9 noviny a jejich internetov\u00fd deriv\u00e1t iHned.cz uvedly zdrcuj\u00edc\u00ed koment\u00e1\u0159, \u017ee \u201e<em>Petr Ne\u010das p\u0159ed pravdou up\u0159ednostnil rad\u011bji rusk\u00fd trh pro \u010desk\u00e9 firmy<\/em>.\u201c<\/p>\n<p>Velvyslanectv\u00ed USA v\u00a0Praze s\u00a0p\u0159edpokl\u00e1dan\u00fdm souhlasem CIA aktivizovalo po Ne\u010dasov\u011b n\u00e1v\u0161t\u011bv\u011b v Moskv\u011b st\u00e1tn\u00ed zastupitelstv\u00ed a za oce\u00e1n nasm\u011brovanou st\u00e1tn\u00ed z\u00e1stupkyni Lenku Brad\u00e1\u010dovou. Dnes lze tvrdit, \u017ee s\u00a0pravd\u011bpodobnost\u00ed hrani\u010d\u00edc\u00ed s\u00a0jistotou navrhnut\u00fd p\u00e1d Ne\u010dasova kabinetu p\u0159edstavoval nebezpe\u010dnou akci, na jej\u00edm\u017e konci mohl b\u00fdt re\u00e1ln\u011b i krimin\u00e1l za pokus o st\u00e1tn\u00ed p\u0159evrat. Jinak nelze p\u0159esv\u011bd\u010div\u011b vysv\u011btlit, pro\u010d se Lenka Brad\u00e1\u010dov\u00e1 rozhodla, \u017ee \u0159\u00edzen\u00ed kauzy Nagyov\u00e1, bude p\u0159esunuto z Prahy do Olomouce k ruk\u00e1m st\u00e1tn\u00edho z\u00e1stupce Ivo I\u0161tv\u00e1na.<\/p>\n<p>Ivo I\u0161tv\u00e1n musel b\u00fdt zd\u011b\u0161en. Velkolep\u00fd z\u00e1tah v \u010dervnu 2013 a n\u00e1sledn\u00e1 tiskov\u00e1 konference olomouck\u00fdch st\u00e1tn\u00edch z\u00e1stupc\u016f a policist\u016f z elitn\u00edho \u00datvaru pro odhalov\u00e1n\u00ed organizovan\u00e9ho zlo\u010dinu vzbudily o\u010dek\u00e1v\u00e1n\u00ed, kter\u00e1, kdo zn\u00e1 prost\u0159ed\u00ed a jak to v\u00a0n\u011bm funguje, ne\u0161la splnit. I\u0161tv\u00e1n to musel poznat ihned pot\u00e9, co mu t\u00e9m\u011b\u0159 celou jednu \u010d\u00e1st p\u0159\u00edpadu (\u00fadajn\u00e9 korupce poslanc\u016f) Nejvy\u0161\u0161\u00ed soud poslal k ledu, pravda rozhodnut\u00edm, kter\u00e9 asi \u010dekal m\u00e1lokdo. O nalezen\u00fdch stamilionech a tun\u00e1ch zlata se dnes v\u016fbec nemluv\u00ed, mafie, na ni\u017e m\u011bl \u00fatok m\u00ed\u0159it, z\u016fst\u00e1v\u00e1 bez v\u00fdrazn\u011bj\u0161\u00edch ztr\u00e1t, pokud m\u011b\u0159\u00edme alespo\u0148 po\u010dtem obvin\u011bn\u00ed a pravomocn\u00fdch rozsudk\u016f. V\u00edme ale, \u017ee z\u00e1sah v \u010dervnu 2013 ukon\u010dil existenci jedn\u00e9 vl\u00e1dy a jednu \u010d\u00e1st politick\u00e9ho syst\u00e9mu. V\u00a0kontextu uveden\u00e9ho se nab\u00edz\u00ed pro ob\u010dana mj. v\u011bd\u011bt, \u017ee nejvy\u0161\u0161\u00edho st\u00e1tn\u00edho z\u00e1stupce m\u016f\u017ee vl\u00e1da odvolat bez d\u016fvod\u016f, kdykoliv se j\u00ed bude cht\u00edt. Proto nelze mluvit od v\u00fdlu\u010dn\u00e9 odpov\u011bdnosti Iva I\u0161tv\u00e1na, kter\u00fd bohu\u017eel dodal ten rozhoduj\u00edc\u00ed argument.<\/p>\n<p><span style=\"font-size: 18pt;\"><strong>Mecen\u00e1\u0161 Karel Jane\u010dek <\/strong><\/span><\/p>\n<p>Nada\u010dn\u00ed fond proti korupci, kter\u00fd mecen\u00e1\u0161 zalo\u017eil, s\u00a0pravd\u011bpodobnost\u00ed hrani\u010d\u00edc\u00ed s\u00a0jistotou spolupracuje s\u00a0velvyslanectv\u00edm USA. Samotn\u00fd Karel Jane\u010dek je mnoh\u00fdmi \u010desk\u00fdmi ob\u010dany podez\u00edr\u00e1n, \u017ee je aktivn\u00edm oper\u00e1torem CIA, pro kterou pere pen\u00edze skrze sv\u016fj <em>geni\u00e1ln\u00ed po\u010d\u00edta\u010dov\u00fd program. <\/em>Ten charakterizuje automatizace brokersk\u00fdch objedn\u00e1vek na akciov\u00fdch trz\u00edch. Syst\u00e9m ve zjednodu\u0161en\u00e9 definici funguje tak, \u017ee po\u010d\u00edta\u010de sleduj\u00ed v\u00fdvoj nab\u00eddek a popt\u00e1vek jednotliv\u00fdch titul\u016f a vyu\u017e\u00edvaj\u00ed syst\u00e9m reakce trhu na n\u00e1kup. Po ka\u017ed\u00e9m n\u00e1kupu trh zareaguje pos\u00edlen\u00edm ceny, co\u017e syst\u00e9m vyu\u017eije k okam\u017eit\u00e9mu prodeji titulu za cenu nepatrn\u011b vy\u0161\u0161\u00ed. Nen\u00ed pot\u0159eba d\u00e1l vysv\u011btlovat spekulativn\u00ed produkci pen\u011bz zalo\u017eenou na pat\u0159i\u010dn\u00e9m my\u0161len\u00ed autora programu, v\u00a0n\u011bkter\u00fdch kruz\u00edch pova\u017eovan\u00e9ho za kandid\u00e1ta na prezidenta \u010cR.<\/p>\n<p><span style=\"font-size: 18pt;\"><strong>Andrej Babi\u0161 <\/strong><\/span><\/p>\n<p>Nen\u00ed pochyb, \u017ee Andrej Babi\u0161 spolupracoval na p\u00e1du Ne\u010dasovy vl\u00e1dy v roce 2013. P\u00e1d vl\u00e1dy mu vyhovoval, spolupr\u00e1ce s\u00a0Jan\u00e1\u010dkov\u00fdm nada\u010dn\u00edm fondem proti korupci se mu jevila ide\u00e1ln\u00ed, nehled\u011b na ve\u0159ejn\u011b zn\u00e1m\u00e9 tehdej\u0161\u00ed ohran\u011bn\u00ed prezidenta Zemana t\u00fdkaj\u00edc\u00ed se americk\u00e9 moci v\u00a0\u010cR.\u00a0 P\u0159edseda rusk\u00e9 vl\u00e1dy Medved\u011bv p\u0159ed novin\u00e1\u0159i vyj\u00e1d\u0159il sv\u00e9 p\u0159esv\u011bd\u010den\u00ed, \u017ee<em> rozhodnut\u00ed o v\u00edt\u011bzi temel\u00ednsk\u00e9ho tendru bude transparentn\u00ed a objektivn\u00ed<\/em>. Peter Ne\u010das po sch\u016fzce se sv\u00fdm rusk\u00fdm prot\u011bj\u0161kem potvrdil, \u017ee <em>V\u00fdb\u011brov\u00e9 \u0159\u00edzen\u00ed prob\u011bhne transparentn\u011b a nejlep\u0161\u00ed nab\u00eddka vyhraje<\/em>. Jak to v\u0161e dopadlo, nepot\u0159ebuje vysv\u011btlen\u00ed. Proto by nem\u011blo p\u0159ekvapit, \u017ee po odchodu Andreje Babi\u0161e z\u00a0veden\u00ed\u00a0ANO vstoup\u00ed do kl\u00e1n\u00ed o prezidentsk\u00e9 k\u0159eslo.<\/p>\n<p>Po p\u0159ed\u010dasn\u00fdch volb\u00e1ch na podzim v roce 2013 nov\u00e1 Sobotkova vl\u00e1da dostavbu Temel\u00edna odsunula na neur\u010dito. D\u016fvodem byla pr\u00fd nov\u00e1 rekalkulace, kter\u00e1 uk\u00e1zala, \u017ee Temel\u00edn by se nevyplatil, \u017ee elekt\u0159iny m\u00e1 \u010cR zat\u00edm dost. Dnes v\u00edme, \u017ee ano i ne. Ve skute\u010dnosti odsunut\u00ed na neur\u010dito bylo motivov\u00e1no strachem z mezin\u00e1rodn\u00ed arbitr\u00e1\u017ee ze strany Rusk\u00e9 federace. Pro\u010d? Proto\u017ee Atomstrojexport podle mnou neprov\u011b\u0159en\u00fdch informac\u00ed dal nejlep\u0161\u00ed nab\u00eddku: Rusk\u00fd investi\u010dn\u00ed r\u00e1mec ve v\u00fd\u0161i 150 miliard korun byl pro Westinghouse nedosti\u017en\u00fd. Pro\u010d? \u201e<em>Ameri\u010dan\u00e9 nep\u0159i\u0161li do \u010cR investovat, ale vyd\u011bl\u00e1vat pen\u00edze\u201c<\/em>, lakonicky konstatoval tehdej\u0161\u00ed z\u00e1stupce Westinghouse pan Andrew. Ten se dokonce ohradil proti tomu, aby \u201e<em>se tendry p\u0159id\u011blovaly na z\u00e1klad\u011b pob\u00eddkov\u00fdch offset\u016f a bez ohledu na strategick\u00e9 vazby \u010cR s americk\u00fdm spojencem.\u201c <\/em><\/p>\n<p><span style=\"font-size: 18pt;\"><strong>Debakl Vrchn\u00edho st\u00e1tn\u00edho zastupitelstv\u00ed v Praze <\/strong><\/span><\/p>\n<p>Debaklem skon\u010dila jeho vlajkov\u00e1 lo\u010f: kauza j\u00edzdenek Dopravn\u00edho podniku Praha. V roce 2011 ji za velk\u00e9ho medi\u00e1ln\u00edho humbuku otev\u0159el b\u00fdval\u00fd \u0161\u00e9f civiln\u00ed rozv\u011bdky Karel Rand\u00e1k, kl\u00ed\u010dov\u00fd \u010dlen spr\u00e1vn\u00ed rady Jane\u010dkova nada\u010dn\u00edho fondu, o kter\u00e9m bude \u0159e\u010d v\u00a0p\u0159\u00ed\u0161t\u00edm pokra\u010dov\u00e1n\u00ed.<\/p>\n<p>Kauzu otev\u0159el na podzim 2011 Nada\u010dn\u00ed fond proti korupci Karla Jane\u010dka s kl\u00ed\u010dovou rol\u00ed b\u00fdval\u00e9ho \u0159editele civiln\u00ed rozv\u011bdky Karla Rand\u00e1ka. Zpochybnili zak\u00e1zku tisk\u00e1rn\u011b Neograph na dod\u00e1n\u00ed j\u00edzdenek DPP, p\u0159i\u010dem\u017e z ka\u017ed\u00e9 m\u011bla j\u00edt sedmn\u00e1ctihal\u00e9\u0159ov\u00e1 provize spole\u010dnosti Cokeville Assets Inc. spojovan\u00e9 s lobbistou Ivem Rittigem. Nada\u010dn\u00ed fond proti korupci v t\u00e9to v\u011bci podal trestn\u00ed ozn\u00e1men\u00ed a Karel Rand\u00e1k ji propojil s kauzou tov\u00e1rny na v\u00fdrobu biopaliv Oleo Chemical, p\u0159\u00edm\u00e9ho obchodn\u00edho konkurenta Agrofertu, na dod\u00e1vky bionafty DPP. Rand\u00e1k v t\u00e9 dob\u011b spolupracoval s Babi\u0161em i spole\u010dnost\u00ed Ravak. Ta dodnes vede s Oleem obchodn\u00ed spory. Nab\u00edz\u00ed se star\u00e9 p\u0159\u00edslov\u00ed: \u010c\u00edm m\u00e9n\u011b v\u00edm, t\u00edm l\u00e9pe sp\u00edm.\u00a0 A tak\u00e9: Lid\u00e9, bd\u011bte! Pro\u010d?<\/p>\n<p>Mimo jin\u00e9 i proto, \u017ee \u0160lachtovi detektivov\u00e9 obvinili b\u00fdval\u00e9ho \u0159editele DPP Martina Dvo\u0159\u00e1ka, ekonomick\u00e9ho \u0159editele Iva \u0160tiku a dal\u0161\u00edch 15 lid\u00ed kv\u016fli \u00fadajn\u00e9mu tunelov\u00e1n\u00ed firmy. Odvolac\u00ed soud v z\u00e1\u0159\u00ed 2021 definitivn\u011b rozhodl, \u017ee byli st\u00edh\u00e1ni nepr\u00e1vem. Krom\u011b v\u00a0\u00favodu p\u0159\u00edsp\u011bvku uveden\u00fdch t\u0159\u00ed cit\u00e1t\u016f z\u00a0rozs\u00e1hl\u00e9ho rozhodnut\u00ed je nutn\u00e9 p\u0159ipomenout, \u017ee vy\u0161et\u0159ov\u00e1n\u00ed bylo vedeno nezvykle agres\u00edvn\u011b. Vybran\u00ed obvin\u011bn\u00ed byli n\u011bkolikr\u00e1t zadr\u017eeni, policie u nich opakovan\u011b prov\u00e1d\u011bla domovn\u00ed prohl\u00eddky, n\u011bkte\u0159\u00ed byli pod v\u00fdhr\u016f\u017ekami nuceni ke spolupr\u00e1ci. Naopak hlavn\u00ed sv\u011bdkov\u00e9 ob\u017ealoby, Vladim\u00edr Sitta ml. a Jaroslav Kubiska, vyu\u017e\u00edvali p\u0159\u00e1telsk\u00fdch vazeb s vy\u0161et\u0159ovateli a \u017ealobci. Kubiska dnes pat\u0159\u00ed mezi sponzory \u0160lachtova hnut\u00ed P\u0159\u00edsaha, p\u0159esto\u017ee jeho v\u00fdpov\u011b\u010f, podobn\u011b jako Sittovu, soud smetl jako nev\u011brohodnou. Konstatoval, \u017ee k \u017e\u00e1dn\u00e9 \u0161kod\u011b DPP nedo\u0161lo a ob\u017ealoba dozorov\u00e9ho st\u00e1tn\u00edho z\u00e1stupce Adama Borguly st\u00e1la na vod\u011b. O n\u011bm tak\u00e9 bude \u0159e\u010d v\u00a0jednom z\u00a0pokra\u010dov\u00e1n\u00ed. Pro\u010d?<\/p>\n<p>Z\u00e1stupn\u011b cituji z\u00a0p\u0159\u00edsp\u011bvku Petra Banbersk\u00e9ho z HN 29.5.15: <em>Policie a st\u00e1tn\u00ed zastupitelstv\u00ed dostali po roce 2010 volnost, jakou mnoho jejich pracovn\u00edk\u016f nikdy nepamatovalo. Nebyl to \u017e\u00e1dn\u00fd z\u00e1chvat uv\u011bdom\u011bn\u00ed politick\u00e9 elity, ale v\u00fdsledek volebn\u00edho roku 2010, kter\u00fd zah\u00e1jil destrukci politick\u00e9ho syst\u00e9mu, jak jsme jej znali p\u0159edchoz\u00edch 20 letech &#8211; v nejvy\u0161\u0161\u00ed politice, stejn\u011b jako na radnic\u00edch. P\u0159\u00edchod Pavla Zemana z Haagu na post nejvy\u0161\u0161\u00edho st\u00e1tn\u00edho z\u00e1stupce p\u0159ipom\u00ednal romantick\u00fdm du\u0161\u00edm p\u0159\u00edjezd tajemn\u00e9ho cizince, kter\u00fd p\u0159iv\u00e1\u017e\u00ed do m\u011bsta spravedlnost. Emancipace cel\u00e9 jedn\u00e9 generace st\u00e1tn\u00edch z\u00e1stupc\u016f, o n\u00ed\u017e na stejn\u00e9 debat\u011b v Knihovn\u011b V\u00e1clava Havla mluvila jej\u00ed \u010deln\u00e1 p\u0159edstavitelka, vrchn\u00ed st\u00e1tn\u00ed z\u00e1stupkyn\u011b v Praze Lenka Brad\u00e1\u010dov\u00e1, p\u0159inesla v\u00fdsledky, kter\u00e9 by je\u0161t\u011b p\u0159ed p\u00e1r lety nikoho ani nenapadly. <\/em><\/p>\n<p>M\u00e1lo koho asi napad\u00e1, \u017ee nov\u00e1 kauza DPP p\u0159edstavuje mstu bezpe\u010dnostn\u00edch slo\u017eek, m\u00e1 za c\u00edl odd\u011blit STAN od ANO a s\u00a0pravd\u011bpodobnost\u00ed hrani\u010d\u00edc\u00ed s\u00a0jistotou skon\u010d\u00ed po ukon\u010den\u00ed p\u0159edsednictv\u00ed \u010cR v\u00a0EU, aby pot\u00e9 vl\u00e1da Petra Fialy padla. Souhlasu net\u0159eba.<\/p>\n<p><em><strong>Jan Campbell<\/strong><\/em><br \/>\n<em><strong>05.07.2022<\/strong><\/em><\/p>\n<p>&nbsp;<\/p>\n","protected":false},"excerpt":{"rendered":"<p>Ji\u0159\u00ed Paroubek ve sv\u00e9m koment\u00e1\u0159i k\u00a0sou\u010dasn\u00e9 af\u00e9\u0159e DPP (Dopravn\u00edho podniku Praha) 30. \u010dervna 2022 nazvan\u00e9m&#8230;<\/p>\n","protected":false},"author":2,"featured_media":650,"comment_status":"closed","ping_status":"closed","sticky":false,"template":"","format":"standard","meta":[],"categories":[6],"tags":[1042,59,122],"_links":{"self":[{"href":"https:\/\/www.infokuryr.cz\/n\/wp-json\/wp\/v2\/posts\/12127"}],"collection":[{"href":"https:\/\/www.infokuryr.cz\/n\/wp-json\/wp\/v2\/posts"}],"about":[{"href":"https:\/\/www.infokuryr.cz\/n\/wp-json\/wp\/v2\/types\/post"}],"author":[{"embeddable":true,"href":"https:\/\/www.infokuryr.cz\/n\/wp-json\/wp\/v2\/users\/2"}],"replies":[{"embeddable":true,"href":"https:\/\/www.infokuryr.cz\/n\/wp-json\/wp\/v2\/comments?post=12127"}],"version-history":[{"count":0,"href":"https:\/\/www.infokuryr.cz\/n\/wp-json\/wp\/v2\/posts\/12127\/revisions"}],"wp:featuredmedia":[{"embeddable":true,"href":"https:\/\/www.infokuryr.cz\/n\/wp-json\/wp\/v2\/media\/650"}],"wp:attachment":[{"href":"https:\/\/www.infokuryr.cz\/n\/wp-json\/wp\/v2\/media?parent=12127"}],"wp:term":[{"taxonomy":"category","embeddable":true,"href":"https:\/\/www.infokuryr.cz\/n\/wp-json\/wp\/v2\/categories?post=12127"},{"taxonomy":"post_tag","embeddable":true,"href":"https:\/\/www.infokuryr.cz\/n\/wp-json\/wp\/v2\/tags?post=12127"}],"curies":[{"name":"wp","href":"https:\/\/api.w.org\/{rel}","templated":true}]}}