{"id":1212,"date":"2021-04-29T06:35:10","date_gmt":"2021-04-29T04:35:10","guid":{"rendered":"http:\/\/www.infokuryr.cz\/n\/?p=1212"},"modified":"2021-04-29T06:35:10","modified_gmt":"2021-04-29T04:35:10","slug":"who-varianta-viru-covid-19-z-indie-byla-nalezena-v-nejmene-17-zemich","status":"publish","type":"post","link":"https:\/\/www.infokuryr.cz\/n\/2021\/04\/29\/who-varianta-viru-covid-19-z-indie-byla-nalezena-v-nejmene-17-zemich\/","title":{"rendered":"WHO: Varianta viru COVID-19 z Indie byla nalezena v nejm\u00e9n\u011b 17 zem\u00edch"},"content":{"rendered":"<div id=\"fb-root\"><\/div>\n<p><strong>Sv\u011btov\u00e1 zdravotnick\u00e1 organizace (WHO) v \u00fater\u00fd sd\u011blila, \u017ee ve v\u00edce ne\u017e des\u00edtce zem\u00ed byla nalezena varianta viru zp\u016fsobuj\u00edc\u00ed COVID-19, kter\u00e1 pravd\u011bpodobn\u011b p\u0159isp\u00edv\u00e1 k n\u00e1r\u016fstu po\u010dtu p\u0159\u00edpad\u016f koronaviru v Indii.<\/strong><\/p>\n<p>Zdravotnick\u00e1 agentura OSN uvedla, \u017ee varianta B.1.617 poprv\u00e9 nalezen\u00e1 v Indii byla v \u00fater\u00fd detekov\u00e1na ve v\u00edce ne\u017e 1.200 sekvenc\u00edch nahran\u00fdch do datab\u00e1ze GISAID s otev\u0159en\u00fdm p\u0159\u00edstupem \u201ez nejm\u00e9n\u011b 17 zem\u00ed\u201c.<\/p>\n<p>\u201eV\u011bt\u0161ina sekvenc\u00ed byla nahr\u00e1na z Indie, Velk\u00e9 Brit\u00e1nie, USA a Singapuru,\u201c uvedla WHO ve sv\u00e9 t\u00fddenn\u00ed epidemiologick\u00e9 aktualizaci pandemie.<\/p>\n<p>WHO ned\u00e1vno za\u0159adila variantu B.1.617, kter\u00e1 m\u00e1 n\u011bkolik d\u00edl\u010d\u00edch lini\u00ed s m\u00edrn\u011b odli\u0161n\u00fdmi mutacemi a charakteristikami, jako \u201e variantu, kter\u00e9 je t\u0159eba v\u011bnovat pozornost\u201c.<\/p>\n<p>Toto ozna\u010den\u00ed by nazna\u010dovalo, \u017ee B.1.617 je nebezpe\u010dn\u011bj\u0161\u00ed ne\u017e p\u016fvodn\u00ed verze viru, proto\u017ee je nap\u0159\u00edklad p\u0159enosn\u011bj\u0161\u00ed, smrteln\u011bj\u0161\u00ed nebo p\u0159ed n\u00ed nepom\u00e1h\u00e1 ochrana vakc\u00ednami.<\/p>\n<p>Indie \u010del\u00ed prudk\u00e9mu n\u00e1r\u016fstu po\u010dtu nov\u00fdch p\u0159\u00edpad\u016f a \u00famrt\u00ed p\u0159i pandemii a rostou obavy, \u017ee by tato varianta mohla p\u0159isp\u011bt ke katastrof\u011b.<\/p>\n<p>Exploze infekc\u00ed v Indii &#8211; 350 tis\u00edc nov\u00fdch p\u0159\u00edpad\u016f zaznamenan\u00fdch pouze v \u00fater\u00fd &#8211; zp\u016fsobila n\u00e1r\u016fst glob\u00e1ln\u00edch p\u0159\u00edpad\u016f na 147,7 milionu.<\/p>\n<p>Virus dosud zabil u\u017e v\u00edce ne\u017e 3,1 milionu lid\u00ed na cel\u00e9m sv\u011bt\u011b.<\/p>\n<p><img decoding=\"async\" loading=\"lazy\" class=\"alignnone size-full wp-image-1185\" src=\"http:\/\/www.infokuryr.cz\/n\/wp-content\/uploads\/2021\/04\/kuryr-podpis.png\" alt=\"\" width=\"84\" height=\"24\" \/><\/p>\n<p>&nbsp;<\/p>\n","protected":false},"excerpt":{"rendered":"<p>Sv\u011btov\u00e1 zdravotnick\u00e1 organizace (WHO) v \u00fater\u00fd sd\u011blila, \u017ee ve v\u00edce ne\u017e des\u00edtce zem\u00ed byla nalezena&#8230;<\/p>\n","protected":false},"author":2,"featured_media":1213,"comment_status":"closed","ping_status":"closed","sticky":false,"template":"","format":"standard","meta":[],"categories":[7],"tags":[212,79,81,21],"_links":{"self":[{"href":"https:\/\/www.infokuryr.cz\/n\/wp-json\/wp\/v2\/posts\/1212"}],"collection":[{"href":"https:\/\/www.infokuryr.cz\/n\/wp-json\/wp\/v2\/posts"}],"about":[{"href":"https:\/\/www.infokuryr.cz\/n\/wp-json\/wp\/v2\/types\/post"}],"author":[{"embeddable":true,"href":"https:\/\/www.infokuryr.cz\/n\/wp-json\/wp\/v2\/users\/2"}],"replies":[{"embeddable":true,"href":"https:\/\/www.infokuryr.cz\/n\/wp-json\/wp\/v2\/comments?post=1212"}],"version-history":[{"count":0,"href":"https:\/\/www.infokuryr.cz\/n\/wp-json\/wp\/v2\/posts\/1212\/revisions"}],"wp:featuredmedia":[{"embeddable":true,"href":"https:\/\/www.infokuryr.cz\/n\/wp-json\/wp\/v2\/media\/1213"}],"wp:attachment":[{"href":"https:\/\/www.infokuryr.cz\/n\/wp-json\/wp\/v2\/media?parent=1212"}],"wp:term":[{"taxonomy":"category","embeddable":true,"href":"https:\/\/www.infokuryr.cz\/n\/wp-json\/wp\/v2\/categories?post=1212"},{"taxonomy":"post_tag","embeddable":true,"href":"https:\/\/www.infokuryr.cz\/n\/wp-json\/wp\/v2\/tags?post=1212"}],"curies":[{"name":"wp","href":"https:\/\/api.w.org\/{rel}","templated":true}]}}