{"id":12100,"date":"2022-07-05T00:52:22","date_gmt":"2022-07-04T22:52:22","guid":{"rendered":"http:\/\/www.infokuryr.cz\/n\/?p=12100"},"modified":"2022-07-05T02:55:31","modified_gmt":"2022-07-05T00:55:31","slug":"presne-podle-partesu-velkeho-resetu-vedle-smrticich-cen-za-energie-vyvolat-hladomor","status":"publish","type":"post","link":"https:\/\/www.infokuryr.cz\/n\/2022\/07\/05\/presne-podle-partesu-velkeho-resetu-vedle-smrticich-cen-za-energie-vyvolat-hladomor\/","title":{"rendered":"P\u0159esn\u011b podle partesu Velk\u00e9ho resetu: Vedle smrt\u00edc\u00edch cen za energie vyvolat hladomor"},"content":{"rendered":"<div id=\"fb-root\"><\/div>\n<div id=\"ArticleTop\">\n<h2>V Holandsku chce vl\u00e1da vyb\u00edt farm\u00e1\u0159\u016fm dobytek. Zablokuj\u00ed zem\u011bd\u011blci celou zemi? Inspirace z Kanady: P\u0159idaj\u00ed se kamio\u0148\u00e1ci? U n\u00e1s op\u011bt bez odporu?<\/h2>\n<p class=\"clkPerex\"><strong><a class=\"clkAutor\" href=\"https:\/\/protiproud.info\/autor\/pavel-kopecky.htm\">PAVEL KOPECK\u00dd<\/a> p\u0159in\u00e1\u0161\u00ed zpr\u00e1vy z Holandska, kde se mezi m\u00edstn\u00edmi farm\u00e1\u0159i rod\u00ed protestn\u00ed hnut\u00ed podobn\u00e9 francouzsk\u00fdm \u017elut\u00fdm vest\u00e1m \u010di kanadsk\u00fdm \u0159idi\u010d\u016fm kami\u00f3n\u016f v reakci na vra\u017eednou zem\u011bd\u011blskou politiku EU<\/strong><\/p>\n<\/div>\n<div id=\"Article\">\n<p>Na\u0161i zem\u011bd\u011blci jsou v existen\u010dn\u00edm ohro\u017een\u00ed &#8211; a Fialova vl\u00e1da se je sna\u017e\u00ed je\u0161t\u011b v\u00edce potopit pod hladinu. M\u00ed\u0159\u00ed hlavn\u011b na velk\u00e9 zem\u011bd\u011blsk\u00e9 podniky &#8211; z\u00e1klad na\u0161\u00ed potenci\u00e1ln\u00ed (op\u011btovn\u00e9) potravinov\u00e9 sob\u011bsta\u010dnosti. Jednak si t\u00edm na ciz\u00ed \u00fa\u010det \u0159e\u0161\u00ed svou pubert\u00e1ln\u00ed nen\u00e1vist k Andreji Babi\u0161ovi (a jeho Agrofertu), jednak t\u00edm signalizuje sv\u00fdm zahrani\u010dn\u00edm protektor\u016fm, \u017ee mnoh\u00e9 \u010desk\u00e9 a moravsk\u00e9 zem\u011bd\u011blsk\u00e9 farmy (a p\u016fda) budou pro n\u011b ji\u017e brzy za hubi\u010dku na prodej.<\/p>\n<p>Zelen\u00e9 \u0161\u00edlenstv\u00ed Bruselu, d\u011bsiv\u00e9 ceny pohonn\u00fdch hmot a obecn\u011b energetick\u00e1 chudoba &#8211; jako na\u0161e dom\u00e1c\u00ed specialita &#8211; pak budou posledn\u00edm h\u0159eb\u00ed\u010dkem do rakve na\u0161eho kdysi docela kvetouc\u00edho zem\u011bd\u011blstv\u00ed &#8211; v\u010detn\u011b \u010das\u016f p\u0159ed p\u0159evratem. P\u0159esto krom\u011b &#8222;nesm\u011bl\u00e9&#8220; jarn\u00ed demonstrace v Praze se nic podstatn\u00e9ho zat\u00edm ned\u011bje. Zem\u011bd\u011blci jako by &#8222;opisovali&#8220; v\u0161eobecnou apatii, kter\u00e1 se zmoc\u0148uje v\u011bt\u0161iny spole\u010dnosti &#8211; chudoba nechudoba.<\/p>\n<p><em><img decoding=\"async\" loading=\"lazy\" class=\"aligncenter\" title=\"PP\" src=\"http:\/\/protiproud.azurewebsites.net\/images\/textiky\/plyneram.jpg\" alt=\"pp\" width=\"400\" height=\"400\" \/><\/em><\/p>\n<p style=\"text-align: center;\"><em>Dodavatel plynu dle p\u0159edstav ministra Jure\u010dky<\/em><\/p>\n<p>Nen\u00ed to tak ale v\u0161ude. A je mo\u017en\u00e9, \u017ee teprve a\u017e &#8222;na z\u00e1pad\u011b&#8220; vypukne povst\u00e1n\u00ed proti vl\u00e1d\u00e1m dirigovan\u00fdm z Bruselu a z Washingtonu, my se &#8222;state\u010dn\u011b&#8220; p\u0159id\u00e1me. A za na\u0161\u00ed z\u00e1padn\u00ed hranic\u00ed to skute\u010dn\u011b ji\u017e za\u010d\u00edn\u00e1, pr\u00e1zdniny nepr\u00e1zdniny. O tom, co se d\u011bje aktu\u00e1ln\u011b v (tradi\u010dn\u011b klidn\u00e9m a nebou\u0159\u00edc\u00edm se) Holandsku, kde tamn\u00ed papal\u00e1\u0161i zjevn\u011b p\u0159ekro\u010dili v\u0161echny mysliteln\u00e9 meze.<\/p>\n<h2>Blok\u00e1da &#8211; pr\u00e1v\u011b na americk\u00fd Sv\u00e1tek nez\u00e1vislosti<\/h2>\n<p>Jak ji\u017e v\u00edte, tak Holandsko najelo na boj s uhl\u00edkem s ohromnou razanc\u00ed a jde na to p\u0159es likvidaci tamn\u00edch zem\u011bd\u011blc\u016f. A to v zemi, kter\u00e1 je p\u0159\u00edmo jak\u00fdmsi symbolem farma\u0159en\u00ed, nebo\u0165 v\u0161udyp\u0159\u00edtomn\u00e1 pasouc\u00ed se st\u00e1da krav jsou ji\u017e dlouholet\u00fdm koloritem, bez n\u011bho\u017e by Holandsko ji\u017e nebylo Holandskem.<\/p>\n<p>Zem\u011bd\u011blci, jejich\u017e rodiny farma\u0159\u00ed na sv\u00e9 vlastn\u00ed p\u016fd\u011b ji\u017e po stalet\u00ed, se n\u00e1hle st\u00e1vaj\u00ed ob\u011bt\u00ed vyvlast\u0148ov\u00e1n\u00ed. A to v\u0161e ve jm\u00e9nu zvr\u00e1cen\u00e9ho klimatick\u00e9ho n\u00e1bo\u017eenstv\u00ed. Pro Holan\u010fany jde o mnohem v\u00edc, ne\u017e jen o ztr\u00e1tu ob\u017eivy. To jist\u011b ch\u00e1peme i my, kdo jsme v t\u00e9to zemi n\u011bkdy \u017eili.<\/p>\n<p>Farm\u00e1\u0159i\u00a0<a href=\"https:\/\/rumble.com\/v1b2wfl-demonstrace-holandskch-farm.html\">zablokovali\u00a0<\/a>n\u011bmecko-nizozemskou hranici\u00a0<a href=\"https:\/\/rumble.com\/v1b2ykt-holandt-farmi-demonstruj-proti-vyvlastovn-pdy.html\">tis\u00edci traktor\u016f\u00a0<\/a>na protest proti kontroverzn\u00ed politice vl\u00e1dy ohledn\u011b dus\u00edku. V\u011bt\u0161\u00ed celost\u00e1tn\u00ed protesty jsou pl\u00e1nov\u00e1ny na 4. \u010dervence.<\/p>\n<p>Nizozem\u0161t\u00ed farm\u00e1\u0159i\u00a0<a href=\"https:\/\/rumble.com\/v1b2yb3-farmi-zasypvaj-v-holandsku-dm-premira-marka-rutteho-sil.html\">demonstrovali\u00a0<\/a>s hnojem pohozen\u00fdm p\u0159ed n\u011bkolika ve\u0159ejn\u00fdmi budovami pot\u00e9, co politici odhlasovali n\u00e1vrhy na sn\u00ed\u017een\u00ed emis\u00ed \u0161kodliv\u00fdch zne\u010di\u0161\u0165uj\u00edc\u00edch l\u00e1tek. Tento pl\u00e1n by mohl donutit zem\u011bd\u011blce, aby omezili mno\u017estv\u00ed dobytka nebo p\u0159estali pracovat \u00fapln\u011b, p\u0159i\u010dem\u017e ji\u017e nyn\u00ed se objevuj\u00ed prvn\u00ed p\u0159\u00edpady vyvlast\u0148ov\u00e1n\u00ed zem\u011bd\u011blsk\u00e9 p\u016fdy. Vl\u00e1da premi\u00e9ra Marka Rutteho \u0159\u00edk\u00e1, \u017ee emise oxid\u016f dus\u00edku a \u010dpavku produkovan\u00e9 hospod\u00e1\u0159sk\u00fdmi zv\u00ed\u0159aty v bl\u00edzkosti p\u0159\u00edrodn\u00edch oblast\u00ed mus\u00ed b\u00fdt drasticky sn\u00ed\u017eeny. Tyto oblasti jsou sou\u010d\u00e1st\u00ed s\u00edt\u011b chr\u00e1n\u011bn\u00fdch stanovi\u0161\u0165 pro ohro\u017een\u00e9 rostliny a \u017eivo\u010dichy, kter\u00e9 se nach\u00e1z\u00ed po cel\u00e9 EU.<\/p>\n<h2>Likvidace v z\u00e1jmu korporac\u00ed<\/h2>\n<p>V z\u00e1sad\u011b jsme sv\u011bdky dal\u0161\u00edho kroku vedouc\u00edho k likvidaci podnik\u00e1n\u00ed ze strany EU, kter\u00e1 tak kon\u00e1 od sv\u00e9ho zalo\u017een\u00ed pomalu, ale nep\u0159etr\u017eit\u011b: Mal\u00e9 a st\u0159edn\u00ed podniky se st\u00e1vaj\u00ed ztr\u00e1tov\u00fdmi a jsou hn\u00e1ny ke krachu nebo p\u0159inejmen\u0161\u00edm k z\u00e1niku kv\u016fli st\u00e1le v\u011bt\u0161\u00edm po\u017eadavk\u016fm. To v\u0161e se d\u011bje v z\u00e1jmu velk\u00fdch korporac\u00ed, kter\u00e9 ve skute\u010dnosti EU \u0159\u00edd\u00ed.<\/p>\n<p>Celkov\u011b m\u00e1 b\u00fdt podle vl\u00e1dy do roku 2030 eliminov\u00e1no pln\u00fdch 50 procent emis\u00ed oxid\u016f dus\u00edku a amoniaku v zemi. To by ale zasadilo smrtelnou r\u00e1nu zem\u011bd\u011blstv\u00ed v Nizozemsku.<\/p>\n<h2>Pou\u010den\u00ed od Kana\u010fan\u016f: Spojme se!<\/h2>\n<p>Tis\u00edce nizozemsk\u00fdch farm\u00e1\u0159\u016f protestovaly proti klimatick\u00e9 politice, kterou prosazuje Sv\u011btov\u00e9 ekonomick\u00e9 f\u00f3rum (WEF), jeho\u017e p\u0159isluhova\u010di tak\u00e9 sed\u00ed v nizozemsk\u00e9 vl\u00e1d\u011b. Fotografie ukazuj\u00ed tis\u00edce kamion\u016f blokuj\u00edc\u00edch n\u011bmecko-nizozemskou hranici. Novin\u00e1\u0159 Keean Bexte zve\u0159ejnil video na Twitteru a napsal: \u201eFarm\u00e1\u0159i, kte\u0159\u00ed se pou\u010dili od kanadsk\u00fdch demonstrant\u016f za svobodu, v sou\u010dasn\u00e9 dob\u011b blokuj\u00ed hranici mezi Nizozemskem a N\u011bmeckem traktory, aby protestovali proti klimatick\u00e9 politice sv\u00e9 vl\u00e1dy a WEF.\u201c<\/p>\n<p>Nizozem\u0161t\u00ed farm\u00e1\u0159i pokra\u010duj\u00ed v demonstrac\u00edch proti vl\u00e1dn\u00ed klimatick\u00e9 politice, kter\u00e1 p\u0159iprav\u00ed mnoho farm\u00e1\u0159\u016f o \u017eivobyt\u00ed. Organiz\u00e1to\u0159i na Telegramu pl\u00e1nuj\u00ed na 4. \u010dervence protesty, kter\u00e9 podle nich zablokuj\u00ed cel\u00e9 Nizozemsko. Ve sv\u00e9m poselstv\u00ed vyz\u00fdvaj\u00ed dot\u010den\u00e9 farm\u00e1\u0159e a ob\u010dany, aby zorganizovali sv\u00e9 vlastn\u00ed region\u00e1ln\u00ed akce s c\u00edlem uzav\u0159\u00edt v\u0161echna centra pro distribuci potravin a v\u0161echny velk\u00e9 zne\u010di\u0161\u0165ovatele, dokud vl\u00e1da nezm\u011bn\u00ed sv\u00e9 pl\u00e1ny.<\/p>\n<p>Likvidovan\u00ed zem\u011bd\u011blci cht\u011bj\u00ed protestovat na mnoha leti\u0161t\u00edch v zemi, zm\u00ednili zejm\u00e9na amsterdamsk\u00fd Schiphol a Eindhoven. V\u00fdzva k podpo\u0159e protestu 4. \u010dervence tak\u00e9 p\u0159i\u0161la od velk\u00e9 skupiny \u0159idi\u010d\u016f kamion\u016f, co\u017e nazna\u010duje, \u017ee i mnoz\u00ed kamio\u0148\u00e1ci v Nizozemsku c\u00edt\u00ed solidaritu s farm\u00e1\u0159i. Proto\u017ee i jich se t\u00fdkaj\u00ed zni\u010duj\u00edc\u00ed emisn\u00ed pl\u00e1ny.<\/p>\n<p>Podvol\u00ed se vl\u00e1da podvol\u00ed tlaku zem\u011bd\u011blc\u016f, autodopravc\u016f, ryb\u00e1\u0159\u016f a jin\u00fdch dot\u010den\u00fdch profes\u00ed, nebo bude pokra\u010dovat ve sv\u00e9 destruktivn\u00ed agend\u011b a ohroz\u00ed t\u00edm i potravinovou bezpe\u010dnost Nizozemska?<\/p>\n<p>V\u00fdsledek bude zaj\u00edmav\u00fd i pro n\u00e1s.<\/p>\n<p>Nebo ne?<\/p>\n<p><a href=\"https:\/\/report24.news\/massenproteste-in-den-niederlande-landwirte-wollen-morgen-das-land-lahmlegen\/\">Zdroj<\/a><\/p>\n<\/div>\n<p><a href=\"https:\/\/protiproud.info\/politika\/6572-presne-podle-partesu-velkeho-resetu-vedle-smrticich-cen-za-energie-vyvolat-hladomor-v-holandsku-chce-vlada-vybit-farmarum-dobytek-zablokuji-zemedelci-celou-zemi-inspirace-z-kanady-pridaji-se-kamionaci-u-nas-opet-bez-odporu.htm\">PROTIPROUD<\/a><\/p>\n<p>&nbsp;<\/p>\n","protected":false},"excerpt":{"rendered":"<p>V Holandsku chce vl\u00e1da vyb\u00edt farm\u00e1\u0159\u016fm dobytek. Zablokuj\u00ed zem\u011bd\u011blci celou zemi? Inspirace z Kanady: P\u0159idaj\u00ed&#8230;<\/p>\n","protected":false},"author":2,"featured_media":12101,"comment_status":"closed","ping_status":"closed","sticky":false,"template":"","format":"standard","meta":[],"categories":[7],"tags":[376,29,95,2532],"_links":{"self":[{"href":"https:\/\/www.infokuryr.cz\/n\/wp-json\/wp\/v2\/posts\/12100"}],"collection":[{"href":"https:\/\/www.infokuryr.cz\/n\/wp-json\/wp\/v2\/posts"}],"about":[{"href":"https:\/\/www.infokuryr.cz\/n\/wp-json\/wp\/v2\/types\/post"}],"author":[{"embeddable":true,"href":"https:\/\/www.infokuryr.cz\/n\/wp-json\/wp\/v2\/users\/2"}],"replies":[{"embeddable":true,"href":"https:\/\/www.infokuryr.cz\/n\/wp-json\/wp\/v2\/comments?post=12100"}],"version-history":[{"count":0,"href":"https:\/\/www.infokuryr.cz\/n\/wp-json\/wp\/v2\/posts\/12100\/revisions"}],"wp:featuredmedia":[{"embeddable":true,"href":"https:\/\/www.infokuryr.cz\/n\/wp-json\/wp\/v2\/media\/12101"}],"wp:attachment":[{"href":"https:\/\/www.infokuryr.cz\/n\/wp-json\/wp\/v2\/media?parent=12100"}],"wp:term":[{"taxonomy":"category","embeddable":true,"href":"https:\/\/www.infokuryr.cz\/n\/wp-json\/wp\/v2\/categories?post=12100"},{"taxonomy":"post_tag","embeddable":true,"href":"https:\/\/www.infokuryr.cz\/n\/wp-json\/wp\/v2\/tags?post=12100"}],"curies":[{"name":"wp","href":"https:\/\/api.w.org\/{rel}","templated":true}]}}