{"id":12096,"date":"2022-07-05T02:44:30","date_gmt":"2022-07-05T00:44:30","guid":{"rendered":"http:\/\/www.infokuryr.cz\/n\/?p=12096"},"modified":"2022-07-05T02:44:30","modified_gmt":"2022-07-05T00:44:30","slug":"the-new-york-times-americane-jsou-ohledne-ekonomiky-stale-pesimistictejsi","status":"publish","type":"post","link":"https:\/\/www.infokuryr.cz\/n\/2022\/07\/05\/the-new-york-times-americane-jsou-ohledne-ekonomiky-stale-pesimistictejsi\/","title":{"rendered":"The New York Times: Ameri\u010dan\u00e9 jsou ohledn\u011b ekonomiky st\u00e1le pesimisti\u010dt\u011bj\u0161\u00ed"},"content":{"rendered":"<div id=\"fb-root\"><\/div>\n<p>Americk\u00e9 m\u00e9dium The New York Times dne 30. \u010dervna informovalo, \u017ee Ameri\u010dan\u00e9 jsou st\u00e1le pesimisti\u010dt\u011bj\u0161\u00ed ohledn\u011b ekonomiky a st\u00e1le v\u00edce se ob\u00e1vaj\u00ed inflace a situace na trhu pr\u00e1ce.<\/p>\n<p>Pr\u016fzkum uk\u00e1zal, \u017ee 52 procent dosp\u011bl\u00fdch respondent\u016f v USA v\u011b\u0159\u00ed, \u017ee ekonomika je v hor\u0161\u00edm stavu ne\u017e p\u0159ed rokem, co\u017e je nejvy\u0161\u0161\u00ed pod\u00edl v p\u011btilet\u00e9 historii pr\u016fzkumu. Feder\u00e1ln\u00ed rezervn\u00ed syst\u00e9m\uff08The Federal Reserve System\uff09 sice zv\u00fd\u0161il \u00farokov\u00e9 sazby, aby omezil inflaci, ale pouze 30 % Ameri\u010dan\u016f toto opat\u0159en\u00ed podporuje.<\/p>\n<p><img decoding=\"async\" loading=\"lazy\" class=\"alignnone size-full wp-image-1185\" src=\"http:\/\/www.infokuryr.cz\/n\/wp-content\/uploads\/2021\/04\/kuryr-podpis.png\" alt=\"\" width=\"84\" height=\"24\" \/><\/p>\n<p>&nbsp;<\/p>\n","protected":false},"excerpt":{"rendered":"<p>Americk\u00e9 m\u00e9dium The New York Times dne 30. \u010dervna informovalo, \u017ee Ameri\u010dan\u00e9 jsou st\u00e1le pesimisti\u010dt\u011bj\u0161\u00ed&#8230;<\/p>\n","protected":false},"author":2,"featured_media":11876,"comment_status":"closed","ping_status":"closed","sticky":false,"template":"","format":"standard","meta":[],"categories":[7],"tags":[59,683,37],"_links":{"self":[{"href":"https:\/\/www.infokuryr.cz\/n\/wp-json\/wp\/v2\/posts\/12096"}],"collection":[{"href":"https:\/\/www.infokuryr.cz\/n\/wp-json\/wp\/v2\/posts"}],"about":[{"href":"https:\/\/www.infokuryr.cz\/n\/wp-json\/wp\/v2\/types\/post"}],"author":[{"embeddable":true,"href":"https:\/\/www.infokuryr.cz\/n\/wp-json\/wp\/v2\/users\/2"}],"replies":[{"embeddable":true,"href":"https:\/\/www.infokuryr.cz\/n\/wp-json\/wp\/v2\/comments?post=12096"}],"version-history":[{"count":0,"href":"https:\/\/www.infokuryr.cz\/n\/wp-json\/wp\/v2\/posts\/12096\/revisions"}],"wp:featuredmedia":[{"embeddable":true,"href":"https:\/\/www.infokuryr.cz\/n\/wp-json\/wp\/v2\/media\/11876"}],"wp:attachment":[{"href":"https:\/\/www.infokuryr.cz\/n\/wp-json\/wp\/v2\/media?parent=12096"}],"wp:term":[{"taxonomy":"category","embeddable":true,"href":"https:\/\/www.infokuryr.cz\/n\/wp-json\/wp\/v2\/categories?post=12096"},{"taxonomy":"post_tag","embeddable":true,"href":"https:\/\/www.infokuryr.cz\/n\/wp-json\/wp\/v2\/tags?post=12096"}],"curies":[{"name":"wp","href":"https:\/\/api.w.org\/{rel}","templated":true}]}}