{"id":12090,"date":"2022-07-04T00:57:26","date_gmt":"2022-07-03T22:57:26","guid":{"rendered":"http:\/\/www.infokuryr.cz\/n\/?p=12090"},"modified":"2022-07-04T03:08:46","modified_gmt":"2022-07-04T01:08:46","slug":"cesky-opozicni-volebni-bizar-za-svobodne-kandiduje-izraelsky-zidovsky-rabin-d-bohbot","status":"publish","type":"post","link":"https:\/\/www.infokuryr.cz\/n\/2022\/07\/04\/cesky-opozicni-volebni-bizar-za-svobodne-kandiduje-izraelsky-zidovsky-rabin-d-bohbot\/","title":{"rendered":"\u010cesk\u00fd opozi\u010dn\u00ed volebn\u00ed biz\u00e1r. Za Svobodn\u00e9 kandiduje izraelsk\u00fd \u017eidovsk\u00fd rab\u00edn D. Bohbot"},"content":{"rendered":"<div id=\"fb-root\"><\/div>\n<figure class=\"entry-thumbnail\">\u201eVlasteneck\u00e9 opozi\u010dn\u00ed\u201c strany si ani letos nemohly odpustit volebn\u00ed biz\u00e1<strong>r. Za Svobodn\u00e9 op\u011bt kandiduje Izraelsk\u00fd obchodn\u00edk se zbran\u011bmi, bezpe\u010dnostn\u00ed expert a \u017eidovsk\u00fd rab\u00edn\u00a0<a href=\"https:\/\/cs.wikipedia.org\/wiki\/David_Bohbot\">David Bohbot<\/a>. Bohbot se narodil v Izraeli a \u017eije v \u010cR ji\u017e radu let.<\/strong><\/figure>\n<div class=\"entry-content\">\n<p><img decoding=\"async\" loading=\"lazy\" class=\"attachment-short-news-fullwidth size-short-news-fullwidth wp-post-image aligncenter\" src=\"https:\/\/ceskavec.com\/wp-content\/uploads\/2022\/07\/Bohbot.jpg\" alt=\"\" width=\"225\" height=\"300\" \/><\/p>\n<p>V \u010d\u00e1sti vlasteneck\u00fdch kruh\u016f je dlouhodob\u011b promotov\u00e1n \u201eosobnostmi\u201c jako Petr Hampl, \u010di A. Fi\u0161er, tedy p\u0159\u00edslu\u0161n\u00edky a podporovateli m\u00edstn\u00ed \u017eidovsk\u00e9 diaspory a jejich z\u00e1jm\u016f<\/p>\n<p><strong>Jak asi takov\u00fd izraelsk\u00fd rab\u00edn bude zastupovat \u010desk\u00e9 goje a jejich z\u00e1jmy, kdy\u017e v talmudu ( i To\u0159e) se p\u00ed\u0161e, \u017ee ne\u017eid\u00e9 jsou otroci \u017did\u016f a jejich majetek pat\u0159\u00ed \u017did\u016fm?!<\/strong><\/p>\n<p>Sta\u010d\u00ed si p\u0159ipomenout p\u00e1r talmudistick\u00fdch cit\u00e1t\u016f.<\/p>\n<p>Baba Necia 114,6:\u00a0<strong>\u201e\u017did\u00e9 jsou lidsk\u00e9 bytosti, ale n\u00e1rody cel\u00e9ho sv\u011bta nejsou lid\u0161t\u00ed tvorov\u00e9, ale zv\u00ed\u0159ata.\u201c<\/strong><br \/>\nMidrasch Talpioth 225:\u00a0<strong>\u201eNe\u017eid\u00e9 byli stvo\u0159eni, aby slou\u017eili \u017did\u016fm jako otroci.\u201c<\/strong><br \/>\nTalmud IV\/3\/54b:\u00a0<strong>\u201eMajetek g\u00f3j\u016f je jako majetek bez p\u00e1na, a ka\u017ed\u00fd (\u017did), kter\u00fd se jej zmocn\u00ed, se st\u00e1v\u00e1 jeho vlastn\u00edkem.\u201c<\/strong><br \/>\nZohar II, 4b:\u00a0<strong>\u201ePorodnost ne\u017eid\u016f mus\u00ed b\u00fdt masivn\u011b potla\u010dov\u00e1na.\u201c<\/strong><br \/>\nZohar I, 168a:\u00a0<strong>\u201e\u017did\u00e9 se v\u017edy mus\u00ed sna\u017eit oklamat ne\u017eidy.\u201c<\/strong><br \/>\nErubin 43b:\u00a0<strong>\u201eV \u010dase Mesi\u00e1\u0161e se v\u0161ichni (ne\u017eid\u00e9) stanou otroky \u017did\u016f.\u201c<\/strong><br \/>\nYebamoth 98a :\u00a0<strong>\u201eV\u0161echny ne\u017eidovsk\u00e9 d\u011bti jsou zv\u00ed\u0159ata.\u201c<\/strong><br \/>\nSanhedrin 59a:\u00a0<strong>\u201eZavra\u017edit g\u00f3je je jako zab\u00edt divok\u00e9 zv\u00ed\u0159e.\u201c<\/strong><br \/>\nAbodah Zara 26b:\u00a0<strong>\u201eNejlep\u0161\u00ed z ne\u017eid\u016f mus\u00ed b\u00fdt zabiti.\u201c<\/strong><br \/>\nSanhedrin 59a:\u00a0<strong>\u201eG\u00f3j, kter\u00fd \u201estrk\u00e1 nos\u201c do Z\u00e1kona (Talmudu) je vinen smrt\u00ed.\u201c<\/strong><br \/>\nHilkkoth Akum X1:\u00a0<strong>\u201eNezachra\u0148uj g\u00f3je v nebezpe\u010d\u00ed smrti.\u201c<\/strong><br \/>\nHilkkoth Akum X1:\u00a0<strong>\u201eS g\u00f3jem nem\u011bj slitov\u00e1n\u00ed.\u201c<\/strong><br \/>\nSchulchan Aruch, Choszen Hamiszpat 348:\u00a0<strong>\u201eV\u0161echen majetek ostatn\u00edch n\u00e1rod\u016f pat\u0159\u00ed \u017eidovsk\u00e9mu n\u00e1rodu, kter\u00fd je proto opr\u00e1vn\u011bn se ho zmocnit bez jak\u00fdchkoli ohled\u016f.\u201c<\/strong><br \/>\nSzaaloth-Uthszabot, kniha Jore Dia 17:\u00a0<strong>\u201e\u017did m\u00e1 a mus\u00ed k\u0159iv\u011b p\u0159\u00edsahat, pokud se ho g\u00f3j zept\u00e1, jestli na\u0161e knihy obsahuj\u00ed n\u011bco proti n\u011bmu.\u201c<\/strong><br \/>\nSimeon Haddarsen, fol. 56-D:\u00a0<strong>\u201eA\u017e p\u0159ijde Mesi\u00e1\u0161, ka\u017ed\u00fd \u017did bude m\u00edt 2800 otrok\u016f.\u201c<\/strong><br \/>\nNidrasch Talpioth, p. 225-L:\u00a0<strong>\u201eJahve vytvo\u0159il ne\u017eidy v lidsk\u00e9 podob\u011b, aby \u017didy neobsluhovala zv\u00ed\u0159ata. Ne\u017eid je proto zv\u00ed\u0159e v lidsk\u00e9 podob\u011b a je odsouzen\u00fd slou\u017eit \u017eidovi neust\u00e1le.\u201c<\/strong><\/p>\n<p>Talmud nen\u00ed \u017e\u00e1dn\u00fd historick\u00fd relikt, jak se \u010d\u00e1st \u017eidovsk\u00fdch medi\u00ed sna\u017e\u00ed ve\u0159ejnosti namluvit.\u00a0<strong>Talmud je st\u00e1le \u00fast\u0159edn\u00edm textem, kter\u00fd \u0159\u00edd\u00ed my\u0161len\u00ed a kon\u00e1n\u00ed naprost\u00e9 v\u011bt\u0161iny \u017did\u016f, by\u0165 mnoz\u00ed se k tomu ve\u0159ejn\u011b z pochopiteln\u00fdch d\u016fvod\u016f nehl\u00e1s\u00ed.<\/strong><\/p>\n<p>To potvrzuj\u00ed i v\u00fdroky p\u0159edn\u00edch \u017eidovsk\u00fdch autorit sou\u010dasnosti.<\/p>\n<p><strong>Nam\u00e1tkou b\u00fdval\u00fd\u00a0<a href=\"https:\/\/ceskavec.com\/2020\/10\/neverici-nam-musi-slouzit-pravil-duchovni-vudce-rozhostilo-se-ohlusujici-ticho\">vrchn\u00ed sefardsk\u00fd rab\u00edn\u00a0<\/a>Ovadia Josef.\u00a0<\/strong>V roce 2010\u00a0<a href=\"https:\/\/cs.wikipedia.org\/wiki\/Ovadja_Josef\">\u0159ekl n\u00e1sleduj\u00edc\u00ed<\/a>, \u201e<strong>G\u00f3jov\u00e9 se narodili jedin\u011b proto, aby slou\u017eili n\u00e1m. Jin\u00e9 posl\u00e1n\u00ed krom\u011b slu\u017eby n\u00e1rodu Izraele na sv\u011bt\u011b nemaj\u00ed. K \u010demu jsou pohani pot\u0159ebn\u00ed? Budou pracovat, orat a \u017enout. My budeme sed\u011bt jako p\u00e1ni a j\u00edst.\u201c<\/strong>\u00a0P\u0159itom se nejedn\u00e1 o nic skand\u00e1ln\u00edho, rab\u00edn se<strong>\u00a0pouze op\u00edral o z\u00e1kladn\u00ed \u017eidovsk\u00e9 u\u010den\u00ed talmudu.<\/strong><\/p>\n<p><strong>D. Bohbot mo\u017en\u00e1 bude nam\u00edtat, \u017ee talmud v\u011bt\u0161ina \u017did\u016f nezn\u00e1. To ale neznamen\u00e1, \u017ee se j\u00edm v\u011bt\u0161ina z nich ne\u0159\u00edd\u00ed<\/strong>, prost\u0159ednictv\u00edm sv\u00fdch v\u016fdc\u016f a elit. V\u00fd\u0161e uveden\u00e9 cit\u00e1ty z talmudu rovn\u011b\u017e mohou poskytnout moudr\u00fdm lidem odpov\u011b\u010f, kde je pravda.<\/p>\n<p><em>Pozn\u00e1mka redakce D. Bohbot v posledn\u00edch volb\u00e1ch kandidoval jako kandid\u00e1t Svobodn\u00fdch na kandid\u00e1tn\u00ed listin\u011b Trikolora (psali\u00a0<a href=\"https:\/\/ceskavec.com\/2021\/09\/kandidat-na-ministra-zahranici-vlastenecke-koalice-trikolora-je-zidovsky-rabin-bohbot-z-izraele-usporada-stranikum-prednasku-o-vztahu-zidu-a-goju\">jsme zde<\/a>) a do parlamentu nebyl zvolen.<\/em><\/p>\n<p><strong>\u010cesk\u00e1 opozi\u010dn\u00ed sc\u00e9na se dlouhodob\u011b nem\u016f\u017ee vymanit z podobn\u00fdch lap\u00e1lii. V posledn\u00edch komun\u00e1ln\u00edch volb\u00e1ch kandidovali v Praze za SPD velmistr svobodn\u00fdch zedn\u00e1\u0159\u016f a vietnamsk\u00fd \u201epodnikatel\u201c a spolumajitel neslavn\u011b proslul\u00e9 z\u00e1kladny vietnamsk\u00fdch drogov\u00fdch mafi\u00ed pra\u017esk\u00e9 tr\u017enice SAPA.<\/strong>\u00a0Op\u011bt vlastenci jako \u0159emen.<\/p>\n<p><strong>Dokud \u010desk\u00e1 vlasteneck\u00e1 sc\u00e9na nepochop\u00ed, \u017ee obroda n\u00e1roda a st\u00e1tu m\u016f\u017ee vzej\u00edt pouze na n\u00e1rodn\u00edm principu, budou se motat v kruhu a nep\u0159\u00e1tel\u00e9 se \u010cech\u016fm budou sm\u00e1t. P<\/strong>roto si do budoucna p\u0159ejme vlasteneck\u00e9 kandid\u00e1tky bez svobodn\u00fdch zedn\u00e1\u0159\u016f, vietnamsk\u00fdch mafi\u00e1n\u016f, \u017eidovsk\u00fdch rab\u00edn\u016f a dal\u0161\u00edch podobn\u00fdch \u201eosobnost\u00ed\u201c. P\u0159\u00edklad ze Slovenska (Kotlebovci) ukazuje, \u017ee to je spr\u00e1vn\u00e1 cesta.<\/p>\n<p>Vlasti Zdar!<\/p>\n<p>Mike Don\u00e1k, Texas, USA<\/p>\n<p><em>\u010cl\u00e1nek nemus\u00ed vyjad\u0159ovat n\u00e1zory redakce.\u00a0<strong>Redakce je pochotn\u00e1 D. Bohbotovi poskytnout prostor na p\u0159\u00edpadnou reakci na tento \u010dl\u00e1nek<\/strong><\/em>,\u00a0<em>pokud bude m\u00edt z\u00e1jem<\/em>.<\/p>\n<\/div>\n<p><a href=\"https:\/\/ceskavec.com\/2022\/07\/opozicni-volebni-bizar-za-svobodne-kandiduje-izraelsky-zidovsky-rabin-bohbot\">\u010cesk\u00e1 v\u011bc<\/a><\/p>\n<p>&nbsp;<\/p>\n","protected":false},"excerpt":{"rendered":"<p>\u201eVlasteneck\u00e9 opozi\u010dn\u00ed\u201c strany si ani letos nemohly odpustit volebn\u00ed biz\u00e1r. Za Svobodn\u00e9 op\u011bt kandiduje Izraelsk\u00fd&#8230;<\/p>\n","protected":false},"author":2,"featured_media":4760,"comment_status":"closed","ping_status":"closed","sticky":false,"template":"","format":"standard","meta":[],"categories":[6],"tags":[974,1199,462,465,27],"_links":{"self":[{"href":"https:\/\/www.infokuryr.cz\/n\/wp-json\/wp\/v2\/posts\/12090"}],"collection":[{"href":"https:\/\/www.infokuryr.cz\/n\/wp-json\/wp\/v2\/posts"}],"about":[{"href":"https:\/\/www.infokuryr.cz\/n\/wp-json\/wp\/v2\/types\/post"}],"author":[{"embeddable":true,"href":"https:\/\/www.infokuryr.cz\/n\/wp-json\/wp\/v2\/users\/2"}],"replies":[{"embeddable":true,"href":"https:\/\/www.infokuryr.cz\/n\/wp-json\/wp\/v2\/comments?post=12090"}],"version-history":[{"count":0,"href":"https:\/\/www.infokuryr.cz\/n\/wp-json\/wp\/v2\/posts\/12090\/revisions"}],"wp:featuredmedia":[{"embeddable":true,"href":"https:\/\/www.infokuryr.cz\/n\/wp-json\/wp\/v2\/media\/4760"}],"wp:attachment":[{"href":"https:\/\/www.infokuryr.cz\/n\/wp-json\/wp\/v2\/media?parent=12090"}],"wp:term":[{"taxonomy":"category","embeddable":true,"href":"https:\/\/www.infokuryr.cz\/n\/wp-json\/wp\/v2\/categories?post=12090"},{"taxonomy":"post_tag","embeddable":true,"href":"https:\/\/www.infokuryr.cz\/n\/wp-json\/wp\/v2\/tags?post=12090"}],"curies":[{"name":"wp","href":"https:\/\/api.w.org\/{rel}","templated":true}]}}