{"id":12068,"date":"2022-07-04T01:00:09","date_gmt":"2022-07-03T23:00:09","guid":{"rendered":"http:\/\/www.infokuryr.cz\/n\/?p=12068"},"modified":"2022-07-03T15:45:14","modified_gmt":"2022-07-03T13:45:14","slug":"jana-bobosikova-a-jeji-aby-bylo-jasno-krize-zapadu","status":"publish","type":"post","link":"https:\/\/www.infokuryr.cz\/n\/2022\/07\/04\/jana-bobosikova-a-jeji-aby-bylo-jasno-krize-zapadu\/","title":{"rendered":"Jana Bobo\u0161\u00edkov\u00e1 a jej\u00ed Aby bylo jasno: Krize Z\u00e1padu"},"content":{"rendered":"<div id=\"fb-root\"><\/div>\n<p><span class=\"style-scope yt-formatted-string\" dir=\"auto\">Je pokles odvahy prvn\u00edm p\u0159\u00edznakem konce? Triumfuje pod pl\u00e1\u0161t\u00edkem demokratick\u00fdch omezen\u00ed pr\u016fm\u011brnost? Novin\u00e1\u0159 na komunistick\u00e9m V\u00fdchod\u011b je jmenov\u00e1n jako st\u00e1tn\u00ed \u00fa\u0159edn\u00edk, ale kdo volil z\u00e1padn\u00ed novin\u00e1\u0159e do jejich mocensk\u00fdch pozic? Ohro\u017euje n\u00e1s \u00fapadek um\u011bn\u00ed nebo nep\u0159\u00edtomnost velik\u00fdch st\u00e1tn\u00edk\u016f? To nejsou ot\u00e1zky, kter\u00e9 si kladou dne\u0161n\u00ed kritici Z\u00e1padu. To jsou probl\u00e9my, o\u00a0kter\u00fdch t\u00e9m\u011b\u0159 p\u0159ed p\u016fl stolet\u00edm otev\u0159en\u011b hovo\u0159il\u2026 uk\u00e1\u017eeme V\u00e1m, kdo. Cel\u00fd projev Alexandra Sol\u017eenicyna jev \u010de\u0161tin\u011b k\u00a0dispozici zde:\u00a0<\/span><a class=\"yt-simple-endpoint style-scope yt-formatted-string\" dir=\"auto\" spellcheck=\"false\" href=\"https:\/\/www.youtube.com\/redirect?event=video_description&amp;redir_token=QUFFLUhqa2xkUGxDak9xbFpJVm1qU3BhZ1RHVXBYTnFjd3xBQ3Jtc0tuVGczcXZHZGJqYjVvelpVUUFLbVJ3SVVDLUZ6R2ZwU0VyUTFBbVMxXy1yNXFQS21kem40WGpnRkQtcXlmMWU0Y0tZbjZsSC0xNjVsa3ZvTGYwNUxiNndqUExrUENPVkV3OUFZTmJHbWpxQUpYXzVoYw&amp;q=https%3A%2F%2Fkritika.sk%2Fpdf%2F45_46%2F13.pdf&amp;v=m-mHteu8IEE\" target=\"_blank\" rel=\"nofollow noopener\">https:\/\/kritika.sk\/pdf\/45_46\/13.pdf<\/a><\/p>\n<p><iframe loading=\"lazy\" title=\"Trpk\u00e1 pravda: Podl\u00e9z\u00e1n\u00ed. Zbab\u011blost. Triumf pr\u016fm\u011brnosti. Unifikovan\u00e1 m\u00e9dia. A. Sol\u017eenicyn na Harvardu\" width=\"640\" height=\"360\" src=\"https:\/\/www.youtube.com\/embed\/m-mHteu8IEE?feature=oembed\" frameborder=\"0\" allow=\"accelerometer; autoplay; clipboard-write; encrypted-media; gyroscope; picture-in-picture\" allowfullscreen><\/iframe><\/p>\n<p><img decoding=\"async\" loading=\"lazy\" class=\"alignnone size-full wp-image-1185\" src=\"http:\/\/www.infokuryr.cz\/n\/wp-content\/uploads\/2021\/04\/kuryr-podpis.png\" alt=\"\" width=\"84\" height=\"24\" \/><\/p>\n<p>&nbsp;<\/p>\n","protected":false},"excerpt":{"rendered":"<p>Je pokles odvahy prvn\u00edm p\u0159\u00edznakem konce? Triumfuje pod pl\u00e1\u0161t\u00edkem demokratick\u00fdch omezen\u00ed pr\u016fm\u011brnost? Novin\u00e1\u0159 na komunistick\u00e9m&#8230;<\/p>\n","protected":false},"author":2,"featured_media":12069,"comment_status":"closed","ping_status":"closed","sticky":false,"template":"","format":"standard","meta":[],"categories":[6],"tags":[1842,29,889,365],"_links":{"self":[{"href":"https:\/\/www.infokuryr.cz\/n\/wp-json\/wp\/v2\/posts\/12068"}],"collection":[{"href":"https:\/\/www.infokuryr.cz\/n\/wp-json\/wp\/v2\/posts"}],"about":[{"href":"https:\/\/www.infokuryr.cz\/n\/wp-json\/wp\/v2\/types\/post"}],"author":[{"embeddable":true,"href":"https:\/\/www.infokuryr.cz\/n\/wp-json\/wp\/v2\/users\/2"}],"replies":[{"embeddable":true,"href":"https:\/\/www.infokuryr.cz\/n\/wp-json\/wp\/v2\/comments?post=12068"}],"version-history":[{"count":1,"href":"https:\/\/www.infokuryr.cz\/n\/wp-json\/wp\/v2\/posts\/12068\/revisions"}],"predecessor-version":[{"id":12070,"href":"https:\/\/www.infokuryr.cz\/n\/wp-json\/wp\/v2\/posts\/12068\/revisions\/12070"}],"wp:featuredmedia":[{"embeddable":true,"href":"https:\/\/www.infokuryr.cz\/n\/wp-json\/wp\/v2\/media\/12069"}],"wp:attachment":[{"href":"https:\/\/www.infokuryr.cz\/n\/wp-json\/wp\/v2\/media?parent=12068"}],"wp:term":[{"taxonomy":"category","embeddable":true,"href":"https:\/\/www.infokuryr.cz\/n\/wp-json\/wp\/v2\/categories?post=12068"},{"taxonomy":"post_tag","embeddable":true,"href":"https:\/\/www.infokuryr.cz\/n\/wp-json\/wp\/v2\/tags?post=12068"}],"curies":[{"name":"wp","href":"https:\/\/api.w.org\/{rel}","templated":true}]}}