{"id":12023,"date":"2022-07-02T01:39:05","date_gmt":"2022-07-01T23:39:05","guid":{"rendered":"http:\/\/www.infokuryr.cz\/n\/?p=12023"},"modified":"2022-07-02T01:39:05","modified_gmt":"2022-07-01T23:39:05","slug":"slachta-kauza-hlubucek-saha-i-do-ceske-televize","status":"publish","type":"post","link":"https:\/\/www.infokuryr.cz\/n\/2022\/07\/02\/slachta-kauza-hlubucek-saha-i-do-ceske-televize\/","title":{"rendered":"\u0160lachta: Kauza Hlubu\u010dek sah\u00e1 i do \u010cesk\u00e9 televize"},"content":{"rendered":"<div id=\"fb-root\"><\/div>\n<p>Hlubu\u010dek se sv\u00fdm komplicem Ho\u0161t\u00e1kem obrali m\u011bsto o\u00a0v\u00edc jak p\u016fl miliardy korun d\u00edky \u010dachr\u016fm s\u00a0pozemky. Jenom na Palmovce to byly pozemky v\u00a0hodnot\u011b 382 milion\u016f korun!<\/p>\n<p>Tahle kauza m\u00e1 taky zaj\u00edmavou dal\u0161\u00ed stopu a\u00a0ta sah\u00e1 do \u010cesk\u00e9 televize.<\/p>\n<p><strong>392 milion\u016f korun. To je fin\u00e1ln\u00ed cenovka dal\u0161\u00ed gigantick\u00e9 loupe\u017ee STANu.<\/strong>\u00a0Odhalil jsem ji v\u010dera v\u00a0\u017eiv\u00e9m vys\u00edl\u00e1n\u00ed. Pokud jste to v\u010dera nestihli, tak v\u00e1m shrnu to nejd\u016fle\u017eit\u011bj\u0161\u00ed.<\/p>\n<p>Kamil Ho\u0161\u0165\u00e1k. To je jm\u00e9no, kter\u00e9 si mus\u00edte zapamatovat. To je developer, kter\u00fd d\u00edky napojen\u00ed na Hlubu\u010dka z\u00edskal pozemky v\u00a0Lysolaj\u00edch za \u00fapln\u011b sm\u011b\u0161nou cenu. M\u00edsto obvykl\u00fdch 7000 korun odkoupil pozemky za 3000 korun za metr \u010dtvere\u010dn\u00ed, a\u00a0to v\u0161echno samoz\u0159ejm\u011b bez v\u00fdb\u011brov\u00e9ho \u0159\u00edzen\u00ed a\u00a0pod podm\u00ednkou, \u017ee tam vznikne domov pro seniory.<\/p>\n<p>\u017d\u00e1dn\u00fd domov pro seniory ale nevznikl. Na p\u016fvodn\u00edm pozemku dnes stoj\u00ed luxusn\u00ed bydlen\u00ed, na kter\u00e9m tihle p\u00e1nov\u00e9 vyd\u011blali miliony korun. Konkr\u00e9tn\u011b 180 milion\u016f korun, o\u00a0kter\u00e9 spole\u010dn\u011b okradli m\u011bsto a\u00a0n\u00e1s v\u0161echny.<\/p>\n<p><strong>Te\u010f ale k\u00a0je\u0161t\u011b v\u011bt\u0161\u00ed loupe\u017ei. K\u00a0Palmovce.<\/strong><\/p>\n<p>U\u017e v\u00a0roce 2006 se spole\u010dnost s\u00a0pozd\u011bj\u0161\u00edm n\u00e1zvem AKVO Praha zav\u00e1zala, \u017ee zrevitalizuje prostor na Palmovce a\u00a0na z\u00e1klad\u011b toho pak bude moci koupit tyhle lukrativn\u00ed pozemky v\u00a0centru Prahy, p\u0159\u00edmo na metru.<\/p>\n<p>V\u00edc, ne\u017e deset let to tady ch\u00e1tralo, nikdo nekopl do zem\u011b, \u017e\u00e1dn\u00e1 revitalizace neprob\u011bhla, \u017e\u00e1dn\u00e9 byty a\u00a0obchody. Nic.<\/p>\n<p>U\u017e to vypadalo, \u017ee spole\u010dnosti AKVO by m\u011bl Dopravn\u00ed podnik smlouvu vypov\u011bd\u011bt, proto\u017ee neplnili nic z\u00a0toho, co m\u011bli. Jen\u017ee p\u0159ich\u00e1z\u00ed zlomov\u00fd okam\u017eik a\u00a0v\u00a0n\u011bm Hlubu\u010dek, kter\u00fd z\u0159ejm\u011b vyc\u00edtil svoji \u0161anci.<\/p>\n<p>Do spole\u010dnosti AKVO Praha proto vstupuje Kamil Ho\u0161t\u00e1k. Ten sam\u00fd Ho\u0161\u0165\u00e1k developer, kter\u00fd s\u00a0Hlubu\u010dkem kradl s\u00a0Lysolaj\u00edch, z\u00edsk\u00e1v\u00e1 za 200 tis\u00edc t\u0159etinu firmy AKVO. V\u00a0tu chv\u00edli se Dopravn\u00ed podnik se spole\u010dnost\u00ed vyrovnal, tak\u017ee v\u00a0podstat\u011b na v\u0161echno zapomn\u011bli a\u00a0jeli d\u00e1l.<\/p>\n<p>Na Palmovku vznik\u00e1 posudek na odhad ceny, ve kter\u00e9m je tak\u00e9 autobusov\u00e9 n\u00e1dra\u017e\u00ed. Velk\u00fd prostor, kter\u00fd nem\u016f\u017ee b\u00fdt komer\u010dn\u011b vyu\u017eit\u00fd. Prostor, kde by m\u011bli st\u00e1t autobusy, a\u00a0nikoliv kav\u00e1rny a\u00a0obchody. Tomu taky odpov\u00edd\u00e1 v\u00fd\u0161e posudku. Ta je pon\u00ed\u017eena o\u00a0prostory n\u00e1dra\u017e\u00ed.<\/p>\n<p>A pak p\u0159ich\u00e1z\u00ed kouzlo a\u00a0n\u00e1dra\u017e\u00ed je z\u00a0prostoru vyvedeno. Cel\u00fd prostor se ale prod\u00e1v\u00e1 na z\u00e1klad\u011b posudku, jako by tam po\u0159\u00e1d bylo.<\/p>\n<p>AKVO Praha tedy plat\u00ed za pozemky 88 milion\u016f korun.<\/p>\n<p>Jak\u00e1 je ale jejich skute\u010dn\u00e1 hodnota?<\/p>\n<p>480 milion\u016f!<\/p>\n<p>\u0160koda pro m\u011bsto a\u00a0pro n\u00e1s v\u0161echny je tedy v\u00edc jak 392 milion\u016f korun!!!<\/p>\n<p><strong>Tohle je dal\u0161\u00ed kauza korupc\u00ed prolezl\u00e9ho STANu!<\/strong><\/p>\n<p>Ale sledujte m\u011b d\u00e1l, po\u0159\u00e1d to nekon\u010d\u00ed! U\u017e dneska ve\u010der m\u00e1m pro v\u00e1s pokra\u010dov\u00e1n\u00ed kauzy Hlubu\u010dek. Kam to a\u017e sah\u00e1?<\/p>\n<p>Nenechejte si to uj\u00edt a\u00a0d\u00edvejte se \u017eiv\u011b<\/p>\n<p><strong>\u2013 \u2013 \u2013 \u2013<\/strong><\/p>\n<p><strong>Kdyby \u010cesk\u00e1 televize pracovala tak, jak m\u00e1, tak by se n\u00e1m chobotnice, jako je STAN, nerozjela do tak obrovsk\u00fdch rozm\u011br\u016f.<\/strong>\u00a0Dneska u\u017e je v\u0161eobecn\u011b zn\u00e1m\u00e9, i\u00a0na z\u00e1klad\u011b agentur, kter\u00e9 se v\u011bnuj\u00ed monitoringu m\u00e9di\u00ed, \u017ee \u010cT tak trochu fandila p\u0159ed volbami panu Raku\u0161anovi a\u00a0STANu, p\u00ed\u0161e na<a href=\"https:\/\/www.facebook.com\/robertslachtaofficial\" target=\"_blank\" rel=\"noreferrer noopener\">\u00a0facebooku<\/a>\u00a0Robert \u0160lachta.<\/p>\n<p>Te\u010f jde ale o\u00a0v\u00edc. Te\u010f jde o\u00a0des\u00edtky, mo\u017en\u00e1 stovky milion\u016f korun, kter\u00e9 se z\u0159ejm\u011b daly zachr\u00e1nit, kdyby \u010cesk\u00e1 televize d\u011blala to, co m\u00e1. Ona toti\u017e mohla a\u00a0m\u011bla za va\u0161e pen\u00edze z\u00a0koncesion\u00e1\u0159sk\u00fdch poplatk\u016f nato\u010dit investigativn\u00ed report\u00e1\u017e, ke kter\u00e9 m\u011bla podle m\u00fdch informac\u00ed v\u0161echny podklady.<\/p>\n<h4><strong>A o\u00a0co tedy jde?<\/strong><\/h4>\n<p>Do ruky se mi v\u00a0souvislosti s\u00a0kauzami, o\u00a0kter\u00fdch jsme v\u00e1s v\u010dera informoval, dostal taky dopis, kter\u00fd u\u017e v\u00a0\u00fanoru 2020 doputoval k\u00a0panu gener\u00e1ln\u00edmu \u0159editeli Dvo\u0159\u00e1kovi. Ono tam t\u011bch adres\u00e1t\u016f bylo v\u00edc ale poj\u010fme se te\u010f v\u011bnovat \u010cesk\u00e9 televizi, panu \u0159editeli Dvo\u0159\u00e1kovi a\u00a0funkci televizn\u00ed rady.<\/p>\n<p>V dopise se pan, kter\u00fd je obezn\u00e1men s\u00a0celou kauzou, obrac\u00ed na gener\u00e1ln\u00edho \u0159editele s\u00a0t\u00edm, \u017ee se dozv\u011bd\u011bl, \u017ee report\u00e1\u017e o\u00a0kauze byla zastavena a\u00a0proto p\u00ed\u0161e:<\/p>\n<p><em><strong>\u201eSledoval jsem nat\u00e1\u010den\u00ed kauzy, kter\u00e1 se to\u010dila v\u00a0po\u0159adu Report\u00e9\u0159i \u010cT. Byl jsem obezn\u00e1men se v\u0161emi fakty, kter\u00e9 v\u00a0t\u00e9to report\u00e1\u017ei m\u011bly zazn\u00edt a\u00a0byl jsem p\u0159esv\u011bd\u010den, \u017ee jde o\u00a0naprosto z\u00e1sadn\u00ed t\u00e9ma, kter\u00e9 se t\u00fdk\u00e1 ve\u0159ejn\u00fdch prost\u0159edk\u016f, tedy z\u00a0m\u00e9ho pohledu o\u00a0jejich rozkr\u00e1d\u00e1n\u00ed. Proto\u017ee jde o\u00a0stovky milion\u016f, domn\u00edval jsem se, \u017ee jde o\u00a0t\u00e9ma pr\u00e1v\u011b pro \u010ceskou televizi.<\/strong><\/em><\/p>\n<p><em><strong>Bohu\u017eel tento po\u0159ad, a\u010d se aktivn\u011b to\u010dil, nikdy odvys\u00edl\u00e1n nebyl. Nechci te\u010f \u0159e\u0161it mrh\u00e1n\u00ed ve\u0159ejn\u00fdmi pen\u011bzi, proto\u017ee i\u00a0to jist\u011b n\u011bco st\u00e1lo.<\/strong><\/em><\/p>\n<p><em><strong>Po\u0159ad se za\u010dal to\u010dit n\u011bkdy v\u00a0\u0159\u00edjnu, od za\u010d\u00e1tku byly vid\u011bt snahy ho zastavit, co\u017e se nakonec skute\u010dn\u011b poda\u0159ilo.\u201c<\/strong><\/em><\/p>\n<p>Ano, \u010dtete dob\u0159e, po\u0159ad se to\u010dil u\u017e v\u00a0\u0159\u00edjnu 2019 a\u00a0minim\u00e1ln\u011b na za\u010d\u00e1tku roku 2020, kdy \u0159editel Dvo\u0159\u00e1k tenhle dopis dostal, m\u011bl informaci o\u00a0tom, \u017ee v\u00a0Report\u00e9rech \u010cT maj\u00ed v\u0161echny materi\u00e1ly ke kauz\u00e1m Lysolaje a\u00a0Palmovka. P\u0159esto report\u00e1\u017e zastavili.<\/p>\n<p>Pan tady popisuje kauzu o\u00a0ztr\u00e1t\u011b stovek milion\u016f korun a\u00a0v\u00a0z\u00e1v\u011bru pot\u00e9 shrnuje v\u0161echno do n\u011bkolika ot\u00e1zek.<br \/>\nV\u0161echny ot\u00e1zky budou na na\u0161em webu ale tady m\u00e1te n\u011bkolik nejz\u00e1sadn\u011bj\u0161\u00edch z\u00a0nich:<\/p>\n<ol>\n<li>Pro\u010d se neodvys\u00edlaly report\u00e1\u017ee, kter\u00e9 to\u010dila report\u00e9rka Dobi\u00e1\u0161ov\u00e1. Bylo to m\u00e1lo pen\u011bz, kter\u00e9 se tam ztratily a\u00a0pokud ano, jak\u00fd je limit pro vys\u00edl\u00e1n\u00ed kauzy v\u00a0Report\u00e9rech \u010cT, pokud des\u00edtky milion\u016f nesta\u010d\u00ed?<\/li>\n<li>Je pravdou, \u017ee se Report\u00e9\u0159i \u010cT nemohou zab\u00fdvat, ani zpravodajstv\u00ed \u2013 pan\u00ed Witovsk\u00e1 (man\u017eelka gener\u00e1ln\u00edho \u0159editele dopravn\u00edho podniku) kauzami spojen\u00fdmi s\u00a0dopravn\u00edm podnikem? Nap\u0159\u00edklad p\u0159evody m\u011bstsk\u00fdch pozemk\u016f, zakl\u00e1d\u00e1n\u00ed spole\u010dn\u00fdch podnik\u016f, zak\u00e1zky v\u00a0\u0159\u00e1dech stovek milion\u016f bez v\u00fdb\u011brov\u00e9ho \u0159\u00edzen\u00ed? Kdy naposledy o\u00a0tom Report\u00e9\u0159i to\u010dili?<\/li>\n<li>M\u016f\u017ee to b\u00fdt v\u00a0rozporu s\u00a0dobr\u00fdmi mravy a\u00a0dokonce, m\u016f\u017ee j\u00edt o\u00a0st\u0159et z\u00e1jm\u016f, kdy\u017e: Pan\u00ed Snopov\u00e1 \u017eije s\u00a0jedn\u00edm z\u00a0vedouc\u00edch mana\u017eer\u016f dopravn\u00edho podniku \u2013 s\u00a0vedouc\u00edm odboru Centr\u00e1ln\u00edho n\u00e1kupu a\u00a0Pan\u00ed Witowsk\u00e1 je man\u017eelkou gener\u00e1ln\u00edho \u0159editele dopravn\u00edho podniku?<\/li>\n<li>Pokud jde z\u00a0va\u0161eho pohledu o\u00a0st\u0159et z\u00e1jm\u016f a\u00a0o\u00a0prov\u00e1zanost veden\u00ed redakce Report\u00e9\u0159i \u010cT na veden\u00ed dopravn\u00edho podniku, d\u00edky kter\u00e9mu jsou zastavov\u00e1ny report\u00e1\u017ee, pova\u017eoval byste to za selh\u00e1n\u00ed \u010cesk\u00e9 televize p\u0159i\u00a0pln\u011bn\u00ed jej\u00ed ve\u0159ejn\u00e9 funkce?<\/li>\n<\/ol>\n<p><strong>Ale j\u00e1 bych cht\u011bl taky dal\u0161\u00ed odpov\u011bdi.<\/strong><\/p>\n<ul>\n<li>Jak je mo\u017en\u00e9, \u017ee se zastavily report\u00e1\u017ee, kter\u00e9 dneska pln\u00ed tituln\u00ed str\u00e1nky novin? T\u00e9ma Lysolaj\u00ed, Hlubu\u010dka, t\u00e9ma prodeje pozemku kolem metra na Palmovce?<\/li>\n<li>Je to pro v\u00e1s pane gener\u00e1ln\u00ed \u0159editeli m\u00e1lo? Des\u00edtky nebo stovky milion\u016f?<\/li>\n<li>Je snad pan Wollner \u0161patn\u00fd novin\u00e1\u0159, proto\u017ee v\u00a0tom nevid\u011bl kauzu? On by p\u0159ece na sv\u00e9 pozici m\u011bl b\u00fdt t\u00edm, kdo kauzu pozn\u00e1 a\u00a0m\u011bl by b\u00fdt taky schopen ji zpracovat. V\u017edy\u0165 tyhle kauzy dneska pln\u00ed tituln\u00ed str\u00e1nky novin.<\/li>\n<li>P\u0159ece nem\u016f\u017ee kv\u016fli sv\u00e9 neschopnosti zastavit kauzu, ve kter\u00e9 jde o\u00a0rozkraden\u00ed stovek milion\u016f korun z\u00a0ve\u0159ejn\u00fdch kapes. Nebo \u017ee by snad pan Wollner \u010delil tlak\u016fm lobbist\u016f a\u00a0neust\u00e1l to?<\/li>\n<li>A v\u00edte \u017ee by m\u011b to zaj\u00edmalo? Jestli pan Wollner komunikoval s\u00a0Hlubu\u010dkem, Ho\u0161\u0165\u00e1kem p\u0159\u00edpadn\u011b s\u00a0n\u011bjak\u00fdmi lobbisty?<\/li>\n<li>Koho v\u016fbec \u010cT v\u00a0souvislosti s\u00a0kauzou oslovila?<\/li>\n<\/ul>\n<p><strong>Pane gener\u00e1ln\u00ed \u0159editeli, tenhle \u010dlov\u011bk po\u00a0v\u00e1s a\u00a0po\u00a0rad\u011b \u010cT cht\u011bl vysv\u011btlen\u00ed. Cht\u011bl, abyste se touto kauzou zaob\u00edrali na zased\u00e1n\u00ed rady, kterou lze mimochodem ve\u0159ejn\u011b sledovat. Jen\u017ee tenhle p\u00e1n \u00fapln\u011b zbyte\u010dn\u011b sed\u011bl a\u00a0poslouchal zased\u00e1n\u00ed rady jedno za druh\u00fdm, ale nic se tam o\u00a0tom nedozv\u011bd\u011bl, nepadlo tam o\u00a0tom ani slovo<\/strong>.<\/p>\n<p>P\u0159ece n\u00e1m pane gener\u00e1ln\u00ed \u0159editeli nem\u016f\u017eete tvrdit, \u017ee zastavit takovou report\u00e1\u017e m\u016f\u017ee pan Wollner jenom ze sv\u00e9 v\u016fle. Vy jste p\u0159ece dostal informaci, co se stalo.<\/p>\n<p>\u017d\u00e1d\u00e1m v\u00e1s proto o\u00a0p\u0159edlo\u017een\u00ed p\u00edsemn\u00e9 korespondence, co \u0161lo z\u00a0va\u0161\u00ed kancel\u00e1\u0159e gener\u00e1ln\u00edho \u0159editele k\u00a0panu Wollnerovi.<\/p>\n<p><strong>Cht\u011bl jste n\u011bjak\u00e9 vysv\u011btlen\u00ed? Ptal jste se, pro\u010d zastavil tuto kauzu? A\u00a0co jste se dozv\u011bd\u011bl?<\/strong><\/p>\n<p>P\u0159edpokl\u00e1d\u00e1m, \u017ee mezi v\u00e1mi a\u00a0panem Wollnerem nen\u00ed kamar\u00e1dsk\u00fd vztah, tak\u017ee ur\u010dit\u011b budete m\u00edt p\u00edsemn\u00e9 vysv\u011btlen\u00ed, kter\u00e9 byste m\u011bl p\u0159edlo\u017eit na p\u0159\u00ed\u0161t\u00edm zased\u00e1n\u00ed rady \u010cesk\u00e9 televize.<\/p>\n<p>Opravdu si pane \u0159editeli mysl\u00edte, \u017ee pan\u00ed Snopov\u00e1 m\u00e1 z\u00e1jem na odvys\u00edl\u00e1ni report\u00e1\u017ei o\u00a0dopravn\u00edm podniku, kdy\u017e jej\u00ed p\u0159\u00edtel byl nejbli\u017e\u0161\u00edm spolupracovn\u00edkem pana Witowsk\u00e9ho?<\/p>\n<p>Jsem si \u00fapln\u011b jist\u00fd, \u017ee \u010cesk\u00e1 televize zaujme stejn\u00fd postoj, jak\u00fd m\u00e1 Raku\u0161an posledn\u00ed dny. V\u0161echno vyml\u010dovat, hr\u00e1t mrtv\u00e9ho brouka a\u00a0j\u00edt d\u00e1l.<\/p>\n<p>To ale nesm\u00edme dopustit.<\/p>\n<p><strong>Tak\u017ee, adresa na radu \u010cesk\u00e9 televize je\u00a0<a href=\"mailto:radact@ceskatelevize.cz\">radact@ceskatelevize.cz<\/a><br \/>\nAdresa na pana \u0159editele\u00a0<a href=\"mailto:petr.dvorak@cesakatelevize.cz\">petr.dvorak@cesakatelevize.cz<\/a><\/strong><\/p>\n<p>Pokud i\u00a0v\u00e1s zaj\u00edm\u00e1, co se stalo, pokud i\u00a0vy chcete v\u011bd\u011bt odpov\u011bdi, co se stalo v\u00a0roce 2020, poj\u010fme mu napsat. J\u00e1 mu ur\u010dit\u011b nap\u00ed\u0161u.<\/p>\n<p>A tady jsou ot\u00e1zky:<\/p>\n<ul>\n<li>Pro\u010d se zastavila kauza Lysolaje a\u00a0Palmovka, kdy\u017e u\u017e se to\u010dila?<\/li>\n<li>P\u0159edlo\u017ete radn\u00edm a\u00a0koncesion\u00e1\u0159\u016fm, co jste psal Wollnerovi, kdy\u017e jste tenhle dopis dostal do ruky.<\/li>\n<li>\u010c\u00edm v\u00e1s pan Wollner p\u0159esv\u011bd\u010dil, \u017ee o\u00a0kauzu nejde a\u00a0zastavil jej\u00ed odvys\u00edl\u00e1n\u00ed?<\/li>\n<li>Pova\u017eujete za st\u0159et z\u00e1jmu p\u016fsoben\u00ed pan\u00ed Snopov\u00e9 a\u00a0Witowsk\u00e1 na vedouc\u00edch funkc\u00edch v\u00a0\u010cesk\u00e9 televizi?<\/li>\n<li>M\u016f\u017ee to b\u00fdt d\u016fvod k\u00a0zastaven\u00ed kauz o\u00a0Dopravn\u00edm podniku m\u011bsta Prahy?<\/li>\n<li>My jsme koncesion\u00e1\u0159i, my mus\u00edme zn\u00e1t odpov\u011bdi, a\u00a0proto je chceme. Od toho si plat\u00edme gener\u00e1ln\u00edho \u0159editele a\u00a0radu \u010cesk\u00e9 televize.<\/li>\n<\/ul>\n<p><strong>A posledn\u00ed v\u011bc, kter\u00e1 mi na cel\u00e9m tomhle p\u0159\u00edpadu zvedla tlak. Anonym, kter\u00fd n\u00e1m p\u0159i\u0161el a\u00a0na z\u00e1klad\u011b kter\u00e9ho jsem v\u010dera podal trestn\u00ed ozn\u00e1men\u00ed, dostali i\u00a0jin\u00ed politici. Dostal ho konkr\u00e9tn\u011b Andrej Babi\u0161 a\u00a0taky prim\u00e1tor Prahy Zden\u011bk H\u0159ib, a\u00a0to je\u0161t\u011b v\u00a0\u00fanoru roku 2020! Op\u011bt m\u011bli v\u00edc ne\u017e dva roky na to, aby zastavili tyhle \u0161\u00edlen\u00e9 loupe\u017ee STANu. A\u00a0neud\u011blali ABSOLUTN\u011a NIC!<\/strong><\/p>\n<p><strong>Dva roky.<\/strong><\/p>\n<p>Tak dlouho o\u00a0v\u0161em v\u011bd\u011bli v\u00a0\u010cesk\u00e9 televizi, tak dlouho o\u00a0tom v\u011bd\u011bl Babi\u0161 a\u00a0taky H\u0159ib a\u00a0neud\u011blali v\u016fbec a\u00a0absolutn\u011b nic!<\/p>\n<div class=\"wp-block-image\">\n<figure class=\"aligncenter size-large is-resized\"><img decoding=\"async\" loading=\"lazy\" class=\"aligncenter\" src=\"https:\/\/www.novarepublika.online\/wp-content\/uploads\/2022\/07\/291177752_494502695810664_4755998689178776509_n.jpg\" alt=\"\" width=\"759\" height=\"506\" \/><figcaption>V\u010dera jsem v\u00e1m popsal, \u017ee Report\u00e9\u0159i \u010cT m\u011bli kauzu Hlubu\u010dka u\u017e od roku 2019. Report\u00e9r\u016fm \u0161\u00e9fuje pan Wollner. Ano, na t\u00e9hle fotce je to ten vpravo. Vedle Hlubu\u010dka. Tak a te\u010f si po\u010dk\u00e1m na odpov\u011bdi od gener\u00e1ln\u00edho \u0159editele \u010cT, pro\u010d kauzu neodvys\u00edlali.<\/figcaption><\/figure>\n<\/div>\n<p><em>Autor: Robert \u0160lachta, zdroj:\u00a0<a href=\"https:\/\/www.facebook.com\/robertslachtaofficial\" target=\"_blank\" rel=\"noreferrer noopener\">facebook autora<\/a>\u00a0a\u00a0<a href=\"http:\/\/www.regionalninovinky.cz\/zpravy\/politika\/slachta-kauza-hlubucek-saha-i-do-ceske-televize\/\">Prvn\u00ed zpr\u00e1vy<\/a><\/em><br \/>\nNov\u00e1 republika<\/p>\n<p>&nbsp;<\/p>\n<div class=\"wpdiscuz-post-rating-wrap wpd-custom-field\">\n<div class=\"wpd-rating\" title=\"Ohodnotit p\u0159\u00edsp\u011bvek\">\n<div class=\"wpd-rating-wrap\"><\/div>\n<\/div>\n<\/div>\n","protected":false},"excerpt":{"rendered":"<p>Hlubu\u010dek se sv\u00fdm komplicem Ho\u0161t\u00e1kem obrali m\u011bsto o\u00a0v\u00edc jak p\u016fl miliardy korun d\u00edky \u010dachr\u016fm s\u00a0pozemky&#8230;.<\/p>\n","protected":false},"author":2,"featured_media":6402,"comment_status":"closed","ping_status":"closed","sticky":false,"template":"","format":"standard","meta":[],"categories":[6],"tags":[47,207,2721,424],"_links":{"self":[{"href":"https:\/\/www.infokuryr.cz\/n\/wp-json\/wp\/v2\/posts\/12023"}],"collection":[{"href":"https:\/\/www.infokuryr.cz\/n\/wp-json\/wp\/v2\/posts"}],"about":[{"href":"https:\/\/www.infokuryr.cz\/n\/wp-json\/wp\/v2\/types\/post"}],"author":[{"embeddable":true,"href":"https:\/\/www.infokuryr.cz\/n\/wp-json\/wp\/v2\/users\/2"}],"replies":[{"embeddable":true,"href":"https:\/\/www.infokuryr.cz\/n\/wp-json\/wp\/v2\/comments?post=12023"}],"version-history":[{"count":0,"href":"https:\/\/www.infokuryr.cz\/n\/wp-json\/wp\/v2\/posts\/12023\/revisions"}],"wp:featuredmedia":[{"embeddable":true,"href":"https:\/\/www.infokuryr.cz\/n\/wp-json\/wp\/v2\/media\/6402"}],"wp:attachment":[{"href":"https:\/\/www.infokuryr.cz\/n\/wp-json\/wp\/v2\/media?parent=12023"}],"wp:term":[{"taxonomy":"category","embeddable":true,"href":"https:\/\/www.infokuryr.cz\/n\/wp-json\/wp\/v2\/categories?post=12023"},{"taxonomy":"post_tag","embeddable":true,"href":"https:\/\/www.infokuryr.cz\/n\/wp-json\/wp\/v2\/tags?post=12023"}],"curies":[{"name":"wp","href":"https:\/\/api.w.org\/{rel}","templated":true}]}}