{"id":12014,"date":"2022-07-02T01:19:14","date_gmt":"2022-07-01T23:19:14","guid":{"rendered":"http:\/\/www.infokuryr.cz\/n\/?p=12014"},"modified":"2022-07-02T01:19:14","modified_gmt":"2022-07-01T23:19:14","slug":"dobrych-zprav-neni-nikdy-dost-liberalni-demokracie-smeruje-k-otevrene-totalite","status":"publish","type":"post","link":"https:\/\/www.infokuryr.cz\/n\/2022\/07\/02\/dobrych-zprav-neni-nikdy-dost-liberalni-demokracie-smeruje-k-otevrene-totalite\/","title":{"rendered":"Dobr\u00fdch zpr\u00e1v nen\u00ed nikdy dost. Liber\u00e1ln\u00ed demokracie sm\u011b\u0159uje k otev\u0159en\u00e9 totalit\u011b"},"content":{"rendered":"<div id=\"fb-root\"><\/div>\n<p><strong>Liber\u00e1ln\u00ed demokracie m\u00e1 v sob\u011b mechanismus, kter\u00fd nutn\u011b tento syst\u00e9m zavede k totalitn\u00ed diktatu\u0159e. T\u00e9to f\u00e1zi liber\u00e1ln\u00ed demokracie se nelze vyhnout<\/strong>. Obecn\u011b plat\u00ed, \u017ee \u010d\u00edm d\u0159\u00edve se do stavu totalitn\u00ed diktatury dostaneme, t\u00edm l\u00e9pe. Jen tak bude vytvo\u0159en prostor pro syst\u00e9movou zm\u011bnu.<\/p>\n<p>Ministerstvo vnitra m\u00e1 p\u0159ipravenou verzi z\u00e1kona proti \u0161\u00ed\u0159en\u00ed dezinformac\u00ed. To, \u010demu \u0159\u00edkaj\u00ed dezinformace, je tak\u00e9 druhem informace.\u00a0<strong>Nicm\u00e9n\u011b jde o informace, kter\u00e1 nezapadaj\u00ed do propagandistick\u00fdch narativ\u016f. Syst\u00e9m podobn\u00fdm z\u00e1konem komunikuje, \u017ee pad\u00e1 ke dnu.\u00a0<\/strong>Je velice d\u016fle\u017eit\u00e9 si uv\u011bdomit, \u017ee z\u00e1kon takto potla\u010duje dobrovolnost. Ji\u017e nesta\u010d\u00ed samotn\u00e1 masmedi\u00e1ln\u00ed propaganda. Vedle monolitn\u00ed mainstreamov\u00e9 propagandy je zde je\u0161t\u011b z\u00e1kon, kter\u00fd vynucuje v\u00edru v jeden typ narativ\u016f. Je t\u0159eba zapomenout, \u017ee by \u0161lo o hled\u00e1n\u00ed pravdy. Dne\u0161n\u00ed syst\u00e9m spojuje marxistickou dialektiku s postmodern\u00edm relativismem. V takto vymezen\u00e9m prostoru ani pravda nem\u016f\u017ee existovat. Pravda pot\u0159ebuje z\u00e1chytn\u00e9 body, o kter\u00fdch mluv\u00ed klasick\u00e1 filosofie jako o esenc\u00edch v\u011bc\u00ed.<\/p>\n<p>V liber\u00e1ln\u00ed demokracii esence v\u011bc\u00ed neexistuj\u00ed. Je pouze historicky prom\u011bnn\u00e1 pravda-existuje jen pluralita pravd.\u00a0<strong>Takto mus\u00edme nahl\u00ed\u017eet BOJ S DESINFORMACEMI JAKO POUHOU PROPAGANDISTICKOU STRATEGII!\u00a0<\/strong>Jestli si n\u011bkdo mysl\u00ed, \u017ee jde o pravdu, m\u011bl by si d\u00e1t v lep\u0161\u00edm p\u0159\u00edpad\u011b studenou sprchu. V hor\u0161\u00edm p\u0159\u00edpad\u011b se jedn\u00e1 o jedince se sekt\u00e1\u0159sk\u00fdm my\u0161len\u00edm. Zde jde o sebevra\u017eedn\u00fd fanatismus. Liber\u00e1ln\u00ed demokracii lze dnes charakterizovat ze dvou pohled\u016f. Totalitn\u00ed ideologii p\u0159edstavuje kulturn\u00ed marxismus.<\/p>\n<p>Jist\u00e1 \u010d\u00e1st populace kulturn\u011b marxistickou propagandu odm\u00edt\u00e1. Nev\u011b\u0159\u00ed Hollywoodu, masm\u00e9di\u00edm ani politik\u016fm.\u00a0<strong>Jejich n\u00e1zor je omezov\u00e1n z\u00e1kony PROTI NEN\u00c1VISTI. V tomto smyslu m\u00e1me celou paletu represivn\u00edch paragraf\u016f.<\/strong>\u00a0Jeliko\u017e kulturn\u00ed marxismus vytv\u00e1\u0159\u00ed chaos, v n\u011bm\u017e nen\u00ed mo\u017en\u00e9 uplatnit st\u00e1tn\u011b-n\u00e1rodn\u00ed z\u00e1jem, vl\u00e1dy se uj\u00edmaj\u00ed oligarchov\u00e9. To je stav dne\u0161n\u00ed \u010cR. Jsme kolonie Spojen\u00fdch st\u00e1t\u016f. A samotn\u00e9 Spojen\u00e9 st\u00e1ty jsou finan\u010dn\u00ed oligarchi\u00ed. Tedy mus\u00ed b\u00fdt omezen je\u0161t\u011b n\u00e1zor, kter\u00fd by nekorespondoval se z\u00e1jmem americk\u00fdch oligarch\u016f. Bum! A je zde.<\/p>\n<p><strong>KDO ODM\u00cdT\u00c1 KULTURN\u00cd MARXISMUS, TEN NEN\u00c1VID\u00cd. KDO ODM\u00cdT\u00c1 Z\u00c1JEM AMERICK\u00ddCH FINAN\u010cN\u00cdCH OLIGARCH\u016e, TEN \u0160\u00cd\u0158\u00cd DESINFORMACE<\/strong>. Podobn\u00e9 z\u00e1kony n\u00e1m d\u00e1vaj\u00ed nahl\u00e9dnout, o co jde. Z<strong>blbl\u00e1 populace se posouv\u00e1 k tyranii a navzdory r\u016fstu technologi\u00ed k b\u00edd\u011b. Jde o proces dlouhodob\u00fd, kter\u00fd se te\u010f pouze urychluje. Nahromad\u011bn\u00e9 l\u017ei a kr\u00e1de\u017ee p\u016fsob\u00ed se synergick\u00fdm efektem. V\u011bt\u0161ina absolutn\u011b netu\u0161\u00ed, co se d\u011bje. Mysl\u00ed si, \u017ee je spas\u00ed n\u011bjak\u00e1 politick\u00e1 strana. Uveden\u00e9 totalitn\u00ed z\u00e1kony je vyvedou z omylu.\u00a0<\/strong>Jen tak d\u00e1l! Syst\u00e9mov\u00e9 zm\u011bny v\u011bt\u0161inou prob\u00edhaj\u00ed v nadgenera\u010dn\u00edm \u010dasov\u00e9m horizontu. P\u011btikoalice a v\u00e1lka na Ukrajin\u011b ale v\u0161e urychluj\u00ed. Podobn\u00fd z\u00e1kon na stole na\u0161\u00ed Vl\u00e1dy d\u00e1v\u00e1 nad\u011bji, \u017ee se do\u017eijeme syst\u00e9mov\u00e9 zm\u011bny a potrest\u00e1n\u00ed vin\u00edk\u016f.<\/p>\n<p><a href=\"https:\/\/www.facebook.com\/vit.skalsky\">V\u00edt Skalsk\u00fd<\/a><\/p>\n<p>&nbsp;<\/p>\n","protected":false},"excerpt":{"rendered":"<p>Liber\u00e1ln\u00ed demokracie m\u00e1 v sob\u011b mechanismus, kter\u00fd nutn\u011b tento syst\u00e9m zavede k totalitn\u00ed diktatu\u0159e. T\u00e9to&#8230;<\/p>\n","protected":false},"author":2,"featured_media":9980,"comment_status":"closed","ping_status":"closed","sticky":false,"template":"","format":"standard","meta":[],"categories":[6],"tags":[2719,1045,48],"_links":{"self":[{"href":"https:\/\/www.infokuryr.cz\/n\/wp-json\/wp\/v2\/posts\/12014"}],"collection":[{"href":"https:\/\/www.infokuryr.cz\/n\/wp-json\/wp\/v2\/posts"}],"about":[{"href":"https:\/\/www.infokuryr.cz\/n\/wp-json\/wp\/v2\/types\/post"}],"author":[{"embeddable":true,"href":"https:\/\/www.infokuryr.cz\/n\/wp-json\/wp\/v2\/users\/2"}],"replies":[{"embeddable":true,"href":"https:\/\/www.infokuryr.cz\/n\/wp-json\/wp\/v2\/comments?post=12014"}],"version-history":[{"count":0,"href":"https:\/\/www.infokuryr.cz\/n\/wp-json\/wp\/v2\/posts\/12014\/revisions"}],"wp:featuredmedia":[{"embeddable":true,"href":"https:\/\/www.infokuryr.cz\/n\/wp-json\/wp\/v2\/media\/9980"}],"wp:attachment":[{"href":"https:\/\/www.infokuryr.cz\/n\/wp-json\/wp\/v2\/media?parent=12014"}],"wp:term":[{"taxonomy":"category","embeddable":true,"href":"https:\/\/www.infokuryr.cz\/n\/wp-json\/wp\/v2\/categories?post=12014"},{"taxonomy":"post_tag","embeddable":true,"href":"https:\/\/www.infokuryr.cz\/n\/wp-json\/wp\/v2\/tags?post=12014"}],"curies":[{"name":"wp","href":"https:\/\/api.w.org\/{rel}","templated":true}]}}