{"id":12011,"date":"2022-07-02T01:12:23","date_gmt":"2022-07-01T23:12:23","guid":{"rendered":"http:\/\/www.infokuryr.cz\/n\/?p=12011"},"modified":"2022-07-02T01:12:23","modified_gmt":"2022-07-01T23:12:23","slug":"reuters-k-poklesu-americke-ekonomiky-v-prvnim-ctvrtleti-vedly-ruzne-duvody","status":"publish","type":"post","link":"https:\/\/www.infokuryr.cz\/n\/2022\/07\/02\/reuters-k-poklesu-americke-ekonomiky-v-prvnim-ctvrtleti-vedly-ruzne-duvody\/","title":{"rendered":"Reuters: K poklesu americk\u00e9 ekonomiky v prvn\u00edm \u010dtvrtlet\u00ed vedly r\u016fzn\u00e9 d\u016fvody"},"content":{"rendered":"<div id=\"fb-root\"><\/div>\n<p>Podle zpr\u00e1vy tiskov\u00e9 agentury Reuters z 30. \u010dervna americk\u00e1 ekonomika v prvn\u00edm \u010dtvrtlet\u00ed poklesla o 1,6 procenta, proto\u017ee obchodn\u00ed deficit se prohloubil na rekordn\u00ed maximum a o\u017eiven\u00ed epidemie COVID-19 omezila v\u00fddaje na slu\u017eby, jako je nap\u0159\u00edklad z\u00e1bava a dal\u0161\u00ed. \u00dadaje o hrub\u00e9m dom\u00e1c\u00edm produktu (HDP) zve\u0159ejn\u011bn\u00e9 americk\u00fdm ministerstvem obchodu tak\u00e9 uk\u00e1zaly slabost americk\u00e9 ekonomiky. Mnoho ekonom\u016f o\u010dek\u00e1v\u00e1, \u017ee pokles HDP v prvn\u00edm \u010dtvrtlet\u00ed bude jen za\u010d\u00e1tkem poklesu americk\u00e9 ekonomiky.<\/p>\n<p>Podle zpr\u00e1vy americk\u00e9ho den\u00edku New York Times z 28. \u010dervna se mnoho ekonom\u016f domn\u00edv\u00e1, \u017ee ve Spojen\u00fdch st\u00e1tech se postupn\u011b zvy\u0161uje mo\u017enost hospod\u00e1\u0159sk\u00e9ho poklesu v budoucnu. Faktory, jakou jsou nap\u0159\u00edklad vysok\u00e1 inflace, rostouc\u00ed \u00farokov\u00e9 sazby, nestabiln\u00ed ekonomick\u00fd provoz a turbulentn\u00ed trhy, podporuj\u00ed rychl\u00fd pokles americk\u00e9ho hospod\u00e1\u0159stv\u00ed. Ti, kdo si mysl\u00ed, \u017ee Spojen\u00e9 st\u00e1ty se mohou vyhnout hospod\u00e1\u0159sk\u00e9 recesi, mus\u00ed tak\u00e9 p\u0159iznat, \u017ee tento jejich n\u00e1zor m\u016f\u017ee b\u00fdt p\u0159\u00edli\u0161 optimistick\u00fd.<\/p>\n<p><img decoding=\"async\" loading=\"lazy\" class=\"alignnone size-full wp-image-1185\" src=\"http:\/\/www.infokuryr.cz\/n\/wp-content\/uploads\/2021\/04\/kuryr-podpis.png\" alt=\"\" width=\"84\" height=\"24\" \/><\/p>\n<p>&nbsp;<\/p>\n","protected":false},"excerpt":{"rendered":"<p>Podle zpr\u00e1vy tiskov\u00e9 agentury Reuters z 30. \u010dervna americk\u00e1 ekonomika v prvn\u00edm \u010dtvrtlet\u00ed poklesla o&#8230;<\/p>\n","protected":false},"author":2,"featured_media":2862,"comment_status":"closed","ping_status":"closed","sticky":false,"template":"","format":"standard","meta":[],"categories":[7],"tags":[23,59,2718,37],"_links":{"self":[{"href":"https:\/\/www.infokuryr.cz\/n\/wp-json\/wp\/v2\/posts\/12011"}],"collection":[{"href":"https:\/\/www.infokuryr.cz\/n\/wp-json\/wp\/v2\/posts"}],"about":[{"href":"https:\/\/www.infokuryr.cz\/n\/wp-json\/wp\/v2\/types\/post"}],"author":[{"embeddable":true,"href":"https:\/\/www.infokuryr.cz\/n\/wp-json\/wp\/v2\/users\/2"}],"replies":[{"embeddable":true,"href":"https:\/\/www.infokuryr.cz\/n\/wp-json\/wp\/v2\/comments?post=12011"}],"version-history":[{"count":0,"href":"https:\/\/www.infokuryr.cz\/n\/wp-json\/wp\/v2\/posts\/12011\/revisions"}],"wp:featuredmedia":[{"embeddable":true,"href":"https:\/\/www.infokuryr.cz\/n\/wp-json\/wp\/v2\/media\/2862"}],"wp:attachment":[{"href":"https:\/\/www.infokuryr.cz\/n\/wp-json\/wp\/v2\/media?parent=12011"}],"wp:term":[{"taxonomy":"category","embeddable":true,"href":"https:\/\/www.infokuryr.cz\/n\/wp-json\/wp\/v2\/categories?post=12011"},{"taxonomy":"post_tag","embeddable":true,"href":"https:\/\/www.infokuryr.cz\/n\/wp-json\/wp\/v2\/tags?post=12011"}],"curies":[{"name":"wp","href":"https:\/\/api.w.org\/{rel}","templated":true}]}}