{"id":12007,"date":"2022-07-01T03:44:39","date_gmt":"2022-07-01T01:44:39","guid":{"rendered":"http:\/\/www.infokuryr.cz\/n\/?p=12007"},"modified":"2022-07-01T03:44:39","modified_gmt":"2022-07-01T01:44:39","slug":"anglosasove-zvysuji-sazky-chteji-znicit-rusko-spolu-s-evropou","status":"publish","type":"post","link":"https:\/\/www.infokuryr.cz\/n\/2022\/07\/01\/anglosasove-zvysuji-sazky-chteji-znicit-rusko-spolu-s-evropou\/","title":{"rendered":"Anglosasov\u00e9 zvy\u0161uj\u00ed s\u00e1zky: cht\u011bj\u00ed zni\u010dit Rusko spolu s Evropou"},"content":{"rendered":"<div id=\"fb-root\"><\/div>\n<p>Kolektivn\u00ed Z\u00e1pad spolu se Spojen\u00fdmi st\u00e1ty chce velk\u00fdmi ob\u011b\u0165mi na Ukrajin\u011b zas\u00edt v\u011b\u010dn\u00e9 nep\u0159\u00e1telstv\u00ed mezi v\u011btve jednoho slovansk\u00e9ho sv\u011bta.<\/p>\n<p>Doktor vojensk\u00fdch v\u011bd Konstantin Sivkov to \u0159ekl ve vys\u00edl\u00e1n\u00ed kan\u00e1lu YouTube \u201eDen TV\u201c, uv\u00e1d\u00ed korespondent PolitNavigator.<\/p>\n<p><em>\u201eNa summitu NATO padlo jednozna\u010dn\u00e9 rozhodnut\u00ed, \u017ee Ukrajina mus\u00ed bojovat a\u017e do ho\u0159k\u00e9ho konce.\u00a0To nazna\u010duje, \u017ee sjednocen\u00fd Z\u00e1pad, kde j\u00e1drem \u2013 osou, jsou Lond\u00fdn a Washington, sleduje dvoj\u00ed c\u00edl.\u00a0<\/em><\/p>\n<p><em>Na jedn\u00e9 stran\u011b co nejv\u00edce ekonomicky vy\u010derpat Rusko a na druh\u00e9 stran\u011b vytvo\u0159it v r\u00e1mci zem\u011b co nejv\u00edce soci\u00e1ln\u00edch probl\u00e9m\u016f, kter\u00e9 v p\u0159\u00edpad\u011b konfliktu v\u017edy nastanou.<\/em><\/p>\n<p><em>Za t\u0159et\u00ed, se zam\u011b\u0159en\u00edm na velk\u00e9 ob\u011bti Ukrajinc\u016f, zas\u00edt maxim\u00e1ln\u00ed nep\u0159\u00e1telstv\u00ed mezi ukrajinsk\u00fdm a rusk\u00fdm n\u00e1rodem, mezi dv\u011b v\u011btve jednoho slovansk\u00e9ho sv\u011bta,\u201c<\/em>\u00a0\u0159ekl Sivkov.<\/p>\n<p>Poznamenal tak\u00e9, \u017ee Evropa je p\u0159ipravena v\u00e9st ekonomickou v\u00e1lku proti Rusku a\u017e do sv\u00e9ho posledn\u00edho \u017eivotaschopn\u00e9ho podniku.<\/p>\n<p><em>\u201eL\u00edd\u0159i star\u00e9 Evropy vedouc\u00edch zem\u00ed, kdy\u017e hlasovali pro pokra\u010dov\u00e1n\u00ed v\u00e1lky na Ukrajin\u011b, se ve skute\u010dnosti shodli, \u017ee ekonomick\u00e1 v\u00e1lka proti Rusku bude vedena, \u0159e\u010deno alegorick\u00fdm jazykem, a\u017e do posledn\u00edho \u017eivotaschopn\u00e9ho podniku v Evrop\u011b.\u00a0To znamen\u00e1, oni jsou p\u0159ipraveni ob\u011btovat evropskou ekonomiku a\u017e do jej\u00edho \u00fapln\u00e9ho rozvalu spole\u010dn\u011b s ekonomikou Ruska.\u00a0Oni \u2013 to jsou Anglosasov\u00e9.\u00a0A Evropa s t\u00edm ve skute\u010dnosti souhlasila,\u201c<\/em>\u00a0dodal vojensk\u00fd expert.<\/p>\n<p><iframe loading=\"lazy\" src=\"https:\/\/vk.com\/video_ext.php?oid=-66772954&amp;id=456240405&amp;hash=49d5433c5baa073e\" width=\"800\" height=\"440\" frameborder=\"0\" allowfullscreen=\"allowfullscreen\" data-mce-fragment=\"1\"><\/iframe><\/p>\n<p><em>Pro Pokec24 p\u0159elo\u017eila Janinna.<\/em><\/p>\n<p><a href=\"https:\/\/bit.ly\/3a8zW3V\">ZDROJ<\/a><\/p>\n<p>&nbsp;<\/p>\n","protected":false},"excerpt":{"rendered":"<p>Kolektivn\u00ed Z\u00e1pad spolu se Spojen\u00fdmi st\u00e1ty chce velk\u00fdmi ob\u011b\u0165mi na Ukrajin\u011b zas\u00edt v\u011b\u010dn\u00e9 nep\u0159\u00e1telstv\u00ed mezi&#8230;<\/p>\n","protected":false},"author":2,"featured_media":12008,"comment_status":"closed","ping_status":"closed","sticky":false,"template":"","format":"standard","meta":[],"categories":[7],"tags":[2717,59,283,26],"_links":{"self":[{"href":"https:\/\/www.infokuryr.cz\/n\/wp-json\/wp\/v2\/posts\/12007"}],"collection":[{"href":"https:\/\/www.infokuryr.cz\/n\/wp-json\/wp\/v2\/posts"}],"about":[{"href":"https:\/\/www.infokuryr.cz\/n\/wp-json\/wp\/v2\/types\/post"}],"author":[{"embeddable":true,"href":"https:\/\/www.infokuryr.cz\/n\/wp-json\/wp\/v2\/users\/2"}],"replies":[{"embeddable":true,"href":"https:\/\/www.infokuryr.cz\/n\/wp-json\/wp\/v2\/comments?post=12007"}],"version-history":[{"count":0,"href":"https:\/\/www.infokuryr.cz\/n\/wp-json\/wp\/v2\/posts\/12007\/revisions"}],"wp:featuredmedia":[{"embeddable":true,"href":"https:\/\/www.infokuryr.cz\/n\/wp-json\/wp\/v2\/media\/12008"}],"wp:attachment":[{"href":"https:\/\/www.infokuryr.cz\/n\/wp-json\/wp\/v2\/media?parent=12007"}],"wp:term":[{"taxonomy":"category","embeddable":true,"href":"https:\/\/www.infokuryr.cz\/n\/wp-json\/wp\/v2\/categories?post=12007"},{"taxonomy":"post_tag","embeddable":true,"href":"https:\/\/www.infokuryr.cz\/n\/wp-json\/wp\/v2\/tags?post=12007"}],"curies":[{"name":"wp","href":"https:\/\/api.w.org\/{rel}","templated":true}]}}