{"id":12003,"date":"2022-07-01T03:27:36","date_gmt":"2022-07-01T01:27:36","guid":{"rendered":"http:\/\/www.infokuryr.cz\/n\/?p=12003"},"modified":"2022-07-01T03:27:36","modified_gmt":"2022-07-01T01:27:36","slug":"zakladatel-zavodu-formule-1-bernie-ecclestone-zboural-britskou-stanici-itv-vyrokem-ze-by-za-vladimira-putina-klidne-schytal-i-kulku-protoze-je-to-prvotridni-clovek","status":"publish","type":"post","link":"https:\/\/www.infokuryr.cz\/n\/2022\/07\/01\/zakladatel-zavodu-formule-1-bernie-ecclestone-zboural-britskou-stanici-itv-vyrokem-ze-by-za-vladimira-putina-klidne-schytal-i-kulku-protoze-je-to-prvotridni-clovek\/","title":{"rendered":"Zakladatel z\u00e1vod\u016f Formule 1 Bernie Ecclestone zboural britskou stanici ITV v\u00fdrokem, \u017ee by za Vladimira Putina klidn\u011b schytal i kulku, proto\u017ee je to prvot\u0159\u00eddn\u00ed \u010dlov\u011bk!"},"content":{"rendered":"<div id=\"fb-root\"><\/div>\n<h4>Zakladatel z\u00e1vod\u016f Formule 1 Bernie Ecclestone zboural britskou stanici ITV v\u00fdrokem, \u017ee by za Vladimira Putina klidn\u011b schytal i kulku, proto\u017ee je to prvot\u0159\u00eddn\u00ed \u010dlov\u011bk! Pro Ameri\u010dany, kte\u0159\u00ed vtrh\u00e1vaj\u00ed do ciz\u00edch zem\u00ed, je v\u00e1lka jen k\u0161eft, proto\u017ee do t\u011bch v\u00e1lek Ameri\u010dan\u00e9 prod\u00e1vaj\u00ed zbran\u011b! A kdyby Zelensk\u00fd p\u0159estal vykon\u00e1vat profesi komedianta a za\u010dal se chovat jako st\u00e1tn\u00edk, mohl v\u00e1lce s Ruskem zabr\u00e1nit! V televizn\u00edm studiu spadly hodiny ze zdi a televize rozmazala v\u0161echny archivn\u00ed z\u00e1b\u011bry Ecclestona s Putinem, proto\u017ee ukazovat Putina u\u017e je v Brit\u00e1nii zak\u00e1z\u00e1no jako propagace Ruska!<\/h4>\n<p>\u010cas od \u010dasu maj\u00ed britsk\u00e9 televize n\u00e1pad, \u017ee pozvou do vys\u00edl\u00e1n\u00ed kontroverzn\u00ed postavu s kontroverzn\u00edmi n\u00e1zory a televizn\u00ed market\u00e9\u0159i doufaj\u00ed, \u017ee to zvedne sledovanost. Tentokr\u00e1t se to britsk\u00e9 televizi ITV povedlo, ale jinak, ne\u017e o\u010dek\u00e1vala, proto\u017ee z vystoupen\u00ed 91-let\u00e9ho miliard\u00e1\u0159e a zakladatele z\u00e1vod\u016f Formule 1 Bernieho Ecclestona se vyklubal neuv\u011b\u0159iteln\u00fd skand\u00e1l, kter\u00fd te\u010f televize \u0159e\u0161\u00ed s britsk\u00fdmi \u00fa\u0159ady pro podez\u0159en\u00ed z propagace v\u00e1lky a podpory Vladimira Putina.<\/p>\n<p>Televizn\u00ed moder\u00e1to\u0159i sice d\u011blali, co mohli a sna\u017eili se Bernieho moderovat, ale slova, kter\u00e1 zazn\u011bla, doslova \u0161okovala v\u0161echna m\u00e9dia a Britov\u00e9 z toho maj\u00ed pomalu V\u00e1noce, proto\u017ee britsk\u00e1 m\u00e9dia se sna\u017e\u00ed ve\u0161ker\u00e9 informace o Rusku a Putinovi blokovat, pokud informace maj\u00ed jak\u00fdkoliv pozitivn\u00ed n\u00e1boj, kter\u00fd je naprosto ne\u017e\u00e1douc\u00ed.\u00a0<strong>Bernie Ecclestone toti\u017e prohl\u00e1sil, \u017ee by za Vladimira Putina klidn\u011b schytal kulku, ob\u011btoval by pro n\u011bj \u017eivot, proto\u017ee Putin je podle n\u011bho prvot\u0159\u00eddn\u00ed \u010dlov\u011bk.<\/strong>\u00a0V tom okam\u017eiku spadly ITV ve studiu hodiny ze zdi, ta r\u00e1na byla sly\u0161et zcela z\u0159eteln\u011b a dvojice moder\u00e1tor\u016f p\u0159e\u0161la do re\u017eimu\u00a0<em>Panic Control<\/em>, proto\u017ee se za\u010dalo schylovat k nejhor\u0161\u00edmu.<\/p>\n<p>&nbsp;<\/p>\n<div id=\"rumble_v17zpsr\">\n<div id=\"vid_v17zpsr\" class=\"rumble_v17zpsr-Rumble-cls\" tabindex=\"-1\">\n<div class=\"bigPlayUI ctp\">\n<div class=\"bigPlayUIInner ctp\"><div class='videoWrapper'>\r\n\t            <iframe src='https:\/\/rumble.com\/embed\/pj.v17zpsr\/' frameborder='0' allowfullscreen><\/iframe>\r\n\t        <\/div><\/div>\n<\/div>\n<\/div>\n<\/div>\n<p>&nbsp;<\/p>\n<p>Ecclestone za\u00fato\u010dil na Ameri\u010dany, \u017ee to je prost\u011b poka\u017ed\u00e9 stejn\u00e9, \u017ee Amerika vtrhne do n\u011bjak\u00e9 zem\u011b, se kterou nem\u00e1 nic spole\u010dn\u00e9ho a za\u010dne v t\u00e9to zemi chystat v\u00e1lku a prod\u00e1v\u00e1 do t\u00e9 v\u00e1lky sv\u00e9 zbran\u011b, proto\u017ee pro Ameri\u010dany je to k\u0161eft. Ecclestone d\u00e1le p\u0159edvedl r\u00fdpanec do Volodymyra Zelensk\u00e9ho, \u017ee m\u00e1 pocit, \u017ee ukrajinsk\u00fd prezident se rozhodl pokra\u010dovat v profesi komedianta, proto\u017ee\u00a0<strong>kdyby Zelensk\u00fd m\u011bl skute\u010dn\u011b roli st\u00e1tn\u00edka a prezidenta, ur\u010dit\u011b by dok\u00e1zal v\u00e1lce zabr\u00e1nit a vedl by s Vladimirem Putinem intenzivn\u00ed dialog.<\/strong>\u00a0V tom okam\u017eiku byla dvojice moder\u00e1tor\u016f u\u017e na ru\u010dn\u00edk a moder\u00e1torka polo\u017eila p\u0159\u00edm\u00fd dotaz, jestli si Bernie Ecclestone mysl\u00ed, \u017ee tahle v\u00e1lka nen\u00ed Putinovou chybou, \u017ee ji mohl zastavit pr\u00e1v\u011b Zelensk\u00fd? A Bernie na to odpov\u011bd\u011bl, \u017ee rozhodn\u011b!<\/p>\n<h6><span style=\"font-size: 18pt;\">Kdyby Ukrajina cht\u011bla ukon\u010dit v\u00e1lku, u\u017e d\u00e1vno by to ud\u011blala<\/span><\/h6>\n<p>V ten moment bylo ve studiu vymalov\u00e1no a osv\u011btlova\u010di zjevn\u011b zapomn\u011bli zhasnout a vypnout p\u0159enos s v\u00fdmluvou na technick\u00e9 probl\u00e9my, proto\u017ee redakto\u0159i polo\u017eili Ecclestonovi pozn\u00e1mku, \u017ee p\u0159ece to je tak jednoduch\u00e9, \u017ee jedna zem\u011b napadla druhou, tak v \u010dem je probl\u00e9m, \u017ee to Bernie nechce pochopit? A ten na to reagoval slovy, \u017ee p\u0159esn\u011b o tom ta v\u00e1lka je, ale kdyby Kyjev tu v\u00e1lku cht\u011bl doopravdy ukon\u010dit, u\u017e d\u00e1vno by to ud\u011blal.\u00a0<strong>Jen\u017ee pro ukon\u010den\u00ed v\u00e1lky nen\u00ed v Kyjev\u011b v\u016fle, Ameri\u010dan\u00e9 spolu s Brity a britskou vl\u00e1dou si to nep\u0159ej\u00ed.<\/strong>\u00a0To jsme vid\u011bli pr\u00e1v\u011b na summitu v Madridu, kde bylo p\u0159ijato usnesen\u00ed, \u017ee m\u00edrov\u00e9 \u0159e\u0161en\u00ed na Ukrajin\u011b by bylo p\u0159ed\u010dasn\u00e9 a je pot\u0159eba pokra\u010dovat v boj\u00edch, tedy de facto do posledn\u00edho Ukrajince. Brusel v\u0161ak ji\u017e jede jinou agendu.<\/p>\n<figure id=\"attachment_52273\" class=\"wp-caption aligncenter\" style=\"width: 677px;\"><a href=\"https:\/\/aeronet.news\/wp-content\/uploads\/EcclestonePutinF1meeting.jpg\"><img decoding=\"async\" loading=\"lazy\" class=\"wp-image-52273 \" src=\"https:\/\/aeronet.news\/wp-content\/uploads\/EcclestonePutinF1meeting-1024x576.jpg\" sizes=\"(max-width: 700px) 100vw, 700px\" srcset=\"https:\/\/aeronet.news\/wp-content\/uploads\/EcclestonePutinF1meeting-1024x576.jpg 1024w, https:\/\/aeronet.news\/wp-content\/uploads\/EcclestonePutinF1meeting-300x169.jpg 300w, https:\/\/aeronet.news\/wp-content\/uploads\/EcclestonePutinF1meeting-768x432.jpg 768w, https:\/\/aeronet.news\/wp-content\/uploads\/EcclestonePutinF1meeting-700x394.jpg 700w, https:\/\/aeronet.news\/wp-content\/uploads\/EcclestonePutinF1meeting-635x357.jpg 635w, https:\/\/aeronet.news\/wp-content\/uploads\/EcclestonePutinF1meeting-859x483.jpg 859w, https:\/\/aeronet.news\/wp-content\/uploads\/EcclestonePutinF1meeting.jpg 1280w\" alt=\"\" width=\"677\" height=\"381\" \/><\/a><figcaption class=\"wp-caption-text\">Bernie Ecclestone a Vladimir Putin b\u011bhem prezentace F1<\/figcaption><\/figure>\n<p>Kreml se podle informac\u00ed dohodl, \u017ee EU ukon\u010d\u00ed\u00a0<strong>[<a href=\"https:\/\/href.li\/?https:\/\/www.rt.com\/russia\/558124-lithuania-kaliningrad-eu-transit\/\" target=\"_blank\" rel=\"nofollow noopener\">1<\/a>]<\/strong>\u00a0blok\u00e1du \u017eelezni\u010dn\u00edho spojen\u00ed z Ruska do Kaliningradu, p\u0159i\u010dem\u017e Rusko provedlo symbolick\u00fd \u00fastupek a st\u00e1hlo se\u00a0<strong>[<a href=\"https:\/\/href.li\/?https:\/\/www.rt.com\/russia\/558140-russia-withdraws-snake-island\/\" target=\"_blank\" rel=\"nofollow noopener\">2<\/a>]<\/strong>\u00a0z Had\u00edho ostrova v \u010cern\u00e9m mo\u0159i.\u00a0<strong>Diplomatick\u00fd k\u0161eft je podle v\u0161eho snahou vyrazit Ameri\u010dan\u016fm karty z rukou v Evrop\u011b a nav\u00e1zat jedn\u00e1n\u00ed mezi Kremlem a Bruselem.<\/strong>\u00a0Mezi EU a Ruskem je toti\u017e snaha o m\u00edrov\u00e9 urovn\u00e1n\u00ed situace na Ukrajin\u011b, ale mezi USA, NATO a Ukrajinou je naopak nad\u00e1le usilov\u00e1no o prodlu\u017eov\u00e1n\u00ed v\u00e1lky.<\/p>\n<p>Znovu se ukazuje, \u017ee globalist\u00e9 od\u0159ez\u00e1vaj\u00ed USA kr\u016f\u010dek za kr\u016f\u010dkem od proces\u016f \u0159\u00edzen\u00ed v Evrop\u011b a postupn\u011b se to za\u010dne projevovat ve vl\u00e1d\u00e1ch evropsk\u00fdch zem\u00ed, kter\u00e9 jsou pod kontrolou americk\u00e9 zahrani\u010dn\u00ed moci. \u010cesk\u00e1 vl\u00e1da se top\u00ed v korup\u010dn\u00edm skand\u00e1lu\u00a0<em>Dozimetr<\/em>, na Slovensku se chystaj\u00ed nepokoje v d\u016fsledku snah prezidentky \u010caputov\u00e9 o zma\u0159en\u00ed druh\u00e9ho referenda o p\u0159ed\u010dasn\u00fdch <span style=\"font-size: 12pt;\">volb\u00e1ch, v Polsku\u00a0 se upnuly k USA tak moc, \u017ee te\u010f jim hroz\u00ed ropn\u00e1 a plynov\u00e1 krize, kter\u00e1 na podzim a ke konci roku ot\u0159ese polskou vl\u00e1dou.<\/span><\/p>\n<h6><span style=\"font-size: 18pt;\">Britsk\u00e1 televize rozmazala v\u0161echny z\u00e1b\u011bry s rusk\u00fdm prezidentem, aby nem\u011bla probl\u00e9my s britsk\u00fdm regul\u00e1torem kv\u016fli propagaci rusk\u00e9 agrese<\/span><\/h6>\n<p>B\u011bhem p\u0159enosu ITV si div\u00e1ci v\u0161imli, \u017ee\u00a0<strong>ilustra\u010dn\u00ed z\u00e1b\u011bry z minulosti z r\u016fzn\u00fdch spole\u010dn\u00fdch setk\u00e1n\u00ed Vladimira Putina a Bernieho Ecclestona jsou na obrazovce zaml\u017eeny pomoc\u00ed tzv. \u201c<em>blur<\/em>\u201d efektu<\/strong>, aby obsah videa nebyl snadno patrn\u00fd. Je to nov\u00e9 opat\u0159en\u00ed britsk\u00fdch televiz\u00ed, kter\u00e9 nov\u011b zakazuje zobrazovat z\u00e1b\u011bry v\u0161ech rusk\u00fdch m\u00e9di\u00ed a televiz\u00ed, v\u010detn\u011b archivn\u00edch z\u00e1b\u011br\u016f, a z\u00e1kaz se t\u00fdk\u00e1 i z\u00e1b\u011br\u016f Vladimira Putina. Podle britsk\u00e9ho regul\u00e1tora pro komunikace\u00a0<em>Ofcom<\/em>\u00a0je zobrazov\u00e1n\u00ed Vladimira Putina a p\u0159edstavitel\u016f sou\u010dasn\u00e9 rusk\u00e9 moci mo\u017en\u00e9 pova\u017eovat za propagaci rusk\u00e9 agrese.<\/p>\n<figure id=\"attachment_52272\" class=\"wp-caption aligncenter\" style=\"width: 691px;\"><a href=\"https:\/\/aeronet.news\/wp-content\/uploads\/BernieEcclestoneBlur.jpg\"><img decoding=\"async\" loading=\"lazy\" class=\"wp-image-52272 \" src=\"https:\/\/aeronet.news\/wp-content\/uploads\/BernieEcclestoneBlur-1024x576.jpg\" sizes=\"(max-width: 700px) 100vw, 700px\" srcset=\"https:\/\/aeronet.news\/wp-content\/uploads\/BernieEcclestoneBlur-1024x576.jpg 1024w, https:\/\/aeronet.news\/wp-content\/uploads\/BernieEcclestoneBlur-300x169.jpg 300w, https:\/\/aeronet.news\/wp-content\/uploads\/BernieEcclestoneBlur-768x432.jpg 768w, https:\/\/aeronet.news\/wp-content\/uploads\/BernieEcclestoneBlur-700x394.jpg 700w, https:\/\/aeronet.news\/wp-content\/uploads\/BernieEcclestoneBlur-635x357.jpg 635w, https:\/\/aeronet.news\/wp-content\/uploads\/BernieEcclestoneBlur-859x483.jpg 859w, https:\/\/aeronet.news\/wp-content\/uploads\/BernieEcclestoneBlur.jpg 1280w\" alt=\"\" width=\"691\" height=\"389\" \/><\/a><figcaption class=\"wp-caption-text\">Rozmazan\u00e9 z\u00e1b\u011bry Vladimira Putina s Berniem Ecclestonem<\/figcaption><\/figure>\n<p>Aby se britsk\u00e9 televize vyhnuly obvin\u011bn\u00ed z propagace tzv. rusk\u00e9ho agresora, tak se rozhodly zaml\u017eovat a rozmaz\u00e1vat v\u0161echny z\u00e1b\u011bry, na kter\u00fdch je Putin a v\u0161ichni sou\u010dasn\u00ed p\u0159edstavitel\u00e9 jeho vl\u00e1dy. Zat\u00edm nen\u00ed jasn\u00e9, jestli se nov\u00fdm opat\u0159en\u00edm budou \u0159\u00eddit v\u0161echna britsk\u00e1 m\u00e9dia, anebo pouze a jenom televizn\u00ed stanice, proto\u017ee to m\u016f\u017ee doj\u00edt tak daleko, \u017ee\u00a0<strong>jenom obr\u00e1zek s Putinem u zpravodajsk\u00e9ho \u010dl\u00e1nku m\u016f\u017ee b\u00fdt jednoho dne pova\u017eovan\u00fd za propagaci rusk\u00e9 agrese<\/strong>, tak\u017ee noviny budou m\u00edsto fotky Putina d\u00e1vat pr\u00e1zdn\u00e1 box\u00edk s n\u00e1pisem \u201c<em>Tady m\u011bla b\u00fdt fotografie Vladimira Putina, jak si pod\u00e1v\u00e1 ruku s indick\u00fdm velvyslancem, uprost\u0159ed s\u00e1lu v Kremlu<\/em>\u201c.<\/p>\n<h6><span style=\"font-size: 18pt;\">Rusko \u010del\u00ed procesu komplexn\u00ed genocidy a vymaz\u00e1v\u00e1n\u00ed z historie a existence v Evrop\u011b<\/span><\/h6>\n<p>Zak\u00e1zali ps\u00e1t, zak\u00e1zali zp\u00edvat. A jako Taliban zak\u00e1zali zobrazovat obli\u010deje n\u011bkter\u00fdch osob. Rozd\u00edl bude pouze v tom, \u017ee Taliban zakazuje portr\u00e9ty, fotografie a sochy kv\u016fli v\u00fdkladu Kor\u00e1nu, zat\u00edmco z\u00e1padn\u00ed zem\u011b zak\u00e1\u017eou zobrazovat videa fotky rusk\u00fdch politik\u016f z \u010dist\u011b ideov\u011b-politick\u00fdch d\u016fvod\u016f.\u00a0<strong>Kdy\u017e neuvid\u00edte Putina, jak zrovna vypad\u00e1, budete moci o n\u011bm \u0161\u00ed\u0159it l\u017ei a dezinformace, \u017ee je na smrt nemocn\u00fd, \u017ee u\u017e ani ned\u00fdch\u00e1, \u017ee brzy um\u0159e, \u017ee se rozpad\u00e1 p\u0159ed o\u010dima, \u017ee u\u017e ani nem\u016f\u017ee chodit atd.<\/strong>\u00a0Kdy\u017e nebudou sm\u011bt b\u00fdt publikov\u00e1na videa a fotografie, lid\u00e9 brzy uv\u011b\u0159\u00ed tomu, co jim \u0159eknou\u00a0<em>cemperiz\u00e1to\u0159i<\/em>.<\/p>\n<figure id=\"attachment_52275\" class=\"wp-caption aligncenter\" style=\"width: 700px;\"><a href=\"https:\/\/aeronet.news\/wp-content\/uploads\/EcclestonePutinF1.jpg\"><img decoding=\"async\" loading=\"lazy\" class=\"wp-image-52275 \" src=\"https:\/\/aeronet.news\/wp-content\/uploads\/EcclestonePutinF1-1024x669.jpg\" sizes=\"(max-width: 700px) 100vw, 700px\" srcset=\"https:\/\/aeronet.news\/wp-content\/uploads\/EcclestonePutinF1-1024x669.jpg 1024w, https:\/\/aeronet.news\/wp-content\/uploads\/EcclestonePutinF1-300x196.jpg 300w, https:\/\/aeronet.news\/wp-content\/uploads\/EcclestonePutinF1-768x502.jpg 768w, https:\/\/aeronet.news\/wp-content\/uploads\/EcclestonePutinF1-700x457.jpg 700w, https:\/\/aeronet.news\/wp-content\/uploads\/EcclestonePutinF1-100x65.jpg 100w, https:\/\/aeronet.news\/wp-content\/uploads\/EcclestonePutinF1-547x357.jpg 547w, https:\/\/aeronet.news\/wp-content\/uploads\/EcclestonePutinF1-740x483.jpg 740w, https:\/\/aeronet.news\/wp-content\/uploads\/EcclestonePutinF1.jpg 1280w\" alt=\"\" width=\"700\" height=\"457\" \/><\/a><figcaption class=\"wp-caption-text\">Toto byla jedna z fotografi\u00ed, kterou britsk\u00e1 televize rozmazala<\/figcaption><\/figure>\n<p>A sledovat alternativu bude ileg\u00e1ln\u00ed samizdat. Dokonce ani komunist\u00e9 se neb\u00e1li p\u0159ed rokem 1989 ukazovat fotografie a z\u00e1b\u011bry s Ronaldem Reaganem, a to zu\u0159ila Studen\u00e1 v\u00e1lka jako \u0159emen. Ale dnes v \u00e9\u0159e nacifikace se usiluje o genocidu Ruska, a ta se prov\u00e1d\u00ed nejen fyzicky, ale i medi\u00e1ln\u011b. Na Ukrajin\u011b zak\u00e1zali rusk\u00fd jazyk ve \u0161kol\u00e1ch, \u00fa\u0159adech a v obchodech.\u00a0 Zak\u00e1zali ru\u0161tinu v knih\u00e1ch a tisku. Zak\u00e1zali rusk\u00e9 televize v EU a v USA. Zak\u00e1zali rusk\u00e9 servery, rusk\u00e9 zpravodajsk\u00e9 servery. A te\u010f na z\u00e1pad\u011b zakazuj\u00ed a zaml\u017euj\u00ed i obr\u00e1zky a videa s postavami rusk\u00fdch politik\u016f.<\/p>\n<h6><span style=\"font-size: 18pt;\">V Evrop\u011b a v USA za\u010dne vznikat divergentn\u00ed spole\u010dnost na principu Newtonovsk\u00e9 politiky<\/span><\/h6>\n<p>Ano, to je vymaz\u00e1v\u00e1n\u00ed v\u0161ech zm\u00ednek o Rusku, v\u0161eho rusk\u00e9ho, v\u0161echno je vymaz\u00e1v\u00e1no, odstra\u0148ov\u00e1no, znep\u0159\u00edstup\u0148ov\u00e1no. To je prost\u011b genocida Ruska.<strong>\u00a0V\u0161echno rusk\u00e9 mus\u00ed postupn\u011b zmizet a stane se zak\u00e1zan\u00fdm. Takhle p\u0159esn\u011b to je napl\u00e1novan\u00e9 v procesu renacifikace Evropy po 77 letech od konce II. sv. v\u00e1lky.<\/strong>\u00a0Povede to k vytvo\u0159en\u00ed podzemn\u00edho odboje. V\u0161ude v Evrop\u011b se vytvo\u0159\u00ed dv\u011b odd\u011blen\u00e9 spole\u010dnosti. Ta ofici\u00e1ln\u00ed, digit\u00e1ln\u011b a vakcina\u010dn\u011b kontrolovan\u00e1. A ta neofici\u00e1ln\u00ed, podsv\u011bt\u00ed, underground, disent, publika\u010dn\u00ed guerilly, ideov\u00fd a ideologick\u00fd odboj, kter\u00fd bude fungovat v prost\u0159ed\u00ed paraleln\u00edho trhu a paraleln\u00ed spole\u010dnosti.<\/p>\n<figure id=\"attachment_52276\" class=\"wp-caption aligncenter\" style=\"width: 692px;\"><a href=\"https:\/\/aeronet.news\/wp-content\/uploads\/NaziUAsoldierCaptured.jpg\"><img decoding=\"async\" loading=\"lazy\" class=\"wp-image-52276 \" src=\"https:\/\/aeronet.news\/wp-content\/uploads\/NaziUAsoldierCaptured-1024x667.jpg\" sizes=\"(max-width: 700px) 100vw, 700px\" srcset=\"https:\/\/aeronet.news\/wp-content\/uploads\/NaziUAsoldierCaptured-1024x667.jpg 1024w, https:\/\/aeronet.news\/wp-content\/uploads\/NaziUAsoldierCaptured-300x195.jpg 300w, https:\/\/aeronet.news\/wp-content\/uploads\/NaziUAsoldierCaptured-768x500.jpg 768w, https:\/\/aeronet.news\/wp-content\/uploads\/NaziUAsoldierCaptured-700x456.jpg 700w, https:\/\/aeronet.news\/wp-content\/uploads\/NaziUAsoldierCaptured-100x65.jpg 100w, https:\/\/aeronet.news\/wp-content\/uploads\/NaziUAsoldierCaptured-548x357.jpg 548w, https:\/\/aeronet.news\/wp-content\/uploads\/NaziUAsoldierCaptured-741x483.jpg 741w, https:\/\/aeronet.news\/wp-content\/uploads\/NaziUAsoldierCaptured.jpg 1280w\" alt=\"\" width=\"692\" height=\"451\" \/><\/a><figcaption class=\"wp-caption-text\">Zajat\u00fd ukrajinsk\u00fd voj\u00e1k podstupuje l\u00e9ka\u0159skou prohl\u00eddku. Jeho tetov\u00e1n\u00ed potvrzuje, jak d\u016fle\u017eit\u00fd je proces denacifikace Ukrajiny. Takov\u00fdm lidem \u010desk\u00fd protektor\u00e1tn\u00ed premi\u00e9r Fiala dod\u00e1v\u00e1 munici a zbran\u011b.<\/figcaption><\/figure>\n<p>P\u0159esn\u011b podle programovac\u00edch film\u016f Hollywoodu p\u016fjde o vznik \u201cdivergent\u016f\u201d a divergentn\u00ed spole\u010dnosti.\u00a0<strong>Budeme sv\u011bdky vzniku tzv. Newtonovsk\u00e9 populace \u0159\u00edzen\u00e9 newtonovskou politikou. Spole\u010dnost divergent\u016f bude produktem reakce \u010d\u00e1sti spole\u010dnosti na akci \u00fatlaku ze stran vl\u00e1dn\u00edch re\u017eim\u016f.<\/strong>\u00a0Proto hlavn\u00edm c\u00edlem re\u017eimu je nyn\u00ed uml\u010dov\u00e1n\u00ed a vyp\u00edn\u00e1n\u00ed opozi\u010dn\u00edch zdroj\u016f, jejich blokace, znep\u0159\u00edstup\u0148ov\u00e1n\u00ed. A zaml\u017eov\u00e1n\u00ed obraz\u016f a vide\u00ed je jednou z cest, jak vymazat z infoma\u010dn\u00edho prostoru Rusko, tedy zemi, kter\u00e1 se znovu vzep\u0159ela genocid\u011b a renacifikaci sv\u00e9ho p\u0159edmost\u00ed na Ukrajin\u011b.<\/p>\n<p>-VK- \u0160\u00e9fredaktor AE News<\/p>\n<p><a href=\"https:\/\/aeronet.news\/video-zakladatel-zavodu-formule-1-bernie-ecclestone-zboural-britskou-stanici-itv-vyrokem-ze-by-za-vladimira-putina-klidne-schytal-i-kulku-protoze-je-to-prvotridni-clovek\/\">ZDROJ<\/a><\/p>\n","protected":false},"excerpt":{"rendered":"<p>Zakladatel z\u00e1vod\u016f Formule 1 Bernie Ecclestone zboural britskou stanici ITV v\u00fdrokem, \u017ee by za Vladimira&#8230;<\/p>\n","protected":false},"author":2,"featured_media":12004,"comment_status":"closed","ping_status":"closed","sticky":false,"template":"","format":"standard","meta":[],"categories":[7],"tags":[2715,2716,102],"_links":{"self":[{"href":"https:\/\/www.infokuryr.cz\/n\/wp-json\/wp\/v2\/posts\/12003"}],"collection":[{"href":"https:\/\/www.infokuryr.cz\/n\/wp-json\/wp\/v2\/posts"}],"about":[{"href":"https:\/\/www.infokuryr.cz\/n\/wp-json\/wp\/v2\/types\/post"}],"author":[{"embeddable":true,"href":"https:\/\/www.infokuryr.cz\/n\/wp-json\/wp\/v2\/users\/2"}],"replies":[{"embeddable":true,"href":"https:\/\/www.infokuryr.cz\/n\/wp-json\/wp\/v2\/comments?post=12003"}],"version-history":[{"count":0,"href":"https:\/\/www.infokuryr.cz\/n\/wp-json\/wp\/v2\/posts\/12003\/revisions"}],"wp:featuredmedia":[{"embeddable":true,"href":"https:\/\/www.infokuryr.cz\/n\/wp-json\/wp\/v2\/media\/12004"}],"wp:attachment":[{"href":"https:\/\/www.infokuryr.cz\/n\/wp-json\/wp\/v2\/media?parent=12003"}],"wp:term":[{"taxonomy":"category","embeddable":true,"href":"https:\/\/www.infokuryr.cz\/n\/wp-json\/wp\/v2\/categories?post=12003"},{"taxonomy":"post_tag","embeddable":true,"href":"https:\/\/www.infokuryr.cz\/n\/wp-json\/wp\/v2\/tags?post=12003"}],"curies":[{"name":"wp","href":"https:\/\/api.w.org\/{rel}","templated":true}]}}