{"id":11997,"date":"2022-07-01T01:07:16","date_gmt":"2022-06-30T23:07:16","guid":{"rendered":"http:\/\/www.infokuryr.cz\/n\/?p=11997"},"modified":"2022-06-30T16:10:16","modified_gmt":"2022-06-30T14:10:16","slug":"nechapu-kdyby-masin-podrizl-soudruha-generala-petra-pavla-dostal-by-vyznamenani","status":"publish","type":"post","link":"https:\/\/www.infokuryr.cz\/n\/2022\/07\/01\/nechapu-kdyby-masin-podrizl-soudruha-generala-petra-pavla-dostal-by-vyznamenani\/","title":{"rendered":"Nech\u00e1pu: kdyby Ma\u0161\u00edn pod\u0159\u00edzl soudruha gener\u00e1la Petra Pavla, dostal by vyznamen\u00e1n\u00ed?"},"content":{"rendered":"<div id=\"fb-root\"><\/div>\n<div class=\"introtext\">\n<p><strong>Tak\u017ee: Ctirad Ma\u0161\u00edn dostane vyznamen\u00e1n\u00ed, \u017ee pod\u0159\u00edzl do slova a do p\u00edsmene za komunist\u016f bezbrann\u00e9ho policistu. Kdyby policista p\u0159e\u017eil, mohl b\u00fdt prezidentem a za SV\u00c9 pod\u0159\u00edznut\u00ed by dal Ma\u0161\u00ednovi st\u00e1tn\u00ed vyznamen\u00e1n\u00ed. To jsou paradoxy, \u017ee, V\u00e1clave Havle!<\/strong><\/p>\n<\/div>\n<div class=\"fulltext\">\n<p>\u00a0Co se ale nestalo u policisty, m\u016f\u017ee se st\u00e1t u bol\u0161evick\u00e9ho komunistick\u00e9ho voj\u00e1ka a pak gener\u00e1la soudruha Petra Pavla! A \u010cesk\u00e1 televize ho u\u017e dnes pasuje na p\u0159\u00ed\u0161t\u00edho prezidenta a st\u00e1le o n\u011bm mluv\u00ed!<\/p>\n<div class=\"info_box cela_sirka jpalert\">\n<div class=\"explanationContent\">P\u0159i p\u0159epaden\u00ed slu\u017eebny Sboru n\u00e1rodn\u00ed bezpe\u010dnosti v \u010cel\u00e1kovic\u00edch\u00a0<strong>pod\u0159\u00edzl Ctirad Ma\u0161\u00edn d\u00fdkou chloroformem om\u00e1men\u00e9ho a spoutan\u00e9ho<\/strong>\u00a0(policistu) p\u0159\u00edslu\u0161n\u00edka SNB Jaroslava Honz\u00e1tka. Poslanci za to doporu\u010dili na st\u00e1tn\u00ed vyznamen\u00e1n\u00ed Josefa Ma\u0161\u00edna i jeho bratra<strong>\u00a0Ctirada Ma\u0161\u00edna in memoriam<\/strong>.<\/div>\n<\/div>\n<p><span style=\"font-size: 18pt;\"><strong>Tak\u017ee ti, co horovali za z\u00e1kaz KS\u010c\u00a0 a dali j\u00ed na rove\u0148 nacistickou, v podstat\u011b nacistu (<em>dle jejich v\u00fdraz\u016f<\/em>) soudruha Petra Pavla doporu\u010duj\u00ed na prezidenta? Neuv\u011b\u0159iteln\u00e9!<\/strong><\/span><\/p>\n<p>To p\u0159ece nem\u016f\u017ee b\u00fdt norm\u00e1ln\u00ed! Nebo se n\u00e1m to jen zd\u00e1 a kdyby v\u0161ichni bol\u0161evici v roce 1989 zahodili rud\u00e9 kn\u00ed\u017eky, mohli by b\u00fdt dnes sou\u010d\u00e1st\u00ed vyznamen\u00e1n\u00ed a hrdinov\u00e9 \u010cesk\u00e9 republiky? M\u011bl se st\u00e1t i Milou\u0161 Jake\u0161 prezidentem?<\/p>\n<p><span style=\"font-size: 18pt;\"><strong>Kdyby Ctirad Ma\u0161\u00edn pod\u0159\u00edzl soudruha Petra Pavla, kter\u00fd p\u0159\u00edsahal na boj proti z\u00e1padn\u00edm imperialist\u016fm, dostal by vyznamen\u00e1n\u00ed in memoriam, nebo by to byl zlo\u010dinec?<\/strong><\/span><\/p>\n<div class=\"explanation wholeWidth\">\n<div class=\"explanationTitle\">Hrdinov\u00e9 dle dne\u0161n\u00ed vl\u00e1dn\u00ed mafie?<\/div>\n<div class=\"explanationContent\">Str\u00e1\u017emistra mezit\u00edm om\u00e1mili chloroformem. Kdy\u017e se Honz\u00e1tko z bezv\u011bdom\u00ed probral,\u00a0<strong>Ctirad Ma\u0161\u00edn ho pod\u0159\u00edzl<\/strong>. Mu\u017e v uniform\u011b SNB na m\u00edst\u011b zem\u0159el.O dva t\u00fddny d\u0159\u00edve sourozenci spolu s Milanem Paumerem obsadili stanici SNB v Chlumci nad Cidlinou. Ctirad Ma\u0161\u00edn nejprve zezadu ude\u0159il p\u0159\u00edslu\u0161n\u00edka Old\u0159icha Ka\u0161\u00edka \u017eeleznou ty\u010d\u00ed do z\u00e1tylku. Str\u00e1\u017en\u00edk zavr\u00e1voral, ale na zem nepadl. Sahal po revolveru. Ozbrojit u\u017e se ale nestihl,\u00a0<strong>Josef Ma\u0161\u00edn ho dv\u011bma ranami zast\u0159elil.<\/strong><\/p>\n<p><span style=\"font-size: 18pt;\"><strong>A dal\u0161\u00ed &#8222;\u00fadajn\u00fd odboj&#8220;?<\/strong><\/span><\/p>\n<p><strong>Josef Ma\u0161\u00edn a V\u00e1clav \u0160v\u00e9da<\/strong>\u00a0na sob\u011b m\u011bli uniformu Lidov\u00fdch milic\u00ed, kdy\u017e ve \u017dlebech zastavili v\u016fz. Sed\u011bl v n\u011bm\u00a0<strong>pokladn\u00edk<\/strong>\u00a0podniku Kovolis Josef Ro\u0161ick\u00fd. Vezl v\u00fdplaty zam\u011bstnanc\u016f. P\u0159i z\u00e1pasu o pen\u00edze ho jeden z dvojice zast\u0159elil. Podle v\u0161eho k tomu pou\u017eil pistoli, kterou m\u011bl pokladn\u00edk u sebe. \u201eRo\u0161ick\u00fd byl usmrcen dv\u011bma st\u0159elami z bezprost\u0159edn\u00ed bl\u00edzkosti &#8211; ob\u011b proch\u00e1zely srdcem,\u201c p\u0159ipomn\u011bl ve sv\u00e9m odborn\u00e9m textu Jan Kalous z \u00dastavu pro studium totalitn\u00edch re\u017eim\u016f.\u00a0<strong>Ro\u0161ick\u00e9mu Ma\u0161\u00edn se \u0160v\u00e9dou sebrali 884 239 korun<\/strong>.<\/p>\n<\/div>\n<\/div>\n<p>Tak\u017ee kdo pod\u0159\u00edzne soudruha gener\u00e1la Petra Pavla, dostane tak\u00e9 st\u00e1tn\u00ed vyznamen\u00e1n\u00ed a soudruh gener\u00e1l Petr Pavel u\u017e nebude moci kandidovat? V\u00e1\u017en\u011b je to tak my\u0161leno?<\/p>\n<p><span style=\"font-size: 18pt;\"><strong>A kdo chce d\u00e1t st\u00e1tn\u00ed vyznamen\u00e1n\u00ed za pod\u0159\u00edznut\u00ed soudruha gener\u00e1la Petra Pavla?<\/strong><\/span><\/p>\n<p><span style=\"font-size: 18pt;\"><strong>(Nebo i soudruha Rychetsk\u00e9ho a dal\u0161\u00ed b\u00fdval\u00e9 bol\u0161eviky)<\/strong><\/span><\/p>\n<blockquote><p>Pro vyznamen\u00e1n\u00ed Josefa Ma\u0161\u00edna hlasovalo\u00a0<a class=\"text-link\" href=\"https:\/\/www.psp.cz\/sqw\/hlasy.sqw?G=78420\">64 ze 123 p\u0159\u00edtomn\u00fdch<\/a>\u00a0poslanc\u016f a n\u00e1vrh tak pro\u0161el o dva hlasy. Pro byli poslanci stran vl\u00e1dn\u00ed koalice a ANO, naopak ani jeden hlas nedostal tento n\u00e1vrh od SPD.<a href=\"https:\/\/www.idnes.cz\/zpravy\/domaci\/snemovna-navrhy-na-vyznamenani.A220617_054847_domaci_kop\" target=\"_blank\" rel=\"noopener\">ZDROJ<\/a><\/p>\n<p>(Je poctiv\u00e9 p\u0159iznat, \u017ee i v diskuzi to skoro v\u0161ichni ost\u0159e odsoudili)<\/p><\/blockquote>\n<p>A kdo hlasoval za Ma\u0161\u00edny, Koudelky, Zelensk\u00e9&#8230;? Mimo jin\u00e9:<\/p>\n<h2 class=\"section-title center\">Pir\u00e1ti (<span class=\"results\"><span class=\"flag yes\">A<\/span>\u00a0Ano:\u00a0<strong>3<\/strong><\/span>)<\/h2>\n<ul class=\"results\">\n<li><span class=\"flag yes\">A<\/span>\u00a0<a href=\"https:\/\/www.psp.cz\/sqw\/detail.sqw?id=6477&amp;o=9&amp;l=cz\">Jakub\u00a0Mich\u00e1lek<\/a><\/li>\n<li><span class=\"flag yes\">A<\/span>\u00a0<a href=\"https:\/\/www.psp.cz\/sqw\/detail.sqw?id=6473&amp;o=9&amp;l=cz\">Olga Richterov\u00e1<\/a><\/li>\n<\/ul>\n<div class=\"clear\">\n<h2 class=\"section-title center\">KDU-\u010cSL (<span class=\"results\"><span class=\"flag yes\">A<\/span>\u00a0Ano:\u00a0<\/span>)<\/h2>\n<ul class=\"results\">\n<li><span class=\"flag yes\">A<\/span>\u00a0<a href=\"https:\/\/www.psp.cz\/sqw\/detail.sqw?id=6178&amp;o=9&amp;l=cz\">Jan\u00a0Barto\u0161ek<\/a><\/li>\n<li><span class=\"flag yes\">A<\/span>\u00a0<a href=\"https:\/\/www.psp.cz\/sqw\/detail.sqw?id=6179&amp;o=9&amp;l=cz\">Ond\u0159ej\u00a0Bene\u0161\u00edk<\/a><\/li>\n<li><span class=\"flag yes\">A<\/span>\u00a0<a href=\"https:\/\/www.psp.cz\/sqw\/detail.sqw?id=6205&amp;o=9&amp;l=cz\">Marian\u00a0Jure\u010dka<\/a><\/li>\n<li><span class=\"flag yes\">A<\/span>\u00a0<a href=\"https:\/\/www.psp.cz\/sqw\/detail.sqw?id=6769&amp;o=9&amp;l=cz\">Hayato Okamura<\/a><\/li>\n<\/ul>\n<div class=\"clear\">\n<h2 class=\"section-title center\">STAN (<span class=\"results\"><span class=\"flag yes\">A<\/span>\u00a0Ano:\u00a0<strong>20<\/strong><\/span>)<\/h2>\n<ul>\n<li><span class=\"flag yes\">A<\/span>\u00a0<a href=\"https:\/\/www.psp.cz\/sqw\/detail.sqw?id=6154&amp;o=9&amp;l=cz\">Marek\u00a0\u017den\u00ed\u0161ek<\/a><\/li>\n<\/ul>\n<h2 class=\"section-title center\">TOP09 (<span class=\"results\"><span class=\"flag yes\">A<\/span>\u00a0Ano:\u00a0<strong>12<\/strong><\/span>)<\/h2>\n<p>samoz\u0159ejm\u011b v \u010dele s<\/p>\n<ul>\n<li><span class=\"flag yes\">A<\/span>\u00a0<a href=\"https:\/\/www.psp.cz\/sqw\/detail.sqw?id=6147&amp;o=9&amp;l=cz\">Mark\u00e9ta\u00a0Pekarov\u00e1 Adamov\u00e1<\/a><\/li>\n<\/ul>\n<\/div>\n<\/div>\n<h2 class=\"section-title center\">ODS (<span class=\"results\"><span class=\"flag yes\">A<\/span>\u00a0Ano:\u00a0<strong>18<\/strong><\/span>)<\/h2>\n<ul>\n<li><a href=\"https:\/\/www.psp.cz\/sqw\/detail.sqw?id=4&amp;o=9&amp;l=cz\">A Marek\u00a0Benda<\/a><\/li>\n<li><span class=\"flag yes\">A<\/span>\u00a0<a href=\"https:\/\/www.psp.cz\/sqw\/detail.sqw?id=6418&amp;o=9&amp;l=cz\">Jan\u00a0Skope\u010dek<\/a><\/li>\n<\/ul>\n<h2 class=\"section-title center\">ANO (<span class=\"results\"><span class=\"flag yes\">A<\/span>\u00a0Ano:\u00a0<strong>10<\/strong><\/span>)<\/h2>\n<ul>\n<li><span class=\"flag yes\">A<\/span>\u00a0<a href=\"https:\/\/www.psp.cz\/sqw\/detail.sqw?id=6621&amp;o=9&amp;l=cz\">Karel\u00a0Havl\u00ed\u010dek<\/a><\/li>\n<\/ul>\n<p><span style=\"font-size: 18pt;\"><strong>Cel\u00e1 SPD byla proti vyznamen\u00e1n\u00ed vrah\u016f nevinn\u00fdch lid\u00ed.<\/strong><\/span><\/p>\n<p>Rozhodl jsem se tento dluh splatit a ud\u011blit Ctiradu in memoriam i jeho bratru Josefovi nejvy\u0161\u0161\u00ed resortn\u00ed vyznamen\u00e1n\u00ed Zlat\u00e1 l\u00edpa jako v\u00fdraz \u00facty\u00a0<strong>za jejich state\u010dnost,<\/strong>\u00a0se kterou se proti komunistick\u00e9mu re\u017eimu postavili,\u201c dodal k vyznamen\u00e1n\u00ed tehdej\u0161\u00ed ministr a dne\u0161n\u00ed\u00a0<strong>europoslanec za ODS Vondra<\/strong>.<\/p>\n<p>Samoz\u0159ejm\u011b\u00a0<strong>za pod\u0159\u00edznut\u00ed soudruha gener\u00e1la Petra Pavla\u00a0se nehlasovalo, je to fikce, \u010di l\u00e9pe \u0159e\u010deno nastaven\u00e9 zrcadlo farizejstv\u00ed,<\/strong>\u00a0\u017ee odsouzen\u00ed komunist\u016f se kon\u00e1 pouze jak se to komu hod\u00ed a mezi dne\u0161n\u00ed partou v\u016fdc\u016f je d\u016fle\u017eit\u011bj\u0161\u00ed k\u0159iv\u00e1 p\u00e1te\u0159, ne\u017e \u010dest a obrana \u010cesk\u00e9 republiky!<\/p>\n<\/div>\n<p><a href=\"https:\/\/www.skrytapravda.cz\/z-domova\/590-nechapu-kdyby-masin-podrizl-soudruha-generala-petra-pavla-dostal-by-vyznamenani\">Petr Pokorn\u00fd<\/a><\/p>\n<p>&nbsp;<\/p>\n","protected":false},"excerpt":{"rendered":"<p>Tak\u017ee: Ctirad Ma\u0161\u00edn dostane vyznamen\u00e1n\u00ed, \u017ee pod\u0159\u00edzl do slova a do p\u00edsmene za komunist\u016f bezbrann\u00e9ho&#8230;<\/p>\n","protected":false},"author":2,"featured_media":11998,"comment_status":"closed","ping_status":"closed","sticky":false,"template":"","format":"standard","meta":[],"categories":[6],"tags":[2712,2711,1173,1255],"_links":{"self":[{"href":"https:\/\/www.infokuryr.cz\/n\/wp-json\/wp\/v2\/posts\/11997"}],"collection":[{"href":"https:\/\/www.infokuryr.cz\/n\/wp-json\/wp\/v2\/posts"}],"about":[{"href":"https:\/\/www.infokuryr.cz\/n\/wp-json\/wp\/v2\/types\/post"}],"author":[{"embeddable":true,"href":"https:\/\/www.infokuryr.cz\/n\/wp-json\/wp\/v2\/users\/2"}],"replies":[{"embeddable":true,"href":"https:\/\/www.infokuryr.cz\/n\/wp-json\/wp\/v2\/comments?post=11997"}],"version-history":[{"count":0,"href":"https:\/\/www.infokuryr.cz\/n\/wp-json\/wp\/v2\/posts\/11997\/revisions"}],"wp:featuredmedia":[{"embeddable":true,"href":"https:\/\/www.infokuryr.cz\/n\/wp-json\/wp\/v2\/media\/11998"}],"wp:attachment":[{"href":"https:\/\/www.infokuryr.cz\/n\/wp-json\/wp\/v2\/media?parent=11997"}],"wp:term":[{"taxonomy":"category","embeddable":true,"href":"https:\/\/www.infokuryr.cz\/n\/wp-json\/wp\/v2\/categories?post=11997"},{"taxonomy":"post_tag","embeddable":true,"href":"https:\/\/www.infokuryr.cz\/n\/wp-json\/wp\/v2\/tags?post=11997"}],"curies":[{"name":"wp","href":"https:\/\/api.w.org\/{rel}","templated":true}]}}