{"id":11968,"date":"2022-06-30T02:03:06","date_gmt":"2022-06-30T00:03:06","guid":{"rendered":"http:\/\/www.infokuryr.cz\/n\/?p=11968"},"modified":"2022-06-30T02:03:06","modified_gmt":"2022-06-30T00:03:06","slug":"jan-campbell-vznesene-ke-svemu-konci-2","status":"publish","type":"post","link":"https:\/\/www.infokuryr.cz\/n\/2022\/06\/30\/jan-campbell-vznesene-ke-svemu-konci-2\/","title":{"rendered":"Jan Campbell: Vzne\u0161en\u011b ke sv\u00e9mu konci (2)"},"content":{"rendered":"<div id=\"fb-root\"><\/div>\n<p>V\u00a0podstat\u011b summit pln\u011b potvrdil obsah prvn\u00ed \u010d\u00e1sti p\u0159\u00edsp\u011bvku. Jednota, harmonie, solidarita G7 viditeln\u011b dychtila demonstrovat svou \u00fazkou soudr\u017enost se sv\u011btem &#8211; a z\u00edskat tzv. partnersk\u00e9 st\u00e1ty pro spojenectv\u00ed proti prezidentovi Putinovi. \u010ceho dos\u00e1hlo G7?<\/p>\n<p>Mluv\u010d\u00ed \u010d\u00ednsk\u00e9ho ministerstva zahrani\u010d\u00ed \u010cao Li-\u0165ien na Twitteru p\u0159i hodnocen\u00ed summitu p\u0159ipomn\u011bl, \u017ee obyvatel\u00e9 zem\u00ed G7 jsou pouze sou\u010d\u00e1st\u00ed sv\u011btov\u00e9ho spole\u010denstv\u00ed. Zve\u0159ejnil obr\u00e1zek, kter\u00fd ukazuje, \u017ee po\u010det obyvatel zem\u00ed BRICS je p\u0159ibli\u017en\u011b 3,2 miliardy. Po\u010det lid\u00ed \u017eij\u00edc\u00edch v zem\u00edch G7 je pouh\u00fdch 777 milion\u016f. <em>A\u017e budete p\u0159\u00ed\u0161t\u011b mluvit o &#8218;sv\u011btov\u00e9m spole\u010denstv\u00ed&#8216;, m\u011bjte na pam\u011bti, co se t\u00edm vlastn\u011b mysl\u00ed<\/em>, dodal ironicky diplomat.<\/p>\n<p>Za sebe dod\u00e1v\u00e1m, \u017ee summit a demonstrace proti n\u011bmu byly pod \u00fasp\u011b\u0161nou kontrolou: V\u00fdjezdn\u00ed soud nemusel plnit v\u00fdjezdn\u00ed v\u011bznici pro 150 demonstrant\u016f. Pozemky kolem z\u00e1mku na p\u0159\u00edpravu a pr\u016fb\u011bh summitu, vlastn\u011bn\u00e9 s\u00a0pravd\u011bpodobnost\u00ed hrani\u010d\u00edc\u00ed s\u00a0jistotou a pronajat\u00e9 c\u00edrkv\u00ed za neofici\u00e1ln\u011b mn\u011b sd\u011blen\u00fdch 70 milion\u016f eur, z\u016fstaly bez po\u0161kozen\u00ed. Proto lze o\u010dek\u00e1vat c\u00edrkevn\u00ed po\u017eehn\u00e1n\u00ed a modlitby vd\u011bku vl\u00e1d\u011b a JEMU za perfektn\u00ed organizaci a ochranu majetku.<\/p>\n<p>Joe Biden samoz\u0159ejm\u011b ud\u00e1val t\u00f3n summitu, proto\u017ee jsou to USA, kdo organizuje boj proti Vladimiru Putinovi a sna\u017e\u00ed se prodlou\u017eit \u017eivot um\u00edraj\u00edc\u00edmu sv\u011btov\u00e9mu \u0159\u00e1du. Rozdal noty, vyfotografoval se a nev\u00e1hal \u0161pr\u00fdmovat s\u00a0ostatn\u00edmi \u00fa\u010dastn\u00edky summitu na \u00fa\u010det prezidenta Putina s\u00a0obna\u017eenou hrud\u00ed. Z\u0159ejm\u011b unaven a p\u0159inucen sezn\u00e1mit se s\u00a0notami summitu NATO a obr\u00e1zky odeslan\u00fdmi z\u00a0Kremlu v\u00a0p\u0159edve\u010der summitu NATO ukazuj\u00edc\u00ed jeho rozhodovac\u00ed centra, rozhodl se odlet\u011bt p\u0159ed ofici\u00e1ln\u00edm ukon\u010den\u00edm summit G7. Ke \u0161t\u011bst\u00ed v\u0161ech neroztrhal b\u011bhem letu spole\u010dn\u00e9 prohl\u00e1\u0161en\u00ed, jako to posledn\u011b ud\u011blal jeho p\u0159edch\u016fdce Trump.<\/p>\n<p>Kancl\u00e9\u0159 Scholz, hostitel summitu, sehr\u00e1l d\u016fle\u017eitou vedlej\u0161\u00ed roli. Sehr\u00e1l ji d\u016fstojn\u011b, p\u0159esn\u011b podle sc\u00e9n\u00e1\u0159e napsan\u00e9ho a posv\u011bcen\u00e9ho ve Washingtonu a p\u0159\u00e1n\u00ed autor\u016f zelen\u00e9ho \u00fad\u011blu, boje proti glob\u00e1ln\u00edmu oteplov\u00e1n\u00ed, hladu a chudob\u011b. P\u0159esn\u011b podle r\u010den\u00ed \u2013 \u010d\u00edm m\u00e9n\u011b v\u00edm, t\u00edm l\u00e9pe sp\u00edm, kancl\u00e9\u0159 zapomn\u011bl \u0159\u00edci, \u017ee probl\u00e9m nen\u00ed CO2, ani \u010dlov\u011bk a digit\u00e1ln\u00ed kapitalismus, ale p\u0159edev\u0161\u00edm Slunce a v\u00fdbuchy, ke kter\u00fdm doch\u00e1z\u00ed s\u00a0ur\u010ditou, v\u011bdecky podlo\u017eenou pravidelnost\u00ed.<\/p>\n<p>Nep\u0159ekvapuje proto, \u017ee ostatn\u00ed \u00fa\u010dastn\u00edci G7s radost\u00ed a uspokojen\u00edm podpo\u0159en\u00fdm panoramou kr\u00e1sn\u00e9 p\u0159\u00edrody v zemi milovan\u00e9 nebo\u017et\u00edkem Adolfem se rozhodli zalo\u017eit <em>mezin\u00e1rodn\u00ed klimatick\u00fd klub<\/em> na podporu ochrany klimatu. <em>Souhlas\u00edme s t\u00edm, \u017ee pot\u0159ebujeme v\u00edce ambic\u00ed, abychom dos\u00e1hli na\u0161ich klimatick\u00fdch c\u00edl\u016f<\/em>, \u0159ekl Scholz. Jako <em>mezivl\u00e1dn\u00ed f\u00f3rum s ambici\u00f3zn\u00edmi c\u00edli<\/em>, kter\u00e9 by m\u011blo b\u00fdt zalo\u017eeno je\u0161t\u011b v\u00a0tomto roce, by m\u011blo mj. prost\u0159ednictv\u00edm dohod zajistit, aby zem\u011b netrp\u011bly \u017e\u00e1dn\u00fdmi ekonomick\u00fdmi nev\u00fdhodami v d\u016fsledku ochrany klimatu a aby emise CO\u2082 nebyly p\u0159esouv\u00e1ny do jin\u00fdch zem\u00ed s m\u00e9n\u011b p\u0159\u00edsn\u00fdmi pravidly. Proto klimatick\u00fd klub by nem\u011bl b\u00fdt omezen na G7, ale m\u011bl by zahrnovat dal\u0161\u00ed st\u00e1ty. Probl\u00e9m je v\u0161ak v\u00a0d\u016fv\u011b\u0159e k\u00a0G7.<\/p>\n<p>Proto\u017ee pot\u0159ebujeme v\u00edce ambic\u00ed, G7 se rozhodla pro miliardov\u00fd program proti glob\u00e1ln\u00edmu hladu (4,3 miliardy eur). Nev\u00edm, jak a kdo vypo\u010d\u00edtal G7 sumu, kdy\u017e podle OSN je pro boj proti hroz\u00edc\u00ed potravinov\u00e9 krizi pr\u00fd zapot\u0159eb\u00ed 44 miliard eur. Kdo to vypo\u010d\u00edtal pro OSN, tak\u00e9 nev\u00edm. V\u00edm v\u0161ak, \u017ee to nebyl Putin. Nikdo na Z\u00e1pad\u011b mu nev\u011b\u0159\u00ed, proto\u017ee pr\u00fd zavinil na\u0161e probl\u00e9my, nejistotu a strach. Proto G7 vyzvala RF, aby <em>bezpodm\u00edne\u010dn\u011b ukon\u010dila blok\u00e1du ukrajinsk\u00fdch p\u0159\u00edstav\u016f, kter\u00e1 br\u00e1n\u00ed v\u00fdvozu 20 milion\u016f tun p\u0161enice<\/em>. Nev\u00edm, kdo, jak a kdy po\u010d\u00edtal tuny a jak rychle lze ukon\u010dit blok\u00e1du zaminovan\u00fdch p\u0159\u00edstav\u016f vojsky, kter\u00e9 nep\u0159edaly ani pl\u00e1ny min.<\/p>\n<p>Proto asi G7 se rozhodla podporovat Ukrajinu tak dlouho, jak to bude nutn\u00e9 a hostitel Scholz ve sv\u00e9m z\u00e1v\u011bre\u010dn\u00e9m prohl\u00e1\u0161en\u00ed sd\u011blil, \u017ee <em>G7 stoj\u00ed t\u011bsn\u011b a nerozbitn\u011b na stran\u011b Ukrajiny<\/em>. A zd\u016fraznil: <em>Souhlas\u00edme s t\u00edm, \u017ee prezident Putin nesm\u00ed tuto v\u00e1lku vyhr\u00e1t<\/em>. Kancl\u00e9\u0159 v\u00ed, \u017ee politika a diplomacie nejsou v\u00a0m\u00f3d\u011b a \u017ee n\u00e1sleduj\u00edc\u00ed summit NATO bude po\u017eadovat od Ukrajiny pouze vojensk\u00e9 v\u00edt\u011bzstv\u00ed. M\u00e1me se tedy na co t\u011b\u0161it, p\u0159edev\u0161\u00edm tehdy, a\u017e nedostatek voj\u00e1k\u016f bude nahrazen roboty, kter\u00fdm budou d\u00e1vat povely zfetovan\u00ed nebo jinak pos\u00edlen\u00ed politici z\u00a0bunkru.<\/p>\n<p>Aby se tak stalo, G7 ozn\u00e1mila dal\u0161\u00ed inteligentn\u00ed sankce proti RF. Ty nebere m\u016fj rozum k\u00a0hodnocen\u00ed ji\u017e proto, \u017ee G7 ujistila Ukrajinu o pomoci s\u00a0obnovou a nechala kancl\u00e9\u0159e Scholze hl\u00e1sat: <em>Pot\u0159ebujeme Marshall\u016fv pl\u00e1n pro Ukrajinu<\/em>. Rozhodnut\u00ed summitu byla p\u0159ijata s velkou <em>jednotou a odhodl\u00e1n\u00edm<\/em>. <em>Tak dlouho, jak to bude nutn\u00e9<\/em>, budou st\u00e1ty G7 Ukrajin\u011b poskytovat nezbytnou finan\u010dn\u00ed, humanit\u00e1rn\u00ed, vojenskou a diplomatickou podporu <em>pro odv\u00e1\u017enou obranu sv\u00e9 suverenity a \u00fazemn\u00ed celistvosti. <\/em>P\u0159esto\u017ee ta pat\u0159\u00ed ji\u017e minulosti. Dal\u0161\u00ed pomoc Ukrajin\u011b <em>bude i nad\u00e1le zvy\u0161ovat ekonomick\u00e9 a politick\u00e9 n\u00e1klady t\u00e9to v\u00e1lky pro prezidenta Putina a jeho re\u017eim,<\/em> v\u011b\u0161til Scholz. Zapomn\u011bl v\u00a0souladu s r\u010den\u00edm \u2013 \u010d\u00edm m\u00e9n\u011b v\u00edm, t\u00edm l\u00e9pe sp\u00edm, zm\u00ednit skute\u010dnost, \u017ee prezident Putin je\u0161t\u011b nevyhl\u00e1sil opravdov\u00e9 sankce: z\u00e1kaz exportu a prodeje komodit, kter\u00e9 Z\u00e1pad nezbytn\u011b pot\u0159ebuje pro sv\u016fj chod a technologick\u00fd v\u00fdvoj. USA si sami porad\u00ed. EU bude ti\u0161e pozorovat a lh\u00e1t ob\u010dan\u016fm a Kreml se bude cynicky sm\u00e1t a n\u011bkdo mo\u017en\u00e1 i radovat.<\/p>\n<p>Proto s rozhodnut\u00edm fiktivn\u00edch sil\u00e1k\u016f G7 m\u016f\u017ee souhlasit jenom avat\u00e1r, \u017e\u00e1dn\u00fd na\u0161inec se selsk\u00fdm rozumem \u010di starom\u00f3dn\u00edm vzd\u011bl\u00e1n\u00edm. P\u0159esto kandid\u00e1t\u016fm na avat\u00e1r (vt\u011blen\u00ed) jako senior p\u0159ipom\u00edn\u00e1m, \u017ee ke vt\u011blen\u00ed nemus\u00ed doj\u00edt jen p\u0159i narozen\u00ed, n\u00fdbr\u017e i v pr\u016fb\u011bhu \u017eivota. A to, kdy\u017e je n\u011bkdo ur\u010dit\u00fdm nehmotn\u00fdm zp\u016fsobem obda\u0159en komplexem vlastnost\u00ed, p\u0159ipisovan\u00fdch bo\u017esk\u00e9 inteligenci. Nev\u00edm, kde, od koho a jak\u00fdm zp\u016fsobem fiktivn\u00ed elity si ji vyp\u016fj\u010dili, zat\u00edm na jedno volebn\u00ed obdob\u00ed. Kdo v\u00ed, co p\u0159inese podzim a nov\u00fd volebn\u00ed z\u00e1kon v \u010desk\u00e9 kotlin\u011b?<\/p>\n<p>Z\u00e1hadn\u011b z\u00edskan\u00e1 bo\u017esk\u00e1 inteligence G7 tak\u00e9 umo\u017enila p\u0159edstavit inovaci v\u00a0globalizovan\u00e9m obchod\u011b: cenov\u00fd strop rusk\u00e9 ropy a plynu. Strop m\u00e1 omezit ceny a t\u00edm sn\u00ed\u017eit rusk\u00e9 p\u0159\u00edjmy. Ale tyto pl\u00e1ny st\u00e1le vy\u017eaduj\u00ed <em>hodn\u011b pr\u00e1ce<\/em>, \u0159ekl kancl\u00e9\u0159 Scholz znaj\u00edc\u00ed r\u010den\u00ed: Bez pr\u00e1ce nejsou kol\u00e1\u010de a pr\u00e1ce osvobozuje. Galsk\u00fd kohout ve funkci prezidenta, Emmanuel Macron, kokrhal n\u011bco ve smyslu, \u017ee neo\u010dek\u00e1v\u00e1 p\u0159ed\u010dasn\u00e9 ukon\u010den\u00ed v\u00e1lky na Ukrajin\u011b. <em>Nikdo nev\u011b\u0159\u00ed, \u017ee v\u00e1lka skon\u010d\u00ed v nadch\u00e1zej\u00edc\u00edch t\u00fddnech nebo m\u011bs\u00edc\u00edch<\/em>, \u0159ekl Macron a dodal: <em>V tuto chv\u00edli je jasn\u00e9, \u017ee rusk\u00fd \u00fatok na Ukrajinu m\u00e1 jedin\u00fd c\u00edl &#8211; zpu\u0161t\u011bn\u00ed Ukrajiny.<\/em> Italsk\u00fd \u0159\u00edmsk\u00fd katol\u00edk s\u00a0jezuitsk\u00fdm vzd\u011bl\u00e1n\u00edm, oddan\u00fd svat\u00e9mu Ign\u00e1ci z\u00a0Loyola, Mario Draghi dostal strach pot\u00e9, co se dov\u011bd\u011bl, \u017ee prezident Putin p\u0159ijal pozv\u00e1n\u00ed na G20 a p\u0159i\u0161la mu vzpom\u00ednka na to, co vid\u011bl Bush v o\u010d\u00edch Putina. P\u0159itom jenom ON v\u00ed, zda skute\u010dn\u011b p\u0159ilet\u00ed nebo se spokoj\u00ed s\u00a0video lekc\u00ed.<\/p>\n<p>Johnson v\u00a0roli Arlecchino vyzval rusk\u00e9 akademiky nespokojen\u00e9 s vl\u00e1dn\u00ed politikou, aby se p\u0159est\u011bhovali do Spojen\u00e9ho kr\u00e1lovstv\u00ed. <em>M\u016f\u017eete se bez obav p\u0159est\u011bhovat do Spojen\u00e9ho kr\u00e1lovstv\u00ed a pracovat v zemi, kter\u00e1 si cen\u00ed otev\u0159enosti, svobody a snahy o z\u00edsk\u00e1n\u00ed znalost\u00ed<\/em>, prohl\u00e1sil na okraji summitu. N\u00e1vrh p\u0159edstavuje roz\u0161\u00ed\u0159en\u00ed st\u00e1vaj\u00edc\u00edho syst\u00e9mu partnerstv\u00ed s ukrajinsk\u00fdmi univerzitami a jeho adres\u00e1ty jsou v\u0161ichni ru\u0161t\u00ed v\u011bdci a v\u00fdzkumn\u00edci, kte\u0159\u00ed se <em>v Rusku ji\u017e nec\u00edt\u00ed bezpe\u010dn\u011b<\/em>. Zapomn\u011bl doplnit, \u017ee v\u0161e ukraden\u00e9 Angli\u010dany t\u00fdkaj\u00edc\u00ed se inovac\u00ed se st\u00e1v\u00e1 jejich vlastnictv\u00edm a nepodl\u00e9h\u00e1 trestn\u00edmu st\u00edh\u00e1n\u00ed.\u00a0 Mlhu v\u00a0Albionu zam\u011bnilo pokryteck\u00e9 ml\u017een\u00ed.<\/p>\n<p>V z\u00e1v\u011bre\u010dn\u00e9m komunik\u00e9 p\u0159edstavitel\u00e9 zem\u00ed G7 po\u017eadovali, aby \u010cLR vyvinula tlak na Ruskou federaci a ta zastavila speci\u00e1ln\u00ed vojenskou operaci. Cituji z dokumentu: <em>Vyz\u00fdv\u00e1me \u010c\u00ednu, aby vyvinula tlak na Rusko, aby zastavilo svou vojenskou agresi a okam\u017eit\u011b a bezpodm\u00edne\u010dn\u011b st\u00e1hlo sv\u00e9 jednotky z\u00a0Ukrajiny. <\/em>V komunik\u00e9 zapomn\u011bli zm\u00ednit se o \u017e\u00e1dosti \u00cdr\u00e1nu a Argentiny o \u010dlenstv\u00ed v BRICS . A samoz\u0159ejm\u011b i prohl\u00e1\u0161en\u00ed b\u00fdval\u00e9ho loty\u0161sk\u00e9ho ministra vnitra M\u00e1rise Gulbise, \u017ee NATO a EU jsou p\u0159ipraveny odebrat Rusku Kaliningrad a prvn\u00ed reakci z\u00a0RF: <em>Jak\u00fdkoli pokus o odebr\u00e1n\u00ed Kaliningradu skon\u010d\u00ed vojensk\u00fdm st\u0159etem s Ruskem. Nemysl\u00edm si, \u017ee by to NATO nech\u00e1palo<\/em>, \u0159ekl sen\u00e1tor a m\u00edstop\u0159edseda zahrani\u010dn\u00edho v\u00fdboru Rady federace Vladim\u00edr Jabarov. A zd\u016fraznil, \u017ee Litva a Polsko <em>jsou prvn\u00ed, kdo se dostanou do ml\u00fdnku na maso<\/em>.<\/p>\n<p>Ne\u017e k\u00a0tomu dojde, Britsk\u00e9 \u00fa\u0159ady budou zkoumat n\u00e1vrhy skotsk\u00e9 v\u016fdkyn\u011b Nicoly Sturgeonov\u00e9 na uspo\u0159\u00e1d\u00e1n\u00ed referenda o nez\u00e1vislosti. A Brusel bude pozorovat d\u011bn\u00ed v\u00a0EU v\u00a0inflaci, marnosti a l\u017ei. Kabinet Sturgeonov\u00e9 28. \u010dervna toti\u017e navrhl Lond\u00fdnu uspo\u0159\u00e1dat 19. \u0159\u00edjna 2023 referendum o odtr\u017een\u00ed regionu od Spojen\u00e9ho kr\u00e1lovstv\u00ed. B\u011bhem projevu v region\u00e1ln\u00edm parlamentu v Edinburghu up\u0159esnila, \u017ee tato ot\u00e1zka bude p\u0159edlo\u017eena Nejvy\u0161\u0161\u00edmu soudu Spojen\u00e9ho kr\u00e1lovstv\u00ed.<\/p>\n<p>\u010cesk\u00e1 kotlina to m\u00e1 jednodu\u0161\u0161\u00ed. Pro\u010d? Vystoupit (ji\u017e) nem\u016f\u017ee z\u00a0EU, ani z\u00a0NATO i kdyby n\u00e1hodou zastra\u0161en\u00ed ob\u010dan\u00e9 cht\u011bli. Kdyby do\u0161lo k referendu o vystoupen\u00ed \u010cR a m\u011blo potvrdit p\u0159\u00e1n\u00ed ob\u010dan\u016f vystoupit z\u00a0EU nebo NATO, p\u0159\u00e1n\u00ed nikdy nebude realizov\u00e1no. Pro\u010d? To v\u00ed snad ka\u017ed\u00fd vrabec na st\u0159e\u0161e. Vypa\u0159en\u00ed EU a NATO je v\u00a0kone\u010dn\u00e9 f\u00e1zi boje t\u011b\u017eko p\u0159edstaviteln\u00e9. Po boji tomu bude jinak. P\u0159\u00edpadn\u00fd rozpad EU toti\u017e p\u0159edstavuje pro \u010cR rychlou mo\u017enost prosit o p\u0159ijet\u00ed do SRN, p\u0159ijmout roli v\u011b\u010dn\u011b nespokojen\u00e9ho slouhy s mo\u017enost\u00ed pt\u00e1t se: Pro\u010d B\u016fh ve Star\u00e9m Z\u00e1konn\u011b vy\u017eadoval zv\u00ed\u0159ec\u00ed ob\u011bti? Souhlasu net\u0159eba.<\/p>\n<p><em>Jan Campbell<\/em><br \/>\n<em>28\/29.06.2022<\/em><\/p>\n<p>&nbsp;<\/p>\n","protected":false},"excerpt":{"rendered":"<p>V\u00a0podstat\u011b summit pln\u011b potvrdil obsah prvn\u00ed \u010d\u00e1sti p\u0159\u00edsp\u011bvku. Jednota, harmonie, solidarita G7 viditeln\u011b dychtila demonstrovat&#8230;<\/p>\n","protected":false},"author":2,"featured_media":650,"comment_status":"closed","ping_status":"closed","sticky":false,"template":"","format":"standard","meta":[],"categories":[6],"tags":[1161,41,323,29,39],"_links":{"self":[{"href":"https:\/\/www.infokuryr.cz\/n\/wp-json\/wp\/v2\/posts\/11968"}],"collection":[{"href":"https:\/\/www.infokuryr.cz\/n\/wp-json\/wp\/v2\/posts"}],"about":[{"href":"https:\/\/www.infokuryr.cz\/n\/wp-json\/wp\/v2\/types\/post"}],"author":[{"embeddable":true,"href":"https:\/\/www.infokuryr.cz\/n\/wp-json\/wp\/v2\/users\/2"}],"replies":[{"embeddable":true,"href":"https:\/\/www.infokuryr.cz\/n\/wp-json\/wp\/v2\/comments?post=11968"}],"version-history":[{"count":0,"href":"https:\/\/www.infokuryr.cz\/n\/wp-json\/wp\/v2\/posts\/11968\/revisions"}],"wp:featuredmedia":[{"embeddable":true,"href":"https:\/\/www.infokuryr.cz\/n\/wp-json\/wp\/v2\/media\/650"}],"wp:attachment":[{"href":"https:\/\/www.infokuryr.cz\/n\/wp-json\/wp\/v2\/media?parent=11968"}],"wp:term":[{"taxonomy":"category","embeddable":true,"href":"https:\/\/www.infokuryr.cz\/n\/wp-json\/wp\/v2\/categories?post=11968"},{"taxonomy":"post_tag","embeddable":true,"href":"https:\/\/www.infokuryr.cz\/n\/wp-json\/wp\/v2\/tags?post=11968"}],"curies":[{"name":"wp","href":"https:\/\/api.w.org\/{rel}","templated":true}]}}