{"id":11967,"date":"2022-06-30T01:13:11","date_gmt":"2022-06-29T23:13:11","guid":{"rendered":"http:\/\/www.infokuryr.cz\/n\/?p=11967"},"modified":"2022-06-29T19:15:15","modified_gmt":"2022-06-29T17:15:15","slug":"predseda-strany-pro-odhalil-dalsi-zlociny-vlady-petra-fialy-a-vita-rakusana","status":"publish","type":"post","link":"https:\/\/www.infokuryr.cz\/n\/2022\/06\/30\/predseda-strany-pro-odhalil-dalsi-zlociny-vlady-petra-fialy-a-vita-rakusana\/","title":{"rendered":"P\u0159edseda strany PRO odhalil dal\u0161\u00ed zlo\u010diny vl\u00e1dy Petra Fialy a V\u00edta Raku\u0161ana"},"content":{"rendered":"<div id=\"fb-root\"><\/div>\n<div class=\"introtext\">\n<p><strong>Hroz\u00ed \u010dlen\u016fm vl\u00e1dy za proti\u010desk\u00e9 zlo\u010diny po v\u00e1lce t\u011b\u017ek\u00e9 tresty? Neuv\u011b\u0159iteln\u00e9, co si tato \u00fazk\u00e1 skupinka lid\u00ed, napojen\u00e1 na mafi\u00e1ny kolem Hlubu\u010dka (<em>dle ve\u0159ejn\u00fdch zdroj\u016f<\/em>) dovol\u00ed bez souhlasu n\u00e1roda!<\/strong><\/p>\n<\/div>\n<div class=\"fulltext\">\n<p>V\u0161e je jinak!<\/p>\n<p>V\u010dera jsem ve sv\u00e9m projevu tady na FB hovo\u0159il o tom, \u017ee je t\u0159eba bezodkladn\u011b zru\u0161it p\u0159\u00edsp\u011bvek (vzletn\u011b se tomu \u0159\u00edk\u00e1 &#8222;humanit\u00e1rn\u00ed d\u00e1vka&#8220;) ve v\u00fd\u0161i 5.000 K\u010d na osobu pro uprchl\u00edky z Ukrajiny. Do sou\u010dasn\u00e9 doby jsme na tuto d\u00e1vku, pro kterou si sem jezd\u00ed zejm\u00e9na lid\u00e9, kte\u0159\u00ed rozhodn\u011b nepoch\u00e1z\u00ed z oblast\u00ed, kde prob\u00edhaj\u00ed boje, zhruba 5 miliard korun.<strong>\u00a0Z na\u0161\u00ed spole\u010dn\u00e9 kapsy.<\/strong>\u00a0P\u0159ed p\u00e1r dny dokonce i pan Raku\u0161an (jen\u017e te\u010f m\u00e1 patrn\u011b jin\u00e9 starosti) mluvil o tom, \u017ee je t\u0159eba tuto formu pomoci revidovat, nebo\u0165 je velmi hojn\u011b zneu\u017e\u00edv\u00e1na. Jeden by si \u0159ekl, \u017ee u\u017e se kone\u010dn\u011b mocip\u00e1ni ve vl\u00e1d\u011b chytli za nos a n\u011bco s t\u00edm ud\u011blaj\u00ed, \u017ee? No, tak skute\u010dn\u011b ud\u011blali &#8211; nicm\u00e9n\u011b pon\u011bkud jinak, ne\u017e jsme se domn\u00edvali. Od 1.7.2022 vstupuje v platnost novela z\u00e1kona 66\/2022 Sb., j\u00edm\u017e byla tato &#8222;humanit\u00e1rn\u00ed d\u00e1vka&#8220; zavedena. Krom n\u011bkolika kosmetick\u00fdch zm\u011bn doch\u00e1z\u00ed ke dv\u011bma kl\u00ed\u010dov\u00fdm \u00faprav\u00e1m:<\/p>\n<p>1.<strong>\u00a0D\u00e1vka bude nov\u011b poskytov\u00e1na i uprchl\u00edk\u016fm, kte\u0159\u00ed se na na\u0161em \u00fazem\u00ed nezdr\u017euj\u00ed<\/strong>. Doposud byla vypl\u00e1cena jen t\u011bm, kte\u0159\u00ed se na v \u010cR zdr\u017euj\u00ed.<\/p>\n<p>2.<strong>\u00a0Poskytnut\u00ed p\u0159\u00edsp\u011bvku nebude \u010dasov\u011b omezeno na dobu 5 m\u011bs\u00edc\u016f.<\/strong>\u00a0Tak\u017ee suma sum\u00e1rum, nyn\u00ed u\u017e t\u011bch\u00a0<strong>5.000 K\u010d na hlavu<\/strong>\u00a0budeme vypl\u00e1cet i t\u011bm, kte\u0159\u00ed si pro n\u011b na oto\u010dku dojedou a to\u00a0<strong>na dobu neomezenou\u00a0<\/strong>&#8211; tedy patrn\u011b a\u017e do konce vojensk\u00e9ho konfliktu, kter\u00fd m\u016f\u017ee klidn\u011b trvat i n\u011bkolik let. Takov\u00e9 rozhodnut\u00ed nemohu ozna\u010dit jinak ne\u017e slovem\u00a0<strong>SKAND\u00c1LN\u00cd.<\/strong><\/p>\n<p>Samoz\u0159ejm\u011b na\u0161e strana\u00a0<strong>P<\/strong>r\u00e1vo\u00a0<strong>R<\/strong>espekt\u00a0<strong>O<\/strong>dbornost s t\u00edmto nesmysln\u00fdm, nekoncep\u010dn\u00edm a masivn\u011b zneu\u017e\u00edvan\u00fdm \u0159e\u0161en\u00edm z\u00e1sadn\u011b nesouhlas\u00ed a prosazuje jeho okam\u017eit\u00e9 zru\u0161en\u00ed. Asi se ani nebudu pt\u00e1t, jestli jste PRO. Mysl\u00edm, \u017ee ka\u017ed\u00fd, komu zbylo alespo\u0148 10% zdrav\u00e9ho rozumu b\u00fdt PRO mus\u00ed. Tohle bezb\u0159eh\u00e9 rozhazov\u00e1n\u00ed pen\u011bz v dob\u011b, kdy na\u0161e inflace p\u0159esahuje 16% prost\u011b mus\u00ed skon\u010dit. A to co nejd\u0159\u00edv. V\u00edce informac\u00ed o na\u0161\u00ed stran\u011b a na\u0161em programu pro \u010ceskou republiku naleznete na\u00a0<span class=\"d2edcug0 hpfvmrgz qv66sw1b c1et5uql lr9zc1uh a8c37x1j fe6kdd0r mau55g9w c8b282yb keod5gw0 nxhoafnm aigsh9s9 d3f4x2em iv3no6db jq4qci2q a3bd9o3v b1v8xokw oo9gr5id hzawbc8m\" dir=\"auto\"><a class=\"oajrlxb2 g5ia77u1 qu0x051f esr5mh6w e9989ue4 r7d6kgcz rq0escxv nhd2j8a9 nc684nl6 p7hjln8o kvgmc6g5 cxmmr5t8 oygrvhab hcukyx3x jb3vyjys rz4wbd8a qt6c0cv9 a8nywdso i1ao9s8h esuyzwwr f1sip0of lzcic4wl gpro0wi8 py34i1dx\" tabindex=\"0\" role=\"link\" href=\"https:\/\/l.facebook.com\/l.php?u=http%3A%2F%2Fwww.stranapro.cz%2F%3Ffbclid%3DIwAR3zYriozbfeQKwRjp5Nwcr_Nyk8ILTZWPm68oPjszQQdM9KaE_M5GLzk7E&amp;h=AT25Xmd0MOn2nteGQPba9uhXTVed0ILSDnDUVk1ABuRRVWPw4bJ-_u8EzeDkqpHKvNY9yltn2NxXk09F2ESpVCRCxXeRnp7yVmJ3D0ZzkBoW7w9mCd-onPi4QCY5CJgmXg&amp;__tn__=-UK-R&amp;c[0]=AT2sK25KmDrukZD7QO97m0PS5x1z5VT5_nGUG0mX-JRJ_JuDWBAyLh84-Taej1-TKRI0mXUmhQvb6ROM79OuSN8vg-PZgmXnAfCCiR2qqrwLpkhvyYdjcGAYYLiostqF7-XVRpsuP0BL0I27Q0Ug4O8QL3X2gA0jzM-08JRtXTBrwiC_l0Eemg9UJTGOgKOKPQ\" target=\"_blank\" rel=\"nofollow noopener\">www.stranapro.cz.<\/a><\/span>\u00a0Budeme velmi r\u00e1di, pokud se stanete Registrovan\u00fdmi podporovateli (v z\u00e1lo\u017ece Bu\u010fte PRO&#8220;) , abychom s v\u00e1mi mohli z\u016fstat v kontaktu. Prvn\u00ed newsletter bude odch\u00e1zet u\u017e na konci tohoto t\u00fddne.<\/p>\n<p>My v\u0161ichni jsme\u00a0<strong>PRO<\/strong>!<\/p>\n<p><strong>A dal\u0161\u00ed zlo\u010din vl\u00e1dy odhalila:<\/strong><\/p>\n<p><img decoding=\"async\" src=\"https:\/\/www.skrytapravda.cz\/images\/blogy\/2951\/2022\/volby\/hamplova_senat_af639.webp\" alt=\"hamplova senat af639\" \/><\/p>\n<p><img decoding=\"async\" src=\"https:\/\/www.skrytapravda.cz\/images\/blogy\/2951\/2022\/volby\/Sn%C3%ADmek_obrazovky_4745_f2fd9.webp\" alt=\"Sn\u00edmek obrazovky 4745 f2fd9\" \/><\/p>\n<p>&nbsp;<\/p>\n<p><strong>Jak je mo\u017en\u00e9, \u017ee tyto zlo\u010diny proti lidu \u010cesk\u00e9 republiky m\u016f\u017ee d\u011blat p\u00e1r vl\u00e1dn\u00edch \u010dinitel\u016f a o lidech si mysl\u00ed, \u017ee jim mohou pol\u00edbit zadek? A \u010desk\u00fd ob\u010dan chod\u00ed \u017eebrotou!<\/strong><\/p>\n<\/div>\n<p><img decoding=\"async\" loading=\"lazy\" class=\"alignnone size-full wp-image-1185\" src=\"http:\/\/www.infokuryr.cz\/n\/wp-content\/uploads\/2021\/04\/kuryr-podpis.png\" alt=\"\" width=\"84\" height=\"24\" \/><\/p>\n<p>&nbsp;<\/p>\n","protected":false},"excerpt":{"rendered":"<p>Hroz\u00ed \u010dlen\u016fm vl\u00e1dy za proti\u010desk\u00e9 zlo\u010diny po v\u00e1lce t\u011b\u017ek\u00e9 tresty? Neuv\u011b\u0159iteln\u00e9, co si tato \u00fazk\u00e1&#8230;<\/p>\n","protected":false},"author":2,"featured_media":11759,"comment_status":"closed","ping_status":"closed","sticky":false,"template":"","format":"standard","meta":[],"categories":[6],"tags":[2663,99,1580],"_links":{"self":[{"href":"https:\/\/www.infokuryr.cz\/n\/wp-json\/wp\/v2\/posts\/11967"}],"collection":[{"href":"https:\/\/www.infokuryr.cz\/n\/wp-json\/wp\/v2\/posts"}],"about":[{"href":"https:\/\/www.infokuryr.cz\/n\/wp-json\/wp\/v2\/types\/post"}],"author":[{"embeddable":true,"href":"https:\/\/www.infokuryr.cz\/n\/wp-json\/wp\/v2\/users\/2"}],"replies":[{"embeddable":true,"href":"https:\/\/www.infokuryr.cz\/n\/wp-json\/wp\/v2\/comments?post=11967"}],"version-history":[{"count":0,"href":"https:\/\/www.infokuryr.cz\/n\/wp-json\/wp\/v2\/posts\/11967\/revisions"}],"wp:featuredmedia":[{"embeddable":true,"href":"https:\/\/www.infokuryr.cz\/n\/wp-json\/wp\/v2\/media\/11759"}],"wp:attachment":[{"href":"https:\/\/www.infokuryr.cz\/n\/wp-json\/wp\/v2\/media?parent=11967"}],"wp:term":[{"taxonomy":"category","embeddable":true,"href":"https:\/\/www.infokuryr.cz\/n\/wp-json\/wp\/v2\/categories?post=11967"},{"taxonomy":"post_tag","embeddable":true,"href":"https:\/\/www.infokuryr.cz\/n\/wp-json\/wp\/v2\/tags?post=11967"}],"curies":[{"name":"wp","href":"https:\/\/api.w.org\/{rel}","templated":true}]}}