{"id":11966,"date":"2022-06-30T00:59:44","date_gmt":"2022-06-29T22:59:44","guid":{"rendered":"http:\/\/www.infokuryr.cz\/n\/?p=11966"},"modified":"2022-06-29T18:29:32","modified_gmt":"2022-06-29T16:29:32","slug":"pravda-o-usa-za-tragedii-kamionu-s-imigranty-v-texasu","status":"publish","type":"post","link":"https:\/\/www.infokuryr.cz\/n\/2022\/06\/30\/pravda-o-usa-za-tragedii-kamionu-s-imigranty-v-texasu\/","title":{"rendered":"Pravda o USA za trag\u00e9di\u00ed \u201ekamionu s imigranty\u201c v Texasu"},"content":{"rendered":"<div id=\"fb-root\"><\/div>\n<p>V Texasu v USA ned\u00e1vno do\u0161lo k trag\u00e9dii \u201ekamionu s imigranty\u201c: Ameri\u010dt\u00ed str\u00e1\u017eci z\u00e1kona na\u0161li velk\u00e9 mno\u017estv\u00ed t\u011bl imigrant\u016f v opu\u0161t\u011bn\u00e9m kamionu v San Antoniu v Texasu a po\u010det ob\u011bt\u00ed se zv\u00fd\u0161il na 51.<\/p>\n<p>Tato trag\u00e9die \u0161okovala mezin\u00e1rodn\u00ed spole\u010denstv\u00ed a tak\u00e9 Kancel\u00e1\u0159 gener\u00e1ln\u00edho tajemn\u00edka OSN vydala prohl\u00e1\u0161en\u00ed vyjad\u0159uj\u00edc\u00ed z\u00e1rmutek. Z\u00e1rove\u0148 ameri\u010dt\u00ed politici rozjeli sv\u00e9 obvykl\u00e9 \u201eshow\u201c. Texask\u00fd republik\u00e1nsk\u00fd guvern\u00e9r Abbott na soci\u00e1ln\u00edch s\u00edt\u00edch kritizoval hrani\u010dn\u00ed politiku p\u0159ijatou demokratick\u00fdm prezidentem Bidenem a uvedl, \u017ee nese vinu za \u201etyto smrti (p\u0159ist\u011bhovalc\u016f)\u201c. Biden vydal prohl\u00e1\u0161en\u00ed, \u017ee americk\u00e9 ministerstvo pro vnit\u0159n\u00ed bezpe\u010dnost vedlo vy\u0161et\u0159ov\u00e1n\u00ed t\u00e9to z\u00e1le\u017eitosti a p\u0159edb\u011b\u017en\u00e9 zpr\u00e1vy nazna\u010duj\u00ed, \u017ee trag\u00e9dii zp\u016fsobili obchodn\u00edci s lidmi.<\/p>\n<p>Nen\u00ed to poprv\u00e9, co se ve Spojen\u00fdch st\u00e1tech stala podobn\u00e1 trag\u00e9die. Vezm\u011bme si m\u011bsto San Antonio, kde v roce 2017 zem\u0159elo 10 p\u0159ist\u011bhovalc\u016f uv\u011bzn\u011bn\u00fdch v kamionu ve m\u011bst\u011b na \u00fapal, udu\u0161en\u00ed a dehydrataci. V roce 2003 byly na jihov\u00fdchod\u011b m\u011bsta nalezeny ostatky 19 migrant\u016f v p\u0159eh\u0159\u00e1t\u00e9m kamionu. Pro\u010d nebyl probl\u00e9m neleg\u00e1ln\u00edho p\u0159ist\u011bhovalectv\u00ed ve Spojen\u00fdch st\u00e1tech vy\u0159e\u0161en? Velmi d\u016fle\u017eit\u00fdm d\u016fvodem je stranictv\u00ed. Ve Spojen\u00fdch st\u00e1tech se letos budou konat volby v polovin\u011b obdob\u00ed a ot\u00e1zka imigrace se op\u011bt stala p\u0159edm\u011btem vyjedn\u00e1v\u00e1n\u00ed mezi ob\u011bma stranami. Jak upozornilo americk\u00e9 m\u00e9dium Politico, \u201eot\u00e1zka imigrace nen\u00ed nic jin\u00e9ho ne\u017e politick\u00fd n\u00e1stroj v rukou americk\u00fdch politik\u016f\u201c.<\/p>\n<p>Politick\u00e1 polarizace a stranick\u00e9 spory zes\u00edlily a probl\u00e9m neleg\u00e1ln\u00edho p\u0159ist\u011bhovalectv\u00ed ve Spojen\u00fdch st\u00e1tech z\u016fstal nevy\u0159e\u0161en.<\/p>\n<p>Podle mexick\u00fdch zdroj\u016f byli mezi mrtv\u00fdmi Mexi\u010dan\u00e9, Guatemalci a Hondurasan\u00e9. Na pozad\u00ed toho, \u017ee Spojen\u00e9 st\u00e1ty po mnoho let zasahovaly do vnit\u0159n\u00edch z\u00e1le\u017eitost\u00ed Latinsk\u00e9 Ameriky, je ot\u00e1zka neleg\u00e1ln\u00edho p\u0159ist\u011bhovalectv\u00ed z velk\u00e9 \u010d\u00e1sti v\u00fdsledkem americk\u00e9 hegemonie.<\/p>\n<p>Mexick\u00fd prezident Andr\u00e9s Manuel L\u00f3pez Obrador bez obalu \u0159ekl, \u017ee pokud si americk\u00e1 vl\u00e1da nep\u0159eje, aby imigranti nad\u00e1le proudili dovnit\u0159, m\u011bla by zem\u00edm St\u0159edn\u00ed Ameriky pomoci v rozvoji. Andr\u00e9s Manuel L\u00f3pez Obrador \u0159ekl: \u201eOd dob Trumpovy administrativy (b\u00fdval\u00e9ho prezidenta USA) Spojen\u00e9 st\u00e1ty po mnoho let mluv\u00ed o investici 4 miliard dolar\u016f ve St\u0159edn\u00ed Americe, ale zat\u00edm nic. Spojen\u00e9 st\u00e1ty by m\u011bly schv\u00e1lit alespo\u0148 pouze 100 milion\u016f dolar\u016f.\u201c<\/p>\n<p><img decoding=\"async\" loading=\"lazy\" class=\"alignnone size-full wp-image-1185\" src=\"http:\/\/www.infokuryr.cz\/n\/wp-content\/uploads\/2021\/04\/kuryr-podpis.png\" alt=\"\" width=\"84\" height=\"24\" \/><\/p>\n<p>&nbsp;<\/p>\n","protected":false},"excerpt":{"rendered":"<p>V Texasu v USA ned\u00e1vno do\u0161lo k trag\u00e9dii \u201ekamionu s imigranty\u201c: Ameri\u010dt\u00ed str\u00e1\u017eci z\u00e1kona na\u0161li&#8230;<\/p>\n","protected":false},"author":2,"featured_media":1868,"comment_status":"closed","ping_status":"closed","sticky":false,"template":"","format":"standard","meta":[],"categories":[7],"tags":[119,2699,353,2642,37],"_links":{"self":[{"href":"https:\/\/www.infokuryr.cz\/n\/wp-json\/wp\/v2\/posts\/11966"}],"collection":[{"href":"https:\/\/www.infokuryr.cz\/n\/wp-json\/wp\/v2\/posts"}],"about":[{"href":"https:\/\/www.infokuryr.cz\/n\/wp-json\/wp\/v2\/types\/post"}],"author":[{"embeddable":true,"href":"https:\/\/www.infokuryr.cz\/n\/wp-json\/wp\/v2\/users\/2"}],"replies":[{"embeddable":true,"href":"https:\/\/www.infokuryr.cz\/n\/wp-json\/wp\/v2\/comments?post=11966"}],"version-history":[{"count":0,"href":"https:\/\/www.infokuryr.cz\/n\/wp-json\/wp\/v2\/posts\/11966\/revisions"}],"wp:featuredmedia":[{"embeddable":true,"href":"https:\/\/www.infokuryr.cz\/n\/wp-json\/wp\/v2\/media\/1868"}],"wp:attachment":[{"href":"https:\/\/www.infokuryr.cz\/n\/wp-json\/wp\/v2\/media?parent=11966"}],"wp:term":[{"taxonomy":"category","embeddable":true,"href":"https:\/\/www.infokuryr.cz\/n\/wp-json\/wp\/v2\/categories?post=11966"},{"taxonomy":"post_tag","embeddable":true,"href":"https:\/\/www.infokuryr.cz\/n\/wp-json\/wp\/v2\/tags?post=11966"}],"curies":[{"name":"wp","href":"https:\/\/api.w.org\/{rel}","templated":true}]}}