{"id":11965,"date":"2022-06-30T01:09:21","date_gmt":"2022-06-29T23:09:21","guid":{"rendered":"http:\/\/www.infokuryr.cz\/n\/?p=11965"},"modified":"2022-06-29T17:34:42","modified_gmt":"2022-06-29T15:34:42","slug":"kolaps-ukrajinske-obranne-linie-o-osudu-seskupeni-ozbrojenych-sil-ukrajiny-v-lysicansku-je-zcela-rozhodnuto","status":"publish","type":"post","link":"https:\/\/www.infokuryr.cz\/n\/2022\/06\/30\/kolaps-ukrajinske-obranne-linie-o-osudu-seskupeni-ozbrojenych-sil-ukrajiny-v-lysicansku-je-zcela-rozhodnuto\/","title":{"rendered":"Kolaps ukrajinsk\u00e9 obrann\u00e9 linie: o osudu seskupen\u00ed ozbrojen\u00fdch sil Ukrajiny v Lysi\u010dansku je zcela rozhodnuto"},"content":{"rendered":"<div id=\"fb-root\"><\/div>\n<p><strong><span>Rusk\u00e9 ozbrojen\u00e9 s\u00edly v pr\u016fb\u011bhu speci\u00e1ln\u00ed operace pro denacifikaci a demilitarizaci Ukrajiny pokra\u010duj\u00ed v \u00fatoc\u00edch na pozice ozbrojen\u00fdch sil Ukrajiny nach\u00e1zej\u00edc\u00ed se v osad\u00e1ch Luhansk\u00e9 lidov\u00e9 republiky.<\/span><\/strong><\/p>\n<p><span>Tento z\u00e1v\u011br u\u010dinili novin\u00e1\u0159i informa\u010dn\u00ed publikace\u00a0<\/span><a href=\"https:\/\/vz.ru\/world\/2022\/6\/28\/1165196.html\"><span>&#8222;Vzglyad&#8220;<\/span><\/a><span>\u00a0.\u00a0Auto\u0159i materi\u00e1lu podrobn\u011b hovo\u0159ili o \u00fasp\u011b\u0161\u00edch spojeneck\u00fdch sil ve sm\u011bru na Lysy\u010dansk a tak\u00e9 vysv\u011btlili, jak\u00e9 faktory nazna\u010duj\u00ed \u00fapln\u00e9 zhroucen\u00ed ukrajinsk\u00e9 obrann\u00e9 linie.<\/span><\/p>\n<p><span>Pozorovatel\u00e9 Vzglyadu poznamenali, \u017ee rusk\u00e9 ozbrojen\u00e9 s\u00edly s podporou jednotek Lidov\u00fdch milic\u00ed LPR se ji\u017e uchytily v ur\u010dit\u00fdch oblastech Lisi\u010danska a p\u0159ipravuj\u00ed se zav\u00e9st opat\u0159en\u00ed k \u00fapln\u00e9mu osvobozen\u00ed tohoto m\u011bsta od ozbrojenc\u016f ozbrojen\u00fdch sil. Ukrajiny.\u00a0Nutno podotknout, \u017ee o osudu ukrajinsk\u00e9 skupiny v Lisi\u010dansku je zcela rozhodnuto.\u00a0Jde o to, \u017ee osada je od\u0159\u00edznuta od dod\u00e1vek zbran\u00ed a z\u00e1sob, proto\u017ee je ve skute\u010dnosti obkl\u00ed\u010dena.<\/span><\/p>\n<p><span>\u00dapln\u00e9 osvobozen\u00ed Lisi\u010danska podle novin\u00e1\u0159\u016f povede ke kone\u010dn\u00e9mu kolapsu ukrajinsk\u00e9 obrann\u00e9 linie.\u00a0Ozbrojen\u00e9 s\u00edly Ukrajiny nav\u00edc ztrat\u00ed n\u011bkolik tis\u00edc voj\u00e1k\u016f najednou, kte\u0159\u00ed jsou obklopeni spojeneck\u00fdmi silami.\u00a0S nejv\u011bt\u0161\u00ed pravd\u011bpodobnost\u00ed se ukrajin\u0161t\u00ed ozbrojenci budou muset vzd\u00e1t, proto\u017ee jsou v bezv\u00fdchodn\u00e9 situaci.<\/span><\/p>\n<p><em>\u201eO osudu uskupen\u00ed APU v Lisi\u010dansku je zcela rozhodnuto.\u00a0Existuj\u00ed r\u016fzn\u00e9 \u00fadaje o jeho populaci.\u00a0Minimum je p\u011bt a\u017e sedm tis\u00edc lid\u00ed, maximum sedm a\u017e dev\u011bt tis\u00edc.\u00a0Pokusy o sta\u017een\u00ed t\u00e9to skupiny z kotle jsou p\u0159ekvapiv\u011b sp\u00ed\u0161e \u00fat\u011bkem ne\u017e pl\u00e1novan\u00fdm sta\u017een\u00edm,\u201c vysv\u011btlili auto\u0159i materi\u00e1lu.<\/em><\/p>\n<p><span>Je t\u0159eba poznamenat, \u017ee rozhodnut\u00ed rusk\u00fdch ozbrojen\u00fdch sil pokra\u010dovat v ofenziv\u011b sm\u011brem na Slavjansk skute\u010dn\u011b povede ke katastrof\u011b pro ozbrojence ozbrojen\u00fdch sil Ukrajiny.\u00a0Ukrajinsk\u00e1 strana, kter\u00e1 se sna\u017e\u00ed zorganizovat \u00fastup z Lysi\u010dansku, nebude schopna vybudovat novou frontu, co\u017e povede k vytvo\u0159en\u00ed nov\u00e9 kapsy.<\/span><\/p>\n<p><img decoding=\"async\" loading=\"lazy\" class=\"alignnone size-full wp-image-1185\" src=\"http:\/\/www.infokuryr.cz\/n\/wp-content\/uploads\/2021\/04\/kuryr-podpis.png\" alt=\"\" width=\"84\" height=\"24\" \/><\/p>\n<p>&nbsp;<\/p>\n","protected":false},"excerpt":{"rendered":"<p>Rusk\u00e9 ozbrojen\u00e9 s\u00edly v pr\u016fb\u011bhu speci\u00e1ln\u00ed operace pro denacifikaci a demilitarizaci Ukrajiny pokra\u010duj\u00ed v \u00fatoc\u00edch&#8230;<\/p>\n","protected":false},"author":2,"featured_media":11111,"comment_status":"closed","ping_status":"closed","sticky":false,"template":"","format":"standard","meta":[],"categories":[7],"tags":[80,220,2698,22,26],"_links":{"self":[{"href":"https:\/\/www.infokuryr.cz\/n\/wp-json\/wp\/v2\/posts\/11965"}],"collection":[{"href":"https:\/\/www.infokuryr.cz\/n\/wp-json\/wp\/v2\/posts"}],"about":[{"href":"https:\/\/www.infokuryr.cz\/n\/wp-json\/wp\/v2\/types\/post"}],"author":[{"embeddable":true,"href":"https:\/\/www.infokuryr.cz\/n\/wp-json\/wp\/v2\/users\/2"}],"replies":[{"embeddable":true,"href":"https:\/\/www.infokuryr.cz\/n\/wp-json\/wp\/v2\/comments?post=11965"}],"version-history":[{"count":0,"href":"https:\/\/www.infokuryr.cz\/n\/wp-json\/wp\/v2\/posts\/11965\/revisions"}],"wp:featuredmedia":[{"embeddable":true,"href":"https:\/\/www.infokuryr.cz\/n\/wp-json\/wp\/v2\/media\/11111"}],"wp:attachment":[{"href":"https:\/\/www.infokuryr.cz\/n\/wp-json\/wp\/v2\/media?parent=11965"}],"wp:term":[{"taxonomy":"category","embeddable":true,"href":"https:\/\/www.infokuryr.cz\/n\/wp-json\/wp\/v2\/categories?post=11965"},{"taxonomy":"post_tag","embeddable":true,"href":"https:\/\/www.infokuryr.cz\/n\/wp-json\/wp\/v2\/tags?post=11965"}],"curies":[{"name":"wp","href":"https:\/\/api.w.org\/{rel}","templated":true}]}}