{"id":11958,"date":"2022-06-30T01:05:42","date_gmt":"2022-06-29T23:05:42","guid":{"rendered":"http:\/\/www.infokuryr.cz\/n\/?p=11958"},"modified":"2022-06-29T17:07:11","modified_gmt":"2022-06-29T15:07:11","slug":"u-lisicansku-byli-zadrzeni-zahranicni-zoldaci","status":"publish","type":"post","link":"https:\/\/www.infokuryr.cz\/n\/2022\/06\/30\/u-lisicansku-byli-zadrzeni-zahranicni-zoldaci\/","title":{"rendered":"U Lisi\u010dansku byli zadr\u017eeni zahrani\u010dn\u00ed \u017eold\u00e1ci"},"content":{"rendered":"<div id=\"fb-root\"><\/div>\n<p><strong>S\u00edly LLR zadr\u017eely u Lisi\u010dansku 12 zahrani\u010dn\u00edch \u017eold\u00e1k\u016f bojuj\u00edc\u00edch na stran\u011b Ukrajiny.<\/strong><\/p>\n<p>Arm\u00e1da Luhansk\u00e9 lidov\u00e9 republiky (LLR) zadr\u017eela u\u00a0<a href=\"https:\/\/lenta.ru\/tags\/geo\/lisichansk\/\" target=\"_blank\" rel=\"noreferrer noopener\">Lisi\u010dansku<\/a>\u00a0v\u00edce ne\u017e 10 zahrani\u010dn\u00edch \u017eold\u00e1k\u016f, kte\u0159\u00ed se pokou\u0161eli uprchnout z obkl\u00ed\u010den\u00e9ho m\u011bsta, p\u00ed\u0161e\u00a0<a href=\"http:\/\/tass.ru\/\" target=\"_blank\" rel=\"noreferrer noopener\">TASS<\/a>\u00a0s odkazem na\u00a0<a href=\"https:\/\/lenta.ru\/tags\/persons\/kiselev-vitaliy\/\" target=\"_blank\" rel=\"noreferrer noopener\">Vitalije Kiseleva<\/a>, n\u00e1m\u011bstka ministra vnitra LLR.<\/p>\n<p>S\u00edly LLR podle jeho slov \u201echytily 12 lid\u00ed r\u016fzn\u00fdch n\u00e1rodnost\u00ed\u201c, kte\u0159\u00ed bojovali na stran\u011b Ukrajiny.<\/p>\n<p><em>\u201e\u017dold\u00e1ci se \u00fa\u010dastnili bitev v Rubi\u017en\u011b, stejn\u011b jako v Severodon\u011bcku.\u00a0A v Lisi\u010dansku je nakonec chytili,\u201c<\/em>\u00a0up\u0159esnil.<\/p>\n<p>Ministerstvo vnitra LLR: Dopaden\u00ed zahrani\u010dn\u00ed \u017eold\u00e1ci nedostanou status v\u00e1le\u010dn\u00fdch zajatc\u016f.<\/p>\n<p><strong>U Lisi\u010danska \u2013 LLR bylo zni\u010deno v\u00edce ne\u017e tis\u00edc ukrajinsk\u00fdch voj\u00e1k\u016f.<\/strong><\/p>\n<p>U Lisi\u010dansku bylo zni\u010deno v\u00edce ne\u017e tis\u00edc voj\u00e1k\u016f ozbrojen\u00fdch sil Ukrajiny, \u0159ada d\u016fstojn\u00edk\u016f byla zajata.\u00a0Ozn\u00e1mil to n\u00e1m\u011bstek ministra vnitra Luhansk\u00e9 lidov\u00e9 republiky (LLR) Vitalij Kiselev.<\/p>\n<p><em>\u201eNyn\u00ed je v Lisi\u010dansk\u00e9 oblasti ji\u017e v\u00edce ne\u017e 1000 mrtv\u00fdch ukrajinsk\u00fdch voj\u00e1k\u016f. To nazna\u010duje, \u017ee byli prost\u011b opu\u0161t\u011bni.\u00a0Mnoho d\u016fstojn\u00edk\u016f uprchlo, ale n\u011bkte\u0159\u00ed se vzdali,\u201c<\/em>\u00a0\u0159ekl Kiselev.<\/p>\n<p>P\u0159edt\u00edm rusk\u00e9 ministerstvo obrany uvedlo, \u017ee ukrajinsk\u00e1 arm\u00e1da ztratila kontrolu ve sm\u011bru na Lisi\u010dansk.\u00a0Velvyslanec LLR v Rusku\u00a0\u00a0<strong>Rodion Miro\u0161nik<\/strong>\u00a0uvedl, \u017ee s\u00edly republiky a Ruska kontroluj\u00ed 30 % Lisi\u010dansku.<\/p>\n<p>26. \u010dervna arm\u00e1da rusk\u00fdch ozbrojen\u00fdch sil b\u011bhem boj\u016f v Lisi\u010dansk\u00e9 oblasti\u00a0<a href=\"https:\/\/iz.ru\/1355982\/2022-06-27\/vs-rf-v-raione-lisichanska-unichtozhili-dve-diversionnye-gruppy-naemnikov\" target=\"_blank\" rel=\"noreferrer noopener\">zni\u010dila dv\u011b sabot\u00e1\u017en\u00ed skupiny zahrani\u010dn\u00edch \u017eold\u00e1k\u016f<\/a>\u00a0s celkem 14 ozbrojenci.\u00a0Jak vysv\u011btlil ofici\u00e1ln\u00ed z\u00e1stupce Ministerstva obrany Rusk\u00e9 federace gener\u00e1lporu\u010d\u00edk Igor Kona\u0161enkov, prvn\u00ed skupina byla \u201emezin\u00e1rodn\u00ed a sest\u00e1vala z ob\u010dan\u016f r\u016fzn\u00fdch evropsk\u00fdch st\u00e1t\u016f\u201c.\u00a0Druh\u00e1 zahrnovala pouze \u017eold\u00e1ky z Gruzie.<\/p>\n<p>Dne 24. \u010dervna\u00a0<a href=\"https:\/\/iz.ru\/1354729\/2022-06-24\/vks-rossii-nanesli-udar-po-trem-punktam-dislokatcii-naemnikov-na-ukraine\" target=\"_blank\" rel=\"noreferrer noopener\">zas\u00e1hly Leteck\u00e9 s\u00edly Rusk\u00e9 federace na t\u0159ech m\u00edstech rozm\u00edst\u011bn\u00ed zahrani\u010dn\u00edch \u017eold\u00e1k\u016f<\/a>\u00a0na Ukrajin\u011b.\u00a0Bylo poznamen\u00e1no, \u017ee bylo zabito v\u00edce ne\u017e 200 \u201evoj\u00e1k\u016f \u0161t\u011bst\u011bny\u201c a a\u017e 100 ukrajinsk\u00fdch nacionalist\u016f.<\/p>\n<p><em>Pro Pokec24 p\u0159elo\u017eila Janinna.<\/em><\/p>\n<p><a href=\"https:\/\/bit.ly\/3u6kWug\">ZDROJ<\/a><\/p>\n<p>&nbsp;<\/p>\n","protected":false},"excerpt":{"rendered":"<p>S\u00edly LLR zadr\u017eely u Lisi\u010dansku 12 zahrani\u010dn\u00edch \u017eold\u00e1k\u016f bojuj\u00edc\u00edch na stran\u011b Ukrajiny. Arm\u00e1da Luhansk\u00e9 lidov\u00e9&#8230;<\/p>\n","protected":false},"author":2,"featured_media":11959,"comment_status":"closed","ping_status":"closed","sticky":false,"template":"","format":"standard","meta":[],"categories":[7],"tags":[26,2697,1870],"_links":{"self":[{"href":"https:\/\/www.infokuryr.cz\/n\/wp-json\/wp\/v2\/posts\/11958"}],"collection":[{"href":"https:\/\/www.infokuryr.cz\/n\/wp-json\/wp\/v2\/posts"}],"about":[{"href":"https:\/\/www.infokuryr.cz\/n\/wp-json\/wp\/v2\/types\/post"}],"author":[{"embeddable":true,"href":"https:\/\/www.infokuryr.cz\/n\/wp-json\/wp\/v2\/users\/2"}],"replies":[{"embeddable":true,"href":"https:\/\/www.infokuryr.cz\/n\/wp-json\/wp\/v2\/comments?post=11958"}],"version-history":[{"count":0,"href":"https:\/\/www.infokuryr.cz\/n\/wp-json\/wp\/v2\/posts\/11958\/revisions"}],"wp:featuredmedia":[{"embeddable":true,"href":"https:\/\/www.infokuryr.cz\/n\/wp-json\/wp\/v2\/media\/11959"}],"wp:attachment":[{"href":"https:\/\/www.infokuryr.cz\/n\/wp-json\/wp\/v2\/media?parent=11958"}],"wp:term":[{"taxonomy":"category","embeddable":true,"href":"https:\/\/www.infokuryr.cz\/n\/wp-json\/wp\/v2\/categories?post=11958"},{"taxonomy":"post_tag","embeddable":true,"href":"https:\/\/www.infokuryr.cz\/n\/wp-json\/wp\/v2\/tags?post=11958"}],"curies":[{"name":"wp","href":"https:\/\/api.w.org\/{rel}","templated":true}]}}