{"id":11956,"date":"2022-06-30T01:03:27","date_gmt":"2022-06-29T23:03:27","guid":{"rendered":"http:\/\/www.infokuryr.cz\/n\/?p=11956"},"modified":"2022-06-29T16:59:51","modified_gmt":"2022-06-29T14:59:51","slug":"rusky-mraz-desiva-studie-nemeckych-prumyslniku-miliony-lidi-na-dlazbe-zadna-hnojiva-zadna-uroda","status":"publish","type":"post","link":"https:\/\/www.infokuryr.cz\/n\/2022\/06\/30\/rusky-mraz-desiva-studie-nemeckych-prumyslniku-miliony-lidi-na-dlazbe-zadna-hnojiva-zadna-uroda\/","title":{"rendered":"Rusk\u00fd Mr\u00e1z \u2013 D\u011bsiv\u00e1 studie n\u011bmeck\u00fdch pr\u016fmysln\u00edk\u016f \u2013 miliony lid\u00ed na dla\u017eb\u011b! \u2013 \u017e\u00e1dn\u00e1 hnojiva! \u2013 \u017e\u00e1dn\u00e1 \u00faroda!"},"content":{"rendered":"<div id=\"fb-root\"><\/div>\n<p>V\u010dera<a href=\"https:\/\/www.vbw-bayern.de\/vbw\/PresseCenter\/Pressemitteilung-vbw-Studie-zur-Erdgasabh%C3%A4ngigkeit-der-deutschen-Industrie.jsp\">\u00a0byla v N\u011bmecku potichu zve\u0159ejn\u011bna d\u011bsiv\u00e1 studie<\/a>, co se stane, pokud bude Rusko (Putin)<a href=\"https:\/\/www.cnbc.com\/2022\/06\/28\/g-7-nations-face-threat-of-russia-shutting-down-more-gas-.html\">\u00a0pokra\u010dovat ve sni\u017eov\u00e1n\u00ed sv\u00fdch dod\u00e1vek plynu do Evropy, tak jak za\u010dalo p\u0159ed 14. dny<\/a>. Studii zve\u0159ejnil \u0161\u00e9f bavorsk\u00fdch pr\u016fmysln\u00edk\u016f Bertram Brossardt, a my v dne\u0161n\u00ed anal\u00fdze zve\u0159ejn\u00edme hlavn\u00ed body:<\/p>\n<p>Pozor! Pro \u010cesko\u00a0 je nejd\u016fle\u017eit\u011bj\u0161\u00ed toto sd\u011blen\u00ed obsa\u017een\u00e9 v anal\u00fdze (nep\u0159\u00edmo, ale jasn\u011b) \u2013 V EU plat\u00ed, \u017ee nen\u00ed rozhoduj\u00edc\u00ed, na \u00fazem\u00ed jak\u00e9ho st\u00e1tu se plyn skladuje, ale komu skladovan\u00fd plyn pat\u0159\u00ed. Anal\u00fdza tvrd\u00ed, \u017ee N\u011bmecko si uskladnilo sv\u016fj plyn i v cizin\u011b! Ot\u00e1zka tedy je, komu vlastn\u011b pat\u0159\u00ed uskladn\u011bn\u00fd plyn v \u010cesku a komu bude v zim\u011b dod\u00e1v\u00e1n! Brossardt v anal\u00fdze operuje t\u00edm, \u017ee N\u011bmecko vlastn\u00ed plyn uskladn\u011bn\u00fd i jinde v EU!<\/p>\n<p>(To sam\u00e9 p\u0159iznal ned\u00e1vno v Sen\u00e1tu i ministr S\u00edkela \u2013 STAN \u2013 \u00a0<em><a href=\"https:\/\/www.parlamentnilisty.cz\/profily\/Ing-Jozef-Sikela-140289\/clanek\/Uskladnovani-plynu-neni-v-soucasnosti-pro-ucastniky-trhu-atraktivni-121700\">Jeliko\u017e nen\u00ed v\u017edy pravidlem, \u017ee by obchodn\u00edci s plynem usklad\u0148ovali plyn jen v zem\u00edch, na jejich\u017e trz\u00edch s plynem p\u016fsob\u00ed<\/a>.)<\/em><\/p>\n<p>Dal\u0161\u00ed body anal\u00fdzy:<\/p>\n<ol>\n<li>Pokud Rusko rychle do n\u011bkolika m\u00e1lo dn\u016f neobnov\u00ed norm\u00e1ln\u00ed tok plynu do Evropy, a nebo ho zastav\u00ed \u00fapln\u011b \u2013 dojde v N\u011bmecku p\u0159es zimu 22\/23 k propu\u0161t\u011bn\u00ed 5,6 milion\u016f lid\u00ed z pr\u00e1ce, dojde k propadu HDP N\u011bmecka o 193 miliard EUR (-9,4%), a tot\u00e1ln\u00edmu rozvratu v\u0161ech v\u00fdrobn\u00edch \u0159et\u011bzc\u016f, tak\u017ee se nakonec na ja\u0159e n\u011bmeck\u00e1 ekonomika \u00fapln\u011b zastav\u00ed!<\/li>\n<li>P\u0159es zimu 22\/23 se bude muset bezpodm\u00edne\u010dn\u011b zastavit n\u011bmeck\u00fd chemick\u00fd pr\u016fmysl, (v\u00fdroba Amoniaku), a to skon\u010d\u00ed t\u00edm, \u017ee na ja\u0159e 23 nebudou pro evropsk\u00e9 zem\u011bd\u011blce \u017e\u00e1dn\u00e1 hnojiva, a na podzim 23 nebude \u00faroda!<\/li>\n<li>Obdobn\u011b se p\u0159es zimu 22\/23 bude muset zastavit v\u00fdroba oceli a dal\u0161\u00edch kov\u016f. To se na ja\u0159e projev\u00ed v nedostatku polotovar\u016f pro automobilov\u00fd a dal\u0161\u00ed pr\u016fmysl, nebo\u0165 nebude z \u010deho vyr\u00e1b\u011bt!<\/li>\n<\/ol>\n<p>Proto\u017ee plyn i tak sta\u010dit nebude, budou p\u0159ijata tato opat\u0159en\u00ed:<\/p>\n<ol>\n<li>\u00dapln\u011b se m\u00e1 zak\u00e1zat pou\u017e\u00edv\u00e1n\u00ed vozidel na plyn (CNG!) (<a href=\"https:\/\/www.cngplus.cz\/novinky\/zajem-o-auta-na-cng-stale-roste-zvysil-se-i-pocet-plnicich-stanic.html\">V \u010cesku je asi 30 000 vozidel na plyn CNG!<\/a>)<\/li>\n<li>Maj\u00ed se radik\u00e1ln\u011b sn\u00ed\u017eit dod\u00e1vky tepl\u00e9 vody ob\u010dan\u016fm, a \u00fa\u0159ad\u016fm a sn\u00ed\u017eit vyt\u00e1p\u011bn\u00ed byt\u016f, hotel\u016f, restaurac\u00ed a \u00fa\u0159ad\u016f.<\/li>\n<\/ol>\n<p><a href=\"https:\/\/www.vbw-bayern.de\/Redaktion\/Frei-zugaengliche-Medien\/Abteilungen-GS\/Wirtschaftspolitik\/2022\/Downloads\/vbw_Studie_Folgen_Lieferunterbrechung_von_russischem_Erdgas_Juni_2022.pdf\">Celou anal\u00fdzu \u2013 50 stran a grafy v N\u011bm\u010din\u011b najde zde v PDF<\/a>.<\/p>\n<p><a href=\"https:\/\/www.michalapetr.com\/mip-71-rusky-mraz-desiva-studie-nemeckych-prumyslniku-miliony-lidi-na-dlazbe-zadna-hnojiva-zadna-uroda\/\">ZDROJ<\/a><\/p>\n<p>&nbsp;<\/p>\n","protected":false},"excerpt":{"rendered":"<p>V\u010dera\u00a0byla v N\u011bmecku potichu zve\u0159ejn\u011bna d\u011bsiv\u00e1 studie, co se stane, pokud bude Rusko (Putin)\u00a0pokra\u010dovat ve&#8230;<\/p>\n","protected":false},"author":2,"featured_media":9228,"comment_status":"closed","ping_status":"closed","sticky":false,"template":"","format":"standard","meta":[],"categories":[6],"tags":[1941,1068,84,839],"_links":{"self":[{"href":"https:\/\/www.infokuryr.cz\/n\/wp-json\/wp\/v2\/posts\/11956"}],"collection":[{"href":"https:\/\/www.infokuryr.cz\/n\/wp-json\/wp\/v2\/posts"}],"about":[{"href":"https:\/\/www.infokuryr.cz\/n\/wp-json\/wp\/v2\/types\/post"}],"author":[{"embeddable":true,"href":"https:\/\/www.infokuryr.cz\/n\/wp-json\/wp\/v2\/users\/2"}],"replies":[{"embeddable":true,"href":"https:\/\/www.infokuryr.cz\/n\/wp-json\/wp\/v2\/comments?post=11956"}],"version-history":[{"count":0,"href":"https:\/\/www.infokuryr.cz\/n\/wp-json\/wp\/v2\/posts\/11956\/revisions"}],"wp:featuredmedia":[{"embeddable":true,"href":"https:\/\/www.infokuryr.cz\/n\/wp-json\/wp\/v2\/media\/9228"}],"wp:attachment":[{"href":"https:\/\/www.infokuryr.cz\/n\/wp-json\/wp\/v2\/media?parent=11956"}],"wp:term":[{"taxonomy":"category","embeddable":true,"href":"https:\/\/www.infokuryr.cz\/n\/wp-json\/wp\/v2\/categories?post=11956"},{"taxonomy":"post_tag","embeddable":true,"href":"https:\/\/www.infokuryr.cz\/n\/wp-json\/wp\/v2\/tags?post=11956"}],"curies":[{"name":"wp","href":"https:\/\/api.w.org\/{rel}","templated":true}]}}