{"id":11955,"date":"2022-06-30T01:02:26","date_gmt":"2022-06-29T23:02:26","guid":{"rendered":"http:\/\/www.infokuryr.cz\/n\/?p=11955"},"modified":"2022-06-29T16:57:35","modified_gmt":"2022-06-29T14:57:35","slug":"erik-best-organizovany-zlocin-hnuti-stan","status":"publish","type":"post","link":"https:\/\/www.infokuryr.cz\/n\/2022\/06\/30\/erik-best-organizovany-zlocin-hnuti-stan\/","title":{"rendered":"Erik Best: Organizovan\u00fd zlo\u010din hnut\u00ed STAN"},"content":{"rendered":"<div id=\"fb-root\"><\/div>\n<p>P\u0159ed \u0161esti lety po\u017e\u00e1dala st\u0159edopravicov\u00e1 opozice o\u00a0svol\u00e1n\u00ed mimo\u0159\u00e1dn\u00e9 sch\u016fze parlamentu ke kauze \u010cap\u00ed hn\u00edzdo a\u00a0tehdej\u0161\u00ed p\u0159edsedkyn\u011b Sn\u011bmovny Jaroslava Jermanov\u00e1 z\u00a0ANO j\u00ed\u00a0<a href=\"https:\/\/www.psp.cz\/sqw\/ischuze.sqw?o=7&amp;s=43&amp;pozvanka=1\" target=\"_blank\" rel=\"noopener\">poslu\u0161n\u011b vyhov\u011bla<\/a>. Ministr financ\u00ed Andrej Babi\u0161 z\u00a0ANO, proti n\u011bmu\u017e byla sch\u016fze nam\u00ed\u0159ena, se nejprve snaze opozice br\u00e1nil, pak ale tuto p\u0159\u00edle\u017eitost uv\u00edtal. Sv\u016fj \u010das na p\u00f3diu vyu\u017eil k\u00a0p\u0159ipomenut\u00ed minul\u00fdch h\u0159\u00edch\u016f t\u011bch politik\u016f, kte\u0159\u00ed na n\u011bj \u00fato\u010dili. \u010cesk\u00e1 televize vys\u00edlala jedn\u00e1n\u00ed v\u00a0p\u0159\u00edm\u00e9m p\u0159enosu s\u00a0titulkem \u201e<a href=\"https:\/\/www.ceskatelevize.cz\/porady\/10101491767-studio-ct24\/216411058320323\/\" target=\"_blank\" rel=\"noopener\">Mimo\u0159\u00e1dn\u00e1 sch\u016fze ke kauze \u010cap\u00ed hn\u00edzdo<\/a>\u201c. Pokud \u010cesk\u00e1 televize pou\u017eije stejn\u00fd metr i\u00a0p\u0159\u00ed\u0161t\u00ed \u010dtvrtek, na kdy je napl\u00e1nov\u00e1na nov\u00e1 mimo\u0159\u00e1dn\u00e1 sch\u016fze, bude muset v\u00a0doln\u00ed \u010d\u00e1sti obrazovky uv\u00e9st: \u201eMimo\u0159\u00e1dn\u00e1 sch\u016fze k\u00a0organizovan\u00e9mu zlo\u010dinu hnut\u00ed STAN\u201c. O\u00a0svol\u00e1n\u00ed sch\u016fze s\u00a0t\u00edmto n\u00e1vrhem po\u0159adu po\u017e\u00e1dala sou\u010dasn\u00e1 opozice (ANO, SPD) a\u00a0p\u0159edsedkyn\u011b Sn\u011bmovny Mark\u00e9ta Pekarov\u00e1 Adamov\u00e1 z\u00a0TOP 09 j\u00ed\u00a0<a href=\"https:\/\/www.psp.cz\/sqw\/ischuze.sqw?o=9&amp;s=30&amp;pozvanka=1\" target=\"_blank\" rel=\"noopener\">poslu\u0161n\u011b vyhov\u011bla<\/a>. STAN by to mohl pr\u00e1vem pova\u017eovat za pomlouva\u010dn\u00e9. Nebyl z\u00a0ni\u010deho usv\u011bd\u010den, nato\u017e z\u00a0organizovan\u00e9ho zlo\u010dinu. Kdyby byla Pekarov\u00e1 v\u00a0politice zku\u0161en\u011bj\u0161\u00ed, takov\u00fd n\u00e1vrh by odm\u00edtla. Le\u010d v\u0161ak nen\u00ed, budou odte\u010f hnut\u00ed STAN a\u00a0organizovan\u00fd zlo\u010din nav\u017edy spojeny.<\/p>\n<p><a href=\"https:\/\/www.fsfinalword.cz\/?page=archive&amp;day=2022-06-29&amp;utm_source=utm_source%3Dnewsletter&amp;utm_medium=utm_medium%3De-mail&amp;utm_campaign=utm_campaign%3Dfinal_word_29.6.2022\">Erik Best<\/a><\/p>\n<p><img decoding=\"async\" loading=\"lazy\" class=\"alignnone  wp-image-1179\" src=\"http:\/\/www.infokuryr.cz\/n\/wp-content\/uploads\/2021\/04\/erik-best.jpg\" alt=\"\" width=\"140\" height=\"158\" \/><\/p>\n<p>&nbsp;<\/p>\n","protected":false},"excerpt":{"rendered":"<p>P\u0159ed \u0161esti lety po\u017e\u00e1dala st\u0159edopravicov\u00e1 opozice o\u00a0svol\u00e1n\u00ed mimo\u0159\u00e1dn\u00e9 sch\u016fze parlamentu ke kauze \u010cap\u00ed hn\u00edzdo a\u00a0tehdej\u0161\u00ed&#8230;<\/p>\n","protected":false},"author":2,"featured_media":8694,"comment_status":"closed","ping_status":"closed","sticky":false,"template":"","format":"standard","meta":[],"categories":[6],"tags":[816,122,424,491],"_links":{"self":[{"href":"https:\/\/www.infokuryr.cz\/n\/wp-json\/wp\/v2\/posts\/11955"}],"collection":[{"href":"https:\/\/www.infokuryr.cz\/n\/wp-json\/wp\/v2\/posts"}],"about":[{"href":"https:\/\/www.infokuryr.cz\/n\/wp-json\/wp\/v2\/types\/post"}],"author":[{"embeddable":true,"href":"https:\/\/www.infokuryr.cz\/n\/wp-json\/wp\/v2\/users\/2"}],"replies":[{"embeddable":true,"href":"https:\/\/www.infokuryr.cz\/n\/wp-json\/wp\/v2\/comments?post=11955"}],"version-history":[{"count":0,"href":"https:\/\/www.infokuryr.cz\/n\/wp-json\/wp\/v2\/posts\/11955\/revisions"}],"wp:featuredmedia":[{"embeddable":true,"href":"https:\/\/www.infokuryr.cz\/n\/wp-json\/wp\/v2\/media\/8694"}],"wp:attachment":[{"href":"https:\/\/www.infokuryr.cz\/n\/wp-json\/wp\/v2\/media?parent=11955"}],"wp:term":[{"taxonomy":"category","embeddable":true,"href":"https:\/\/www.infokuryr.cz\/n\/wp-json\/wp\/v2\/categories?post=11955"},{"taxonomy":"post_tag","embeddable":true,"href":"https:\/\/www.infokuryr.cz\/n\/wp-json\/wp\/v2\/tags?post=11955"}],"curies":[{"name":"wp","href":"https:\/\/api.w.org\/{rel}","templated":true}]}}