{"id":11954,"date":"2022-06-30T01:01:07","date_gmt":"2022-06-29T23:01:07","guid":{"rendered":"http:\/\/www.infokuryr.cz\/n\/?p=11954"},"modified":"2022-06-29T16:57:55","modified_gmt":"2022-06-29T14:57:55","slug":"jiri-paroubek-kourit-marihuanu-anebo-stavet-byty","status":"publish","type":"post","link":"https:\/\/www.infokuryr.cz\/n\/2022\/06\/30\/jiri-paroubek-kourit-marihuanu-anebo-stavet-byty\/","title":{"rendered":"Ji\u0159\u00ed Paroubek: Kou\u0159it marihuanu anebo stav\u011bt byty?"},"content":{"rendered":"<div id=\"fb-root\"><\/div>\n<p><strong>Ministr pro m\u00edstn\u00ed rozvoj a p\u0159edseda Pir\u00e1tsk\u00e9 strany, Barto\u0161, m\u011b opravdu \u0161okoval.<\/strong><\/p>\n<p>Odjel na pracovn\u00ed n\u00e1v\u0161t\u011bvu do Izraele, aby \u0159e\u0161il problematiku \u0161ir\u0161\u00edho u\u017eit\u00ed konop\u00ed a ot\u00e1zky kyberbezpe\u010dnosti. Ch\u00e1pu, \u017ee v\u00a0obou t\u011bchto \u201eoborech\u201c jsou Izraelci dob\u0159\u00ed nebo dokonce na sv\u011btov\u00e9 \u0161pi\u010dce. Ale pokud jde o \u0161ir\u0161\u00ed u\u017eit\u00ed konop\u00ed k l\u00e9\u010debn\u00fdm \u00fa\u010del\u016fm, co\u017e j\u00e1 vid\u00edm tak\u00e9 jako velmi perspektivn\u00ed z\u00e1le\u017eitost, nen\u00ed p\u0159eci jen ot\u00e1zkou z\u00e1jmu n\u011bjak\u00e9ho ministra, ale ot\u00e1zkou p\u0159\u00edstupu k\u00a0tomu kompetentn\u00edho ministra. T\u00edm kompetentn\u00edm ministrem je v\u00a0na\u0161\u00ed vl\u00e1d\u011b ministr zdravotnictv\u00ed. Tedy u n\u011bj bych o\u010dek\u00e1val, \u017ee Izrael nav\u0161t\u00edv\u00ed a krom\u011b jin\u00e9ho se bude zab\u00fdvat pr\u00e1v\u011b t\u011bmito z\u00e1le\u017eitostmi.<\/p>\n<p>N\u00e1v\u0161t\u011bva ministra Barto\u0161e tak vypad\u00e1 pouze jako m\u00e1lo poda\u0159en\u00fd marketingov\u00fd trik, kter\u00fd m\u00e1 Pir\u00e1t\u016fm zajistit nejmlad\u0161\u00ed voli\u010de, sympatizuj\u00edc\u00ed s\u00a0\u0161ir\u0161\u00edm pou\u017eit\u00edm konop\u00ed. A proto\u017ee Barto\u0161 nen\u00ed v\u00a0cel\u00e9 z\u00e1le\u017eitosti kompetentn\u00ed, bude to jen pl\u00e1cnut\u00ed do vody. Po sv\u00e9m n\u00e1vratu poskytne p\u00e1r rozhovor\u016f sp\u0159\u00e1telen\u00fdm novin\u00e1\u0159\u016fm, kter\u00fdm bude p\u011bt \u00f3dy na to, co by se mohlo a jak by se mohlo, kdybychom byli v\u00a0pou\u017e\u00edv\u00e1n\u00ed konop\u00ed pru\u017en\u00ed jako Izraelci. Ale p\u0159\u00edpadn\u00e9 zm\u011bny legislativy mus\u00ed ale vymyslet ministerstvo zdravotnictv\u00ed.<\/p>\n<p>A pokud jde o kyberbezpe\u010dnost, je to opravdu nal\u00e9hav\u00e1 ot\u00e1zka, ale p\u0159edev\u0161\u00edm pro ministra vnitra. Nev\u0161iml jsem si, \u017ee by byl zm\u011bn\u011bn kompeten\u010dn\u00ed z\u00e1kon, podle kter\u00e9ho by tato ot\u00e1zka p\u0159e\u0161la z\u00a0ministerstva vnitra na ministerstvo pro m\u00edstn\u00ed rozvoj.<\/p>\n<p>MMR je ministerstvem p\u0159edev\u0161\u00edm pro ot\u00e1zky bydlen\u00ed a tak\u00e9 pro cestovn\u00ed ruch. Nem\u00e9n\u011b je je\u0161t\u011b MMR tak\u00e9 garantem stavebn\u00edho z\u00e1kona a problematiky region\u00e1ln\u00edho rozvoje.<\/p>\n<p>Pokud jde o oblast bydlen\u00ed, zat\u00edm nic nenasv\u011bd\u010duje tomu, \u017ee by velkolep\u00e9 sliby, kter\u00e9 dne\u0161n\u00ed vl\u00e1dn\u00ed strany sd\u011blovaly ob\u010dan\u016fm (vlastn\u011b nalh\u00e1valy ob\u010dan\u016fm) p\u0159ed volbami do poslaneck\u00e9 sn\u011bmovny o tom, jak budou stav\u011bt ka\u017edoro\u010dn\u011b des\u00edtky tis\u00edc byt\u016f, cht\u011bl Barto\u0161 se sv\u00fdm ministerstvem splnit. Neud\u011blal krom\u011b velk\u00fdch \u0159e\u010d\u00ed nic.<\/p>\n<p>Nejde p\u0159ece o to, \u017ee jsou u n\u00e1s ka\u017edoro\u010dn\u011b stav\u011bny des\u00edtky tis\u00edc byt\u016f v\u00a0r\u00e1mci hypot\u00e9\u010dn\u00edho financov\u00e1n\u00ed, kter\u00e9 si dnes mohou dovolit jen vy\u0161\u0161\u00ed st\u0159edn\u00ed vrstvy. Je pot\u0159eba za\u010d\u00edt stav\u011bt byty komun\u00e1ln\u00ed. A tak\u00e9 soci\u00e1ln\u00ed.<\/p>\n<p>Dlouholet\u00e1 pra\u017esk\u00e1 radn\u00ed pro problematiku bydlen\u00ed H. Marvanov\u00e1 zamotala ty v\u011bci kolem bydlen\u00ed v Praze takov\u00fdm zp\u016fsobem, \u017ee vytvo\u0159ila ne\u0159e\u0161iteln\u00fd r\u00e9bus. M\u00e1 se pr\u00fd postavit prvn\u00edch dv\u011b st\u011b komun\u00e1ln\u00edch byt\u016f. Pr\u00fd formou dru\u017estevn\u00edho financov\u00e1n\u00ed. Tak\u017ee sliby H. Marvanov\u00e9 a dal\u0161\u00edch pravicov\u00fdch politik\u016f p\u0159ed zat\u00edm posledn\u00edmi komun\u00e1ln\u00edmi volbami, byly jen trikem na voli\u010de. Tehdy dne\u0161n\u00ed radni\u010dn\u00ed strany slibovaly, jak budou stav\u011bt tis\u00edce komun\u00e1ln\u00edch byt\u016f. V\u00a0z\u00e1sad\u011b by to \u0161lo, proto\u017ee m\u011bsto Praha m\u00e1 dostatek pen\u011bz na sv\u00fdch \u00fa\u010dtech. Pr\u00fd a\u017e n\u011bjak\u00fdch 50 mld. korun, kter\u00e9 mohou b\u00fdt pou\u017eity na investi\u010dn\u00ed \u00fa\u010dely. Za \u010dty\u0159i roky v\u0161ak H\u0159ibova m\u011bstsk\u00e1 rada, v\u010detn\u011b radn\u00ed Marvanov\u00e9 nepostavila jedin\u00fd komun\u00e1ln\u00ed byt.<\/p>\n<p>Je zvl\u00e1\u0161tn\u00ed, \u017ee tito lid\u00e9, ale tak\u00e9 ministr Barto\u0161, nemaj\u00ed \u017e\u00e1dn\u00e9 pr\u00e1vn\u00ed v\u011bdom\u00ed. Nech\u00e1pou, \u017ee v\u00fdstavbu komun\u00e1ln\u00edch byt\u016f by mohl vy\u0159e\u0161it z\u00e1kon o financov\u00e1n\u00ed komun\u00e1ln\u00ed bytov\u00e9 v\u00fdstavby, postaven\u00fd podobn\u00fdm zp\u016fsobem jako k\u00a0obdobn\u00e9mu \u00fa\u010delu slou\u017e\u00edc\u00ed z\u00e1kony ve Velk\u00e9 Brit\u00e1nii anebo v\u00a0Rakousku.<\/p>\n<p>V\u00a0z\u00e1v\u011bru minul\u00e9ho volebn\u00edho obdob\u00ed soci\u00e1ln\u00ed demokrat\u00e9 takov\u00fdto n\u00e1vrh z\u00e1kona, kter\u00fd nevytv\u00e1\u0159el finan\u010dn\u00ed n\u00e1roky na ve\u0159ejn\u00e9 rozpo\u010dty, a byl postaven na p\u0159ij\u00edm\u00e1n\u00ed \u00fav\u011br\u016f na v\u00fdstavbu bytov\u00fdch dom\u016f neziskov\u00fdmi spole\u010dnostmi, vytvo\u0159ili. Nositelem tohoto n\u00e1vrhu z\u00e1kona byl ve sn\u011bmovn\u011b poslanec \u010cSSD Birke. Podle tohoto z\u00e1kona, pokud by byl schv\u00e1len, by se ka\u017edoro\u010dn\u011b dalo postavit deset a\u017e patn\u00e1ct tis\u00edc komun\u00e1ln\u00edch byt\u016f. Jen tak mimochodem, podle obdobn\u00e9ho z\u00e1kona se ka\u017edoro\u010dn\u011b a dlouhodob\u011b stav\u00ed ve Velk\u00e9m Brit\u00e1nii p\u0159es pades\u00e1t tis\u00edc komun\u00e1ln\u00edch byt\u016f.<\/p>\n<p>N\u00e1vrh z\u00e1kona pro\u0161el ve sn\u011bmovn\u011b druh\u00fdm \u010dten\u00edm a byl p\u0159ipraven do t\u0159et\u00edho \u010dten\u00ed, kter\u00e9 v\u0161ak bohu\u017eel ji\u017e v\u00a0b\u00fdval\u00e9 sn\u011bmovn\u011b neprob\u011bhlo. N\u00e1vrh z\u00e1kona tak \u010dek\u00e1 na nov\u00e9 projedn\u00e1n\u00ed a na p\u0159\u00edpadn\u00e9 p\u0159ijet\u00ed. Ale hlavn\u011b \u010dekaj\u00ed na\u0161i ob\u010dan\u00e9, ale mo\u017en\u00e1 tak\u00e9 na\u0161i budouc\u00ed ob\u010dan\u00e9 z\u00a0\u0159ad Ukrajinc\u016f, na p\u0159ijet\u00ed obdobn\u00e9ho z\u00e1kona \u010di podz\u00e1konn\u00e9 normy, kter\u00e9 by umo\u017enily masovou v\u00fdstavbu levn\u00fdch komun\u00e1ln\u00edch byt\u016f. Je p\u0159itom z\u0159ejm\u00e9, \u017ee v\u00fdstavba levn\u00fdch komun\u00e1ln\u00edch byt\u016f by srazila ceny prod\u00e1van\u00fdch byt\u016f i n\u00e1jemn\u00e9ho. To, \u017ee na obdobn\u00e9m z\u00e1konu nemaj\u00ed z\u00e1jem develope\u0159i, je p\u0159irozen\u00e1 v\u011bc. Ti budou r\u00e1di stav\u011bt za jak\u00e9koliv a zejm\u00e9na za p\u0159ehnan\u011b vysok\u00e9 ceny.<\/p>\n<p>Ministr Barto\u0161 by tedy m\u011bl sestoupit z\u00a0nebesk\u00e9 v\u00fd\u0161e virtu\u00e1ln\u00edch probl\u00e9m\u016f, kter\u00e9 \u0159e\u0161\u00ed, a\u010d mu resortn\u011b nep\u0159\u00edslu\u0161\u00ed a m\u011bl by se zab\u00fdvat jedn\u00edm z\u00a0nejd\u016fle\u017eit\u011bj\u0161\u00edch probl\u00e9m\u016f, kter\u00fd t\u00ed\u017e\u00ed zejm\u00e9na mladou a st\u0159edn\u00ed generaci \u010desk\u00fdch ob\u010dan\u016f.<\/p>\n<p><a href=\"http:\/\/vasevec.parlamentnilisty.cz\/komentare\/kourit-marihuanu-anebo-stavet-byty\">Ji\u0159\u00ed Paroubek<\/a><\/p>\n<p><img decoding=\"async\" loading=\"lazy\" class=\"alignnone size-medium wp-image-2342\" src=\"http:\/\/www.infokuryr.cz\/n\/wp-content\/uploads\/2021\/06\/paroubek-300x208.jpg\" alt=\"\" width=\"300\" height=\"208\" srcset=\"https:\/\/www.infokuryr.cz\/n\/wp-content\/uploads\/2021\/06\/paroubek-300x208.jpg 300w, https:\/\/www.infokuryr.cz\/n\/wp-content\/uploads\/2021\/06\/paroubek.jpg 318w\" sizes=\"(max-width: 300px) 100vw, 300px\" \/><\/p>\n<p>&nbsp;<\/p>\n","protected":false},"excerpt":{"rendered":"<p>Ministr pro m\u00edstn\u00ed rozvoj a p\u0159edseda Pir\u00e1tsk\u00e9 strany, Barto\u0161, m\u011b opravdu \u0161okoval. Odjel na pracovn\u00ed&#8230;<\/p>\n","protected":false},"author":2,"featured_media":863,"comment_status":"closed","ping_status":"closed","sticky":false,"template":"","format":"standard","meta":[],"categories":[6],"tags":[1683,2245,29,137],"_links":{"self":[{"href":"https:\/\/www.infokuryr.cz\/n\/wp-json\/wp\/v2\/posts\/11954"}],"collection":[{"href":"https:\/\/www.infokuryr.cz\/n\/wp-json\/wp\/v2\/posts"}],"about":[{"href":"https:\/\/www.infokuryr.cz\/n\/wp-json\/wp\/v2\/types\/post"}],"author":[{"embeddable":true,"href":"https:\/\/www.infokuryr.cz\/n\/wp-json\/wp\/v2\/users\/2"}],"replies":[{"embeddable":true,"href":"https:\/\/www.infokuryr.cz\/n\/wp-json\/wp\/v2\/comments?post=11954"}],"version-history":[{"count":0,"href":"https:\/\/www.infokuryr.cz\/n\/wp-json\/wp\/v2\/posts\/11954\/revisions"}],"wp:featuredmedia":[{"embeddable":true,"href":"https:\/\/www.infokuryr.cz\/n\/wp-json\/wp\/v2\/media\/863"}],"wp:attachment":[{"href":"https:\/\/www.infokuryr.cz\/n\/wp-json\/wp\/v2\/media?parent=11954"}],"wp:term":[{"taxonomy":"category","embeddable":true,"href":"https:\/\/www.infokuryr.cz\/n\/wp-json\/wp\/v2\/categories?post=11954"},{"taxonomy":"post_tag","embeddable":true,"href":"https:\/\/www.infokuryr.cz\/n\/wp-json\/wp\/v2\/tags?post=11954"}],"curies":[{"name":"wp","href":"https:\/\/api.w.org\/{rel}","templated":true}]}}