{"id":11953,"date":"2022-06-30T01:00:55","date_gmt":"2022-06-29T23:00:55","guid":{"rendered":"http:\/\/www.infokuryr.cz\/n\/?p=11953"},"modified":"2022-06-29T16:50:44","modified_gmt":"2022-06-29T14:50:44","slug":"sebeznicujici-g7-selhava-brics-naopak-posiluje","status":"publish","type":"post","link":"https:\/\/www.infokuryr.cz\/n\/2022\/06\/30\/sebeznicujici-g7-selhava-brics-naopak-posiluje\/","title":{"rendered":"Ji\u0159\u00ed Vyvadil: Sebezni\u010duj\u00edc\u00ed G7 selh\u00e1v\u00e1, Brics naopak posiluje"},"content":{"rendered":"<div id=\"fb-root\"><\/div>\n<p><strong>Aby bylo jasno, tu prvn\u00ed ost\u0159e kritickou \u010d\u00e1st nadpisu jsem si nevymyslel, abych postaven\u00ed Z\u00e1padu dramatizoval, ale je vlastn\u00edm nadpisem centr\u00e1ln\u00edho proevropsk\u00e9ho port\u00e1lu Politico.eu , kter\u00fd zcela ur\u010dit\u011b nenadb\u00edh\u00e1 Rusku. Krom\u011b sou\u010dasn\u00e9 m\u00f3dn\u00ed mantry o ochran\u011b klimatu, jen\u017e rozeb\u00edr\u00e1 ve st\u00ednu zn\u00e1m\u00e9ho a postupn\u011b mizej\u00edc\u00edho ledovce Zuspitze, \u010dl\u00e1nek se p\u0159irozen\u011b v\u011bnuje Ukrajin\u011b, inflaci, potravin\u00e1m i energiemi. A schopnosti v m\u00e9di\u00edch tolik p\u0159ece\u0148ovan\u00e9 G7 vyzn\u00edvaj\u00ed\u2026velmi rezervovan\u011b a\u017e superkriticky.<\/strong><\/p>\n<p>Aby ne. Tot\u00e1ln\u00ed sank\u010dn\u00ed v\u00e1lka drt\u00ed p\u0159edev\u0161\u00edm Z\u00e1pad a\u017e drakonick\u00fdm r\u016fstem cen energi\u00ed, obav, \u017ee v\u00a0zim\u011b bude lidem zima a absurdn\u00edm ekonomick\u00fdm v\u00fdsledkem, \u017ee Rusko jasn\u011b pomalu nev\u00ed, co s\u00a0pen\u011bzi a jeho postaven\u00ed coby v\u00fdvozce ropy, jej\u00edch deriv\u00e1t\u016f \u010di plynu do \u010c\u00edny i Indie p\u0159ekonalo ve\u0161ker\u00e9 o\u010dek\u00e1v\u00e1n\u00ed.<\/p>\n<p>Proto\u017ee ta v\u00e1lka zjevn\u011b bude trvat velmi dlouho, dokud Z\u00e1pad neuzn\u00e1, \u017ee prohr\u00e1l, proto\u017ee Rusko nem\u00e1 kam sp\u011bchat a p\u0159es drobn\u00e9 ne\u00fasp\u011bchy v\u011bci jsou vedeny jasn\u00fdm sm\u011brem, \u017ee racion\u00e1ln\u00ed pozorovatel\u00e9 si t\u011b\u017eko mohou por\u00e1\u017eku Ruska p\u0159edstavit.<\/p>\n<p>Na pozad\u00ed setk\u00e1n\u00ed zem\u00ed G7 se konalo virtu\u00e1ln\u00ed setk\u00e1n\u00ed st\u00e1t\u016f BRICS, Braz\u00edlie, Ruska, Indie, \u010c\u00edny a Ji\u017en\u00ed Afriky. Navazuji na Ji\u0159\u00edho Paroubka s\u00a0jeho \u010dl\u00e1nkem o uskupen\u00ed BRICS a dobavuji: V\u00a0sou\u010dasn\u00e9 dob\u011b je extr\u00e9mn\u00ed z\u00e1jem st\u00e1t\u016f nepodl\u00e9haj\u00edc\u00edm \u00fa\u010delov\u00e9mu lidskopr\u00e1vn\u00edmu dikt\u00e1tu Z\u00e1padu z\u00fa\u010dastnit se uveden\u00e9ho projektu. Zakladatelsk\u00e9 st\u00e1ty hledaj\u00ed vyv\u00e1\u017eenost region\u00e1ln\u00ed i vztahovou ke st\u00e1vaj\u00edc\u00edm \u010dlen\u016fm. A\u010d po\u010det z\u00e1jemc\u016f o p\u0159istoupen\u00ed \u010d\u00edt\u00e1 cca 5-9 v\u00fdznamn\u00fdch zem\u00ed sv\u011bta, o \u010dlenstv\u00ed po skon\u010den\u00ed summitu jist\u011b po p\u0159edchoz\u00edm konsensu zakladatelsk\u00fdch zem\u00ed po\u017e\u00e1daly dv\u011b region\u00e1ln\u00ed velmoci: Ir\u00e1n a Argentina. Saudsk\u00e1 Ar\u00e1bie, \u010di Indon\u00e9sie by tak\u00e9 cht\u011bly, ale v\u011bci bude t\u0159eba doladit, by\u0165 by jejich \u00fa\u010dast byla skv\u011bl\u00e1.<\/p>\n<p>V\u00a0ka\u017ed\u00e9m p\u0159\u00edpad\u011b BRICS, jako nez\u00e1padn\u00ed \u010di dokonce z\u010d\u00e1sti protiz\u00e1padn\u00ed ekonomick\u00e9 a pota\u017emo politick\u00e9 uskupen\u00ed, s\u00a0p\u0159edpokl\u00e1dan\u00fdm politick\u00fdm v\u00edt\u011bzstv\u00edm Ruska v\u00a0sou\u010dasn\u00e9m st\u0159etu Z\u00e1padu proti Rusku, a ekonomickou superdominanc\u00ed ve sv\u011bt\u011b m\u00e1 skv\u011blou perspektivu.<\/p>\n<p>G7 m\u00e1 k\u00a0dispozici jenom poslu\u0161n\u00e1 patol\u00edzalsk\u00e1 m\u00e9dia. Budoucnost nic moc\u2026<\/p>\n<p>Asi tak\u2026<\/p>\n<p><a href=\"http:\/\/vasevec.parlamentnilisty.cz\/komentare\/sebeznicujici-g7-selhava-brics-naopak-posiluje\">Ji\u0159\u00ed Vyvadil<\/a><\/p>\n<p>&nbsp;<\/p>\n","protected":false},"excerpt":{"rendered":"<p>Aby bylo jasno, tu prvn\u00ed ost\u0159e kritickou \u010d\u00e1st nadpisu jsem si nevymyslel, abych postaven\u00ed Z\u00e1padu&#8230;<\/p>\n","protected":false},"author":2,"featured_media":672,"comment_status":"closed","ping_status":"closed","sticky":false,"template":"","format":"standard","meta":[],"categories":[6],"tags":[1161,323,29],"_links":{"self":[{"href":"https:\/\/www.infokuryr.cz\/n\/wp-json\/wp\/v2\/posts\/11953"}],"collection":[{"href":"https:\/\/www.infokuryr.cz\/n\/wp-json\/wp\/v2\/posts"}],"about":[{"href":"https:\/\/www.infokuryr.cz\/n\/wp-json\/wp\/v2\/types\/post"}],"author":[{"embeddable":true,"href":"https:\/\/www.infokuryr.cz\/n\/wp-json\/wp\/v2\/users\/2"}],"replies":[{"embeddable":true,"href":"https:\/\/www.infokuryr.cz\/n\/wp-json\/wp\/v2\/comments?post=11953"}],"version-history":[{"count":0,"href":"https:\/\/www.infokuryr.cz\/n\/wp-json\/wp\/v2\/posts\/11953\/revisions"}],"wp:featuredmedia":[{"embeddable":true,"href":"https:\/\/www.infokuryr.cz\/n\/wp-json\/wp\/v2\/media\/672"}],"wp:attachment":[{"href":"https:\/\/www.infokuryr.cz\/n\/wp-json\/wp\/v2\/media?parent=11953"}],"wp:term":[{"taxonomy":"category","embeddable":true,"href":"https:\/\/www.infokuryr.cz\/n\/wp-json\/wp\/v2\/categories?post=11953"},{"taxonomy":"post_tag","embeddable":true,"href":"https:\/\/www.infokuryr.cz\/n\/wp-json\/wp\/v2\/tags?post=11953"}],"curies":[{"name":"wp","href":"https:\/\/api.w.org\/{rel}","templated":true}]}}