{"id":11950,"date":"2022-06-29T04:20:03","date_gmt":"2022-06-29T02:20:03","guid":{"rendered":"http:\/\/www.infokuryr.cz\/n\/?p=11950"},"modified":"2022-06-29T04:20:03","modified_gmt":"2022-06-29T02:20:03","slug":"cesi-uz-plati-za-benzin-vic-nez-bohati-nemci-a-to-hned-o-nekolik-korun-za-litr","status":"publish","type":"post","link":"https:\/\/www.infokuryr.cz\/n\/2022\/06\/29\/cesi-uz-plati-za-benzin-vic-nez-bohati-nemci-a-to-hned-o-nekolik-korun-za-litr\/","title":{"rendered":"\u010ce\u0161i u\u017e plat\u00ed za benz\u00edn v\u00edc ne\u017e bohat\u00ed N\u011bmci a to hned o n\u011bkolik korun za litr"},"content":{"rendered":"<div id=\"fb-root\"><\/div>\n<h2 class=\"entry-title\">Pro\u010d vede \u201eUkrajinec\u201c P. Fiala zemi do ekonomick\u00e9 katastrofy?<\/h2>\n<p>Cena benz\u00ednu natural 95 potichu a za ostentativn\u00edho nez\u00e1jmu ofici\u00e1ln\u00edch medi\u00ed dos\u00e1hla poprv\u00e9 v\u00a0<strong>novodob\u00e9 historii \u010ceska hranice 50 k\u010d za litr<\/strong>\u00a0a n\u011bkde tuto magickou hranici u\u017e p\u0159ekonala. Rovn\u011b\u017e p<strong>oprv\u00e9 v novodob\u00e9 historii je cena benz\u00ednu a nafty vy\u0161\u0161\u00ed ne\u017e v sousedn\u00edm bohat\u00e9m N\u011bmecku. Tam stoj\u00ed litr benz\u00ednu natural kolem 1,84 EUR, co\u017e je asi 45-46 k\u010d.<\/strong>\u00a0P\u0159itom je\u0161t\u011b ned\u00e1vno byla cena v N\u011bmecku vy\u0161\u0161\u00ed ne\u017e 2 EUR za litr, pak ale spolkov\u00e1 vl\u00e1da pod tlakem ve\u0159ejnosti a pr\u016fmyslu p\u0159ijala soubor opat\u0159en\u00ed a cena benz\u00ednu a nafty rychle poklesla. Stejn\u011b jako v sousedn\u00edm Polsku a i jinde.\u00a0<strong>Jen \u010desk\u00e1 vl\u00e1da nic ned\u011bl\u00e1<\/strong>. \u010cesko sm\u011b\u0159uje d\u00e1l do ekonomick\u00e9 katastrofy.<\/p>\n<p><strong>V\u0161e za naprost\u00e9ho nez\u00e1jmu vl\u00e1dnouc\u00edch \u201eelit\u201c, p\u0159itom neust\u00e1le rostouc\u00ed ceny energi\u00ed a ostentativn\u00ed nez\u00e1jem jejich r\u016fst a souvisej\u00edc\u00ed inflaci a nastupuj\u00edc\u00ed chudobu je do o\u010d\u00ed bij\u00edc\u00ed.<\/strong><\/p>\n<p><strong>Je tedy na m\u00edst\u011b ot\u00e1zka, pro\u010d p\u0159edseda vl\u00e1dy \u201eUkrajinec\u201c Fiala a jeho suita nechce situaci \u0159e\u0161it a pokusit se odvr\u00e1tit hroz\u00edc\u00ed ekonomickou katastrofu.\u00a0<\/strong>Odpov\u011b\u010f se sest\u00e1v\u00e1 z n\u011bkolika \u010d\u00e1st\u00ed, kter\u00e9 tvo\u0159\u00ed celou mozaiku.<\/p>\n<ol>\n<li><strong>Petr Fiala a cel\u00e1 vl\u00e1dnouc\u00ed koalice byla k moci dosazena pomoc\u00ed zahrani\u010dn\u00edch loutkovodi\u010d\u016f a svoj\u00ed moc tedy neodvozuje od \u010desk\u00fdch voli\u010d\u016f. Pak pochopiteln\u011b slou\u017e\u00ed tomu, kdo j\u00ed k moci dosadil a n\u011bjak\u00fd \u010desk\u00fd voli\u010d j\u00ed nezaj\u00edm\u00e1.<\/strong>\u00a0Ten j\u00ed u p\u0159\u00ed\u0161t\u00edch voleb u moci neudr\u017e\u00ed.<\/li>\n<li><strong>Vl\u00e1dn\u00ed t\u00fdm je soubor zoufal\u00fdch loutek okresn\u00edho form\u00e1tu bez pot\u0159ebn\u00fdch kvalit a zku\u0161enosti \u0159\u00eddit zemi.\u00a0<\/strong>To je sice pravda, ale okop\u00edrovat opat\u0159en\u00ed z okol\u00ed by probl\u00e9m jist\u011b nebyl a t\u0159eba pos\u00edlat zbran\u011b na Ukrajinu a ukrajinizovat zemi dok\u00e1zala hned od prvn\u00edho dne ukrajinsk\u00e9 krize. Jde tedy o vl\u00e1du v\u00fdkonn\u00fdch prapor\u010d\u00edk\u016f, kte\u0159\u00ed pouze pln\u00ed rozkazy ze zahrani\u010d\u00ed a Z\u00e1pad m\u00e1 dlouhodob\u011b z\u00e1jem na ekonomick\u00e9 likvidaci na\u0161\u00ed zem\u011b.<\/li>\n<li>Nelze zapomenout ani na p\u016fvod P. Fialy.\u00a0<strong>Hned po volb\u00e1ch se uk\u00e1zalo, \u017ee P. Fiala nen\u00ed tak \u00fapln\u011b Morav\u00e1k. Skromn\u011b toti\u017e zaml\u010del ve\u0159ejnosti sv\u016fj \u010d\u00e1ste\u010dn\u011b \u201evyvolen\u00fd\u201c p\u016fvod<\/strong>. Pokud se na sou\u010dasnou situaci okr\u00e1d\u00e1n\u00ed \u010cech\u016f gojim\u016f a drancov\u00e1n\u00ed zem\u011b pod\u00edv\u00e1me z pohledu u\u010den\u00ed samozvan\u00e9ho vyvolen\u00e9ho n\u00e1roda, tak v\u0161e je v po\u0159\u00e1dku. Goj \u017e\u00e1dn\u00fd majetek nevlastn\u00ed, proto\u017ee v\u0161e p\u0159ece pat\u0159\u00ed vyvolen\u00fdm a ti pou\u017e\u00edvaj\u00ed r\u016fzn\u00e9 metody, jak se ho zmocnit. V\u017edy\u0165 i jist\u00fd klasik vkl\u00e1d\u00e1<strong>\u00a0\u010f\u00e1blovi do \u00fast v\u011btu<\/strong>, \u201e<strong>moj\u00ed zbran\u00ed je klam a le\u017e, nepostav\u00edm se ti v otev\u0159en\u00e9m boji\u201c.<\/strong><\/li>\n<\/ol>\n<figure class=\"wp-block-image size-full\"><img decoding=\"async\" loading=\"lazy\" class=\"wp-image-13292\" src=\"https:\/\/ceskavec.com\/wp-content\/uploads\/2022\/06\/benzin-CZ.jpg\" sizes=\"(max-width: 640px) 100vw, 640px\" srcset=\"https:\/\/ceskavec.com\/wp-content\/uploads\/2022\/06\/benzin-CZ.jpg 640w, https:\/\/ceskavec.com\/wp-content\/uploads\/2022\/06\/benzin-CZ-300x145.jpg 300w\" alt=\"\" width=\"640\" height=\"310\" \/><figcaption>N\u011bkde u\u017e stoj\u00ed 1litr benz\u00ednu natural 50,90 k\u010d\u2026 to je o 5 k\u010d v\u00edc ne\u017e v bohat\u00e9m sousedn\u00edm N\u011bmecku<\/figcaption><\/figure>\n<p><strong>Moudr\u00fd \u010dten\u00e1\u0159 si jist\u011b dok\u00e1\u017ee ud\u011blat z\u00e1v\u011br s\u00e1m. Tak\u00e9 mu je jasn\u00e9, \u017ee na\u0161e vlast pot\u0159ebuje zm\u011bnu politick\u00e9ho uspo\u0159\u00e1d\u00e1n\u00ed, aby se vymanila z vlivu glob\u00e1ln\u00ed finan\u010dn\u00ed oligarchie a jejich m\u00edstn\u00edch slu\u017eebn\u00edk\u016f a souputn\u00edk\u016f.<\/strong><\/p>\n<p><a href=\"https:\/\/ceskavec.com\/2022\/06\/cesi-uz-plati-za-benzin-vic-nez-nemci-a-to-hned-o-nekolik-korun-za-litr-proc-vede-ukrajinec-p-fiala-zemi-do-ekonomicke-katastrofy\">\u010cesk\u00e1 v\u011bc<\/a><\/p>\n<p>&nbsp;<\/p>\n","protected":false},"excerpt":{"rendered":"<p>Pro\u010d vede \u201eUkrajinec\u201c P. Fiala zemi do ekonomick\u00e9 katastrofy? Cena benz\u00ednu natural 95 potichu a&#8230;<\/p>\n","protected":false},"author":2,"featured_media":3693,"comment_status":"closed","ping_status":"closed","sticky":false,"template":"","format":"standard","meta":[],"categories":[6],"tags":[1257,670,1497,371,429],"_links":{"self":[{"href":"https:\/\/www.infokuryr.cz\/n\/wp-json\/wp\/v2\/posts\/11950"}],"collection":[{"href":"https:\/\/www.infokuryr.cz\/n\/wp-json\/wp\/v2\/posts"}],"about":[{"href":"https:\/\/www.infokuryr.cz\/n\/wp-json\/wp\/v2\/types\/post"}],"author":[{"embeddable":true,"href":"https:\/\/www.infokuryr.cz\/n\/wp-json\/wp\/v2\/users\/2"}],"replies":[{"embeddable":true,"href":"https:\/\/www.infokuryr.cz\/n\/wp-json\/wp\/v2\/comments?post=11950"}],"version-history":[{"count":0,"href":"https:\/\/www.infokuryr.cz\/n\/wp-json\/wp\/v2\/posts\/11950\/revisions"}],"wp:featuredmedia":[{"embeddable":true,"href":"https:\/\/www.infokuryr.cz\/n\/wp-json\/wp\/v2\/media\/3693"}],"wp:attachment":[{"href":"https:\/\/www.infokuryr.cz\/n\/wp-json\/wp\/v2\/media?parent=11950"}],"wp:term":[{"taxonomy":"category","embeddable":true,"href":"https:\/\/www.infokuryr.cz\/n\/wp-json\/wp\/v2\/categories?post=11950"},{"taxonomy":"post_tag","embeddable":true,"href":"https:\/\/www.infokuryr.cz\/n\/wp-json\/wp\/v2\/tags?post=11950"}],"curies":[{"name":"wp","href":"https:\/\/api.w.org\/{rel}","templated":true}]}}