{"id":11932,"date":"2022-06-29T01:01:45","date_gmt":"2022-06-28T23:01:45","guid":{"rendered":"http:\/\/www.infokuryr.cz\/n\/?p=11932"},"modified":"2022-06-28T16:46:15","modified_gmt":"2022-06-28T14:46:15","slug":"marek-rezanka-pravo-podle-rakusana","status":"publish","type":"post","link":"https:\/\/www.infokuryr.cz\/n\/2022\/06\/29\/marek-rezanka-pravo-podle-rakusana\/","title":{"rendered":"Marek \u0158ezanka: Pr\u00e1vo podle Raku\u0161ana"},"content":{"rendered":"<div id=\"fb-root\"><\/div>\n<header class=\"entry-header header-footer-group\">\n<div class=\"entry-header-inner section-inner medium\">\n<div class=\"intro-text section-inner max-percentage small\">\n<p>V\u00edt Raku\u0161an, ministr vnitra ve Fialov\u011b kabinetu, n\u00e1s horem dolem p\u0159esv\u011bd\u010duje, \u017ee krom\u011b pana Hlubu\u010dka Starostov\u00e9 a nez\u00e1visl\u00ed nemaj\u00ed probl\u00e9m. A \u017ee on nem\u00e1 d\u016fvod odstupovat ze sv\u00e9 funkce:<\/p>\n<\/div>\n<\/div>\n<\/header>\n<div class=\"post-inner thin \">\n<div class=\"entry-content\">\n<p>\u201e<em>I kdy\u017e ct\u00edm presumpci neviny, tak krimin\u00e1ln\u00ed pozad\u00ed se t\u00fdk\u00e1 jednoho konkr\u00e9tn\u00edho pra\u017esk\u00e9ho politika. Ale Petr Gazd\u00edk nebo Stanislav Pol\u010d\u00e1k, alespo\u0148 co v\u00edm z\u00a0m\u00e9di\u00ed, nevystupuj\u00ed rozhodn\u011b jako n\u011bkdo, kdo by byl podez\u0159el\u00fd, vy\u0161et\u0159ovan\u00fd nebo by snad do budoucna m\u011bl b\u00fdt obvin\u011bn\u00fd. M\u011bli kontakty, kter\u00e9 z\u00a0m\u00e9ho pohledu d\u00e1vno m\u00edt rozhodn\u011b nem\u011bli, ale na druhou stranu ihned z\u00a0toho vyvodili odpov\u011bdnost.<\/em>\u201c<\/p>\n<p>Petr Gazd\u00edk ani Stanislav Pol\u010d\u00e1k ov\u0161em nevysv\u011btlili, jak\u00fdm zp\u016fsobem platili soukrom\u00e9 firm\u011b CircleTech za \u0161ifrovac\u00ed software. Pou\u017e\u00edvali ho v\u00edce ne\u017e deset let ve sv\u00fdch mobiln\u00edch telefonech. Z\u00a0toho lze usuzovat na dlouhodobou \u010dinnost, kdy jen pou\u017e\u00edv\u00e1n\u00ed onoho software p\u0159edstavuje v\u00fdznamnou finan\u010dn\u00ed polo\u017eku.<\/p>\n<p>Pana Raku\u0161ana nezaj\u00edm\u00e1, kdo jeho poslanc\u016fm poskytoval \u0161t\u011bdr\u00e9 sponzorov\u00e1n\u00ed aktivit, kter\u00e9 jaksi nepat\u0159\u00ed k\u00a0jejich funkci \u2013 a\u00a0hlavn\u011b, z\u00a0jak\u00e9ho d\u016fvodu jim tyto slu\u017eby n\u011bkdo poskytoval?<\/p>\n<p>Stejn\u011b z\u00e1va\u017enou by pro n\u00e1s m\u011blo b\u00fdt konstatov\u00e1n\u00ed, \u017ee V. Raku\u0161an pop\u00edr\u00e1, \u017ee by m\u011bl od BIS av\u00edzo, co se v\u00a0jeho hnut\u00ed (stran\u011b) d\u011bje:<\/p>\n<p>\u201e<em>Informaci tohoto charakteru, a\u00a0mysl\u00edm, \u017ee zpr\u00e1vy BIS \u010dtu celkem poctiv\u011b, jsem rozhodn\u011b nem\u011bl.<\/em>\u201c<\/p>\n<p>Bu\u010f V. Raku\u0161an l\u017ee \u2013 a\u00a0v\u00a0tom p\u0159\u00edpad\u011b by m\u011bl ihned rezignovat \u2013 nebo zcela jasn\u011b selhala BIS, kter\u00e1 roky nebyla schopna zjistit napojen\u00ed politik\u016f na organizovan\u00fd zlo\u010din. Veden\u00ed Bezpe\u010dnostn\u00ed informa\u010dn\u00ed slu\u017eby by z\u00a0takov\u00e9ho selh\u00e1n\u00ed m\u011blo vyvodit jednozna\u010dn\u00e9 d\u016fsledky.<\/p>\n<p>Kauza pra\u017esk\u00e9ho Dopravn\u00edho podniku je\u0161t\u011b zdaleka nen\u00ed uzav\u0159ena. Je ne\u0161\u0165astn\u00e9, \u017ee\u00a0informace unikly do m\u00e9di\u00ed d\u0159\u00edve, ne\u017e byly shrom\u00e1\u017ed\u011bny ve\u0161ker\u00e9 d\u016fkazn\u00ed materi\u00e1ly a\u00a0ne\u017e by\u00a0bylo zcela jasn\u00e9, koho v\u0161eho se tato kauza t\u00fdk\u00e1 a\u00a0kdo v\u0161echno bude obvin\u011bn.<\/p>\n<p>M\u011bli bychom se rovn\u011b\u017e dozv\u011bd\u011bt, kdo vynesl kus\u00e9 zpr\u00e1vy z\u00a0dosud neuzav\u0159en\u00e9ho vy\u0161et\u0159ov\u00e1n\u00ed do m\u00e9di\u00ed. Petr Fiala a\u00a0jeho kabinet na ka\u017ed\u00e9m rohu hl\u00e1s\u00e1, \u017ee za v\u0161e m\u016f\u017ee pan Babi\u0161 a\u00a0jeho lid\u00e9. Ale \u201eBabi\u0161ovi lidi\u201c zbavila tato vl\u00e1da t\u00e9m\u011b\u0159 v\u0161ech vy\u0161\u0161\u00edch funkc\u00ed. Jestli bych m\u011bl tipovat, kdo mohl m\u00edt z\u00e1jem celou kauzu zve\u0159ejnit ji\u017e v\u00a0jej\u00edch plenk\u00e1ch, hledal bych n\u011bkoho, kdo m\u011bl jednak p\u0159\u00edle\u017eitost tak u\u010dinit \u2013 a\u00a0za druh\u00e9 motiv. V\u00a0takov\u00e9m p\u0159\u00edpad\u011b by se mezi podez\u0159el\u00fdmi objevil ten, koho hnut\u00ed STAN v\u00a0parlamentn\u00edch volb\u00e1ch nehor\u00e1zn\u011b podvedlo \u2013 a\u00a0kdo nyn\u00ed z\u00a0jeho skand\u00e1lu m\u016f\u017ee t\u011b\u017eit ve volb\u00e1ch do zastupitelstev obc\u00ed.<\/p>\n<p>Pan Raku\u0161an v\u00a0\u017e\u00e1dn\u00e9m p\u0159\u00edpad\u011b nem\u016f\u017ee tvrdit, \u017ee v\u00a0t\u00e9to kauze selhal z\u00a0jeho hnut\u00ed jedin\u00fd \u010dlen. Podez\u0159el\u00fdch je ji\u017e v\u00a0t\u00e9to chv\u00edli mnohem v\u00edce \u2013 a\u00a0t\u00edm p\u00e1dem je automaticky podez\u0159el\u00fd i\u00a0s\u00e1m pan ministr. Pokud si toto neuv\u011bdomuje, umoc\u0148uje pouze rozm\u011br sv\u00e9 nekompetentnosti.<\/p>\n<p>Korup\u010dn\u00ed kauze, jen pon\u011bkud jin\u00e9, \u010del\u00ed del\u0161\u00ed dobu rovn\u011b\u017e Martin P\u016fta. Vladim\u00edr Bala\u0161, kter\u00fd by se m\u011bl st\u00e1t ministrem \u0161kolstv\u00ed po\u00a0Petru Gazd\u00edkovi, pro zm\u011bnu umo\u017enil studium b\u00fdval\u00e9mu ministrovi vnitra, Janu Rumlovi, t\u0159eba\u017ee ten u\u00a0p\u0159ij\u00edmac\u00edch zkou\u0161ek v\u00a0Plzni nepro\u0161el. Zapadnout by nem\u011bl ani jeho posudek v\u00a0kauze Investi\u010dn\u00ed a\u00a0po\u0161tovn\u00ed banky (IPB).<\/p>\n<p>K\u00a0tomu p\u0159ipo\u010dt\u011bme snahu pana Farsk\u00e9ho vyu\u017e\u00edvat poslaneck\u00fd plat na st\u00e1\u017ei v\u00a0USA. Co \u010deln\u00fd politik hnut\u00ed STAN, to minim\u00e1ln\u011b ne\u010destn\u00e9 jedn\u00e1n\u00ed, v\u00a0hor\u0161\u00edm p\u0159\u00edpad\u011b jedn\u00e1n\u00ed korup\u010dn\u00ed. Takov\u00e1 vizitka mluv\u00ed sama o\u00a0sob\u011b. Jestli\u017ee se Petr Fiala tv\u00e1\u0159\u00ed, \u017ee toto je naprosto v\u00a0po\u0159\u00e1dku, je nejvy\u0161\u0161\u00ed \u010das pro zp\u011btnou vazbu: Vl\u00e1da napojen\u00e1 na organizovan\u00fd zlo\u010din je vl\u00e1dou ne\u017e\u00e1douc\u00ed.<\/p>\n<p><em><a href=\"https:\/\/ceske-narodni-listy.estranky.cz\/clanky\/prispevky\/pravo-podle-rakusana.html\">Zdroj<\/a><\/em><\/p>\n<p>&nbsp;<\/p>\n<\/div>\n<\/div>\n","protected":false},"excerpt":{"rendered":"<p>V\u00edt Raku\u0161an, ministr vnitra ve Fialov\u011b kabinetu, n\u00e1s horem dolem p\u0159esv\u011bd\u010duje, \u017ee krom\u011b pana Hlubu\u010dka&#8230;<\/p>\n","protected":false},"author":2,"featured_media":9439,"comment_status":"closed","ping_status":"closed","sticky":false,"template":"","format":"standard","meta":[],"categories":[6],"tags":[29,1032,99],"_links":{"self":[{"href":"https:\/\/www.infokuryr.cz\/n\/wp-json\/wp\/v2\/posts\/11932"}],"collection":[{"href":"https:\/\/www.infokuryr.cz\/n\/wp-json\/wp\/v2\/posts"}],"about":[{"href":"https:\/\/www.infokuryr.cz\/n\/wp-json\/wp\/v2\/types\/post"}],"author":[{"embeddable":true,"href":"https:\/\/www.infokuryr.cz\/n\/wp-json\/wp\/v2\/users\/2"}],"replies":[{"embeddable":true,"href":"https:\/\/www.infokuryr.cz\/n\/wp-json\/wp\/v2\/comments?post=11932"}],"version-history":[{"count":0,"href":"https:\/\/www.infokuryr.cz\/n\/wp-json\/wp\/v2\/posts\/11932\/revisions"}],"wp:featuredmedia":[{"embeddable":true,"href":"https:\/\/www.infokuryr.cz\/n\/wp-json\/wp\/v2\/media\/9439"}],"wp:attachment":[{"href":"https:\/\/www.infokuryr.cz\/n\/wp-json\/wp\/v2\/media?parent=11932"}],"wp:term":[{"taxonomy":"category","embeddable":true,"href":"https:\/\/www.infokuryr.cz\/n\/wp-json\/wp\/v2\/categories?post=11932"},{"taxonomy":"post_tag","embeddable":true,"href":"https:\/\/www.infokuryr.cz\/n\/wp-json\/wp\/v2\/tags?post=11932"}],"curies":[{"name":"wp","href":"https:\/\/api.w.org\/{rel}","templated":true}]}}