{"id":11918,"date":"2022-06-28T03:05:15","date_gmt":"2022-06-28T01:05:15","guid":{"rendered":"http:\/\/www.infokuryr.cz\/n\/?p=11918"},"modified":"2022-06-28T03:05:15","modified_gmt":"2022-06-28T01:05:15","slug":"summit-skupiny-g7-v-nemecku-se-konal-pod-tihou-krize","status":"publish","type":"post","link":"https:\/\/www.infokuryr.cz\/n\/2022\/06\/28\/summit-skupiny-g7-v-nemecku-se-konal-pod-tihou-krize\/","title":{"rendered":"Summit skupiny G7 v N\u011bmecku se konal pod t\u00edhou krize"},"content":{"rendered":"<div id=\"fb-root\"><\/div>\n<p>N\u011bmecko je p\u0159edsednick\u00e1 zem\u011b skupiny G7 v roce 2022. Dne 26. \u010dervna m\u00edstn\u00edho \u010dasu byl ve Schloss Elmau v Bavorsku v N\u011bmecku zah\u00e1jen t\u0159\u00eddenn\u00ed summit skupiny G7. Konflikt mezi Ruskem a Ukrajinou bylo d\u016fle\u017eit\u00e9 t\u00e9ma tohoto summitu a dal\u0161\u00ed t\u00e9mata se t\u00fdkala boje proti zm\u011bn\u00e1m klimatu a energetick\u00e9 krize. N\u00e1sleduje konkr\u00e9tn\u00ed report\u00e1\u017e od novin\u00e1\u0159e \u010d\u00ednsk\u00e9 medi\u00e1ln\u00ed skupiny China Media Group (CMG) Ruan Jianwen (\u017duan \u0164ien-wen) z N\u011bmecka.<\/p>\n<p>Ve\u0159ejnost v\u011b\u0159\u00ed, \u017ee skupina G7 za posledn\u00edch 50 let po sv\u00e9m vzniku nikdy ne\u010delila tak z\u00e1va\u017en\u00e9 krizi &#8211; konflikt mezi Ruskem a Ukrajinou nad\u00e1le pokra\u010duje, bezpe\u010dnost potravin je ohro\u017eena, glob\u00e1ln\u00ed inflace se zhor\u0161uje a perspektiva hospod\u00e1\u0159sk\u00e9ho zotaven\u00ed \u010del\u00ed mnoha nejistot\u00e1m. Krom\u011b hospod\u00e1\u0159sk\u00e9 situace, mezin\u00e1rodn\u00edho partnerstv\u00ed v oblasti infrastruktury a investic, a sankc\u00ed v\u016f\u010di Rusku se p\u0159edstavitel\u00e9 \u010dlensk\u00fdch zem\u00ed skupiny G7 na summitu tak\u00e9 zam\u011b\u0159ili na s\u00e9rii n\u00e1sledk\u016f klimatick\u00fdch zm\u011bn a pandemie COVID-19.<\/p>\n<p>N\u011bmeck\u00fd kancl\u00e9\u0159 Olaf Scholz uvedl, \u017ee a\u010dkoli summit nem\u016f\u017ee vy\u0159e\u0161it v\u0161echny probl\u00e9my, p\u0159inese d\u016fle\u017eit\u00e1 rozhodnut\u00ed, kter\u00e1 poslou\u017e\u00ed jako \u201eu\u017eite\u010dn\u00e1 p\u0159\u00edprava\u201c.<\/p>\n<p>Olaf Scholz \u0159ekl: \u201eV mezin\u00e1rodn\u00edch vztaz\u00edch nen\u00ed nyn\u00ed slune\u010dno. V\u0161echny \u010dlensk\u00e9 zem\u011b skupiny G7 se ob\u00e1vaj\u00ed sou\u010dasn\u00e9 krize, v n\u011bkter\u00fdch zem\u00edch poklesl hospod\u00e1\u0159sk\u00fd r\u016fst, inflace roste, trp\u00edme nedostatkem surovin a dodavatelsk\u00fd \u0159et\u011bzec je p\u0159eru\u0161en. To jsou obrovsk\u00e9 v\u00fdzvy, kter\u00fdm mus\u00edme \u010delit, a proto tak\u00e9 mus\u00edme p\u0159evz\u00edt odpov\u011bdnost. Pevn\u011b v\u011b\u0159\u00edm, \u017ee p\u0159\u00edslu\u0161n\u00e9 strany na tomto summitu vy\u0161lou jasn\u00fd sign\u00e1l k jednot\u011b a rozhodn\u00e9 akci.\u201c<\/p>\n<p>Stoj\u00ed za zm\u00ednku, \u017ee u t\u00e9to p\u0159\u00edle\u017eitosti nav\u0161t\u00edvil N\u011bmecko americk\u00fd prezident Joe Biden, poprv\u00e9 po n\u00e1stupu do \u00fa\u0159adu prezidenta v lednu roku 2021. P\u0159ed summitem vedly ob\u011b strany bilater\u00e1ln\u00ed jedn\u00e1n\u00ed. Americk\u00fd B\u00edl\u00fd d\u016fm pozd\u011bji ozn\u00e1mil, \u017ee prezident Biden v\u00edt\u00e1 \u201ehistorick\u00fd slib\u201c N\u011bmecka v bilater\u00e1ln\u00edm jedn\u00e1n\u00ed ohledn\u011b velk\u00e9ho zv\u00fd\u0161en\u00ed v\u00fddaj\u016f v oblasti obrany. Spojen\u00e9 st\u00e1ty a N\u011bmecko budou nad\u00e1le poskytovat Ukrajin\u011b vojenskou, hospod\u00e1\u0159skou, humanit\u00e1rn\u00ed a diplomatickou podporu, a budou usilovat o zm\u00edrn\u011bn\u00ed dopad\u016f konfliktu mezi Ruskem a Ukrajinou na glob\u00e1ln\u00ed potravinovou a energetickou bezpe\u010dnost.<\/p>\n<p>Olaf Scholz uvedl: \u201eDnes r\u00e1no jsem vedl velmi podrobn\u00fd bilater\u00e1ln\u00ed dialog s prezidentem Joem Bidenem. M\u00e1me stejn\u00fd n\u00e1zor na to, jak\u00e1 opat\u0159en\u00ed je t\u0159eba p\u0159ijmout v ukrajinsk\u00e9 ot\u00e1zce. Tak\u017ee je jasn\u00e9, \u017ee v ot\u00e1zce ukrajinsk\u00e9 bezpe\u010dnosti budou N\u011bmecko a Spojen\u00e9 st\u00e1ty jednat spole\u010dn\u011b. Tak je to od za\u010d\u00e1tku a bude to tak nad\u00e1le pokra\u010dovat i v budoucnosti. Znovu opakujeme d\u016fle\u017eitost spole\u010dn\u00e9 akce a t\u011bsn\u00e9 koordinace.\u201c<\/p>\n<p>Krom\u011b \u00fa\u010dasti p\u0159edstavitel\u016f N\u011bmecka, Spojen\u00fdch st\u00e1t\u016f, Francie, Velk\u00e9 Brit\u00e1nie, It\u00e1lie, Kanady a Japonska N\u011bmecko tak\u00e9 pozvalo na summit v\u016fdce Indie, Indon\u00e9sie, Ji\u017en\u00ed Afriky, Senegalu a Argentiny. P\u0159edseda Evropsk\u00e9 rady Chales Michel a p\u0159edsedkyn\u011b Evropsk\u00e9 komise Ursula von der Leyen se z\u00fa\u010dastnili summitu jako pozorovatel\u00e9 jm\u00e9nem EU. Ukrajinsk\u00fd prezident Volodymyr Zelenskyj se tak\u00e9 z\u00fa\u010dastnil summitu prost\u0159ednictv\u00edm videa.<\/p>\n<p>Aby N\u011bmecko zajistilo \u00fasp\u011b\u0161n\u00e9 kon\u00e1n\u00ed summitu a udr\u017een\u00ed po\u0159\u00e1dku v okol\u00ed m\u00edsta, kde neust\u00e1le doch\u00e1zelo k protestn\u00edm demonstrac\u00edm, povolalo asi 18 tis\u00edc policist\u016f z cel\u00e9 zem\u011b, kte\u0159\u00ed vyu\u017e\u00edvali vojensk\u00e9 vrtuln\u00edky, vysokotlak\u00e9 vodn\u00ed zbran\u011b a dal\u0161\u00ed opat\u0159en\u00ed pro zaji\u0161t\u011bn\u00ed bezpe\u010dnosti na vysok\u00e9 \u00farovni.<\/p>\n<p>P\u0159ed summitem uspo\u0159\u00e1dalo tis\u00edce lid\u00ed v Mnichov\u011b protestn\u00ed demonstraci, aby protestovali proti summitu skupiny G7. 26. \u010dervna se shrom\u00e1\u017edilo t\u00e9m\u011b\u0159 tis\u00edc lid\u00ed v centru m\u011bsta Garmisch-Partenkirchen, kde se summit konal. Demonstranti nesli plak\u00e1ty se slovy \u201eStav\u00edme se proti skupin\u011b G7\u201c, \u201eZastavte z\u00e1vody ve zbrojen\u00ed\u201c, \u201eOchra\u0148te Zemi\u201c a dal\u0161\u00ed.<\/p>\n<p>Podporovatelka ochrany \u017eivotn\u00edho prost\u0159ed\u00ed \u0159ekla: \u201eSkupina G7 je nejv\u011bt\u0161\u00edm tv\u016frcem klimatick\u00e9 krize. Jej\u00ed akce a odpov\u011bdnost, kterou p\u0159ijala, v\u0161ak zdaleka nejsou dostate\u010dn\u00e9 a v\u016fbec nesta\u010d\u00ed na omezen\u00ed katastrofick\u00e9 zm\u011bny klimatu. Proto vyz\u00fdv\u00e1me skupinu G7, aby pos\u00edlila boj proti zm\u011bn\u011b klimatu, ukon\u010dila vyu\u017e\u00edv\u00e1n\u00ed uhl\u00ed p\u0159ed rokem 2030 a poskytla ekonomickou pomoc chud\u00fdm zem\u00edm.\u201c<\/p>\n<p><img decoding=\"async\" loading=\"lazy\" class=\"alignnone size-full wp-image-1185\" src=\"http:\/\/www.infokuryr.cz\/n\/wp-content\/uploads\/2021\/04\/kuryr-podpis.png\" alt=\"\" width=\"84\" height=\"24\" \/><\/p>\n<p>&nbsp;<\/p>\n","protected":false},"excerpt":{"rendered":"<p>N\u011bmecko je p\u0159edsednick\u00e1 zem\u011b skupiny G7 v roce 2022. Dne 26. \u010dervna m\u00edstn\u00edho \u010dasu byl&#8230;<\/p>\n","protected":false},"author":2,"featured_media":10510,"comment_status":"closed","ping_status":"closed","sticky":false,"template":"","format":"standard","meta":[],"categories":[7],"tags":[323,84,623],"_links":{"self":[{"href":"https:\/\/www.infokuryr.cz\/n\/wp-json\/wp\/v2\/posts\/11918"}],"collection":[{"href":"https:\/\/www.infokuryr.cz\/n\/wp-json\/wp\/v2\/posts"}],"about":[{"href":"https:\/\/www.infokuryr.cz\/n\/wp-json\/wp\/v2\/types\/post"}],"author":[{"embeddable":true,"href":"https:\/\/www.infokuryr.cz\/n\/wp-json\/wp\/v2\/users\/2"}],"replies":[{"embeddable":true,"href":"https:\/\/www.infokuryr.cz\/n\/wp-json\/wp\/v2\/comments?post=11918"}],"version-history":[{"count":0,"href":"https:\/\/www.infokuryr.cz\/n\/wp-json\/wp\/v2\/posts\/11918\/revisions"}],"wp:featuredmedia":[{"embeddable":true,"href":"https:\/\/www.infokuryr.cz\/n\/wp-json\/wp\/v2\/media\/10510"}],"wp:attachment":[{"href":"https:\/\/www.infokuryr.cz\/n\/wp-json\/wp\/v2\/media?parent=11918"}],"wp:term":[{"taxonomy":"category","embeddable":true,"href":"https:\/\/www.infokuryr.cz\/n\/wp-json\/wp\/v2\/categories?post=11918"},{"taxonomy":"post_tag","embeddable":true,"href":"https:\/\/www.infokuryr.cz\/n\/wp-json\/wp\/v2\/tags?post=11918"}],"curies":[{"name":"wp","href":"https:\/\/api.w.org\/{rel}","templated":true}]}}