{"id":11914,"date":"2022-06-28T01:07:03","date_gmt":"2022-06-27T23:07:03","guid":{"rendered":"http:\/\/www.infokuryr.cz\/n\/?p=11914"},"modified":"2022-06-27T18:34:22","modified_gmt":"2022-06-27T16:34:22","slug":"dusledky-budou-znicujici-ve-spojenych-statech-kritizovaly-zruseni-prava-na-potrat","status":"publish","type":"post","link":"https:\/\/www.infokuryr.cz\/n\/2022\/06\/28\/dusledky-budou-znicujici-ve-spojenych-statech-kritizovaly-zruseni-prava-na-potrat\/","title":{"rendered":"D\u016fsledky budou zni\u010duj\u00edc\u00ed: ve Spojen\u00fdch st\u00e1tech kritizovaly zru\u0161en\u00ed pr\u00e1va na potrat"},"content":{"rendered":"<div id=\"fb-root\"><\/div>\n<p><strong><span>Americk\u00e9 publikace kritizovaly rozhodnut\u00ed Nejvy\u0161\u0161\u00edho soudu Spojen\u00fdch st\u00e1t\u016f, kter\u00fd ru\u0161\u00ed \u00fastavn\u00ed pr\u00e1vo na potrat.\u00a0<\/span><\/strong><\/p>\n<p><span>The New York Times napsal, \u017ee d\u016fsledky tohoto rozhodnut\u00ed by byly zni\u010duj\u00edc\u00ed.\u00a0T\u00e9m\u011b\u0159 polovina st\u00e1t\u016f by mohla brzy p\u0159ijmout z\u00e1kony omezuj\u00edc\u00ed nebo zakazuj\u00edc\u00ed potraty.\u00a0Bez pln\u00e9 kontroly nad sv\u00fdm t\u011blem ztrat\u00ed \u017eeny schopnost b\u00fdt rovnocenn\u00fdmi \u010dleny americk\u00e9 spole\u010dnosti.<\/span><\/p>\n<p><span>The Washington Post se domn\u00edv\u00e1, \u017ee toto rozhodnut\u00ed definitivn\u011b zabilo d\u016fv\u011bru v soud, kter\u00e1 je\u0161t\u011b z\u016fstala. St\u00e1ty se budou sna\u017eit kriminalizovat potraty.\u00a0V s\u00e1zce budou \u017eivoty a identita \u017een.<\/span><\/p>\n<p><span>Wall Street Journal tak\u00e9 uv\u00e1d\u00ed, \u017ee jde o jeden z m\u00e1la p\u0159\u00edpad\u016f, kdy se soud obr\u00e1til zp\u011bt, aby zru\u0161il \u00fastavn\u00ed pr\u00e1vo, kter\u00e9 d\u0159\u00edve uznal.<\/span><\/p>\n<p><strong><em>Podle Politico byli nav\u00edc t\u0159i z p\u011bti soudc\u016f, kte\u0159\u00ed hlasovali pro odstran\u011bn\u00ed z\u00e1ruk za pr\u00e1vo na potrat, jmenov\u00e1ni za p\u0159edchoz\u00edho americk\u00e9ho prezidenta Donalda Trumpa.\u00a0Rozhodnut\u00ed je sou\u010d\u00e1st\u00ed jeho odkazu.<\/em><\/strong><\/p>\n<p><span>Ji\u017e d\u0159\u00edve americk\u00fd prezident Joe Biden prohl\u00e1sil, \u017ee rozhodnut\u00ed zru\u0161it pr\u00e1vo na potrat vrac\u00ed Ameriku o 150 let zp\u011bt.\u00a0Prezident Spojen\u00fdch st\u00e1t\u016f v\u011b\u0159\u00ed, \u017ee rozhodnut\u00ed Nejvy\u0161\u0161\u00edho soudu o zru\u0161en\u00ed \u00fastavn\u00edho pr\u00e1va na potrat zbav\u00ed americk\u00e9 \u017eeny kontroly nad jejich \u017eivoty, a vyzval voli\u010de, aby sv\u00e1 pr\u00e1va v nadch\u00e1zej\u00edc\u00edch volb\u00e1ch br\u00e1nili.<\/span><\/p>\n<p><span>Mezit\u00edm po americk\u00e9m st\u00e1t\u011b Missouri ozn\u00e1mil z\u00e1kaz potrat\u016f i Texas.\u00a0Jde o druh\u00fd americk\u00fd st\u00e1t, kter\u00fd vyu\u017eil rozhodnut\u00ed Nejvy\u0161\u0161\u00edho soudu, kter\u00fd umo\u017enil zak\u00e1zat um\u011bl\u00e9 p\u0159eru\u0161en\u00ed t\u011bhotenstv\u00ed.<\/span><\/p>\n<p><img decoding=\"async\" loading=\"lazy\" class=\"alignnone size-full wp-image-1185\" src=\"http:\/\/www.infokuryr.cz\/n\/wp-content\/uploads\/2021\/04\/kuryr-podpis.png\" alt=\"\" width=\"84\" height=\"24\" \/><\/p>\n<p>&nbsp;<\/p>\n","protected":false},"excerpt":{"rendered":"<p>Americk\u00e9 publikace kritizovaly rozhodnut\u00ed Nejvy\u0161\u0161\u00edho soudu Spojen\u00fdch st\u00e1t\u016f, kter\u00fd ru\u0161\u00ed \u00fastavn\u00ed pr\u00e1vo na potrat.\u00a0 The&#8230;<\/p>\n","protected":false},"author":2,"featured_media":11915,"comment_status":"closed","ping_status":"closed","sticky":false,"template":"","format":"standard","meta":[],"categories":[7],"tags":[188,324,37],"_links":{"self":[{"href":"https:\/\/www.infokuryr.cz\/n\/wp-json\/wp\/v2\/posts\/11914"}],"collection":[{"href":"https:\/\/www.infokuryr.cz\/n\/wp-json\/wp\/v2\/posts"}],"about":[{"href":"https:\/\/www.infokuryr.cz\/n\/wp-json\/wp\/v2\/types\/post"}],"author":[{"embeddable":true,"href":"https:\/\/www.infokuryr.cz\/n\/wp-json\/wp\/v2\/users\/2"}],"replies":[{"embeddable":true,"href":"https:\/\/www.infokuryr.cz\/n\/wp-json\/wp\/v2\/comments?post=11914"}],"version-history":[{"count":0,"href":"https:\/\/www.infokuryr.cz\/n\/wp-json\/wp\/v2\/posts\/11914\/revisions"}],"wp:featuredmedia":[{"embeddable":true,"href":"https:\/\/www.infokuryr.cz\/n\/wp-json\/wp\/v2\/media\/11915"}],"wp:attachment":[{"href":"https:\/\/www.infokuryr.cz\/n\/wp-json\/wp\/v2\/media?parent=11914"}],"wp:term":[{"taxonomy":"category","embeddable":true,"href":"https:\/\/www.infokuryr.cz\/n\/wp-json\/wp\/v2\/categories?post=11914"},{"taxonomy":"post_tag","embeddable":true,"href":"https:\/\/www.infokuryr.cz\/n\/wp-json\/wp\/v2\/tags?post=11914"}],"curies":[{"name":"wp","href":"https:\/\/api.w.org\/{rel}","templated":true}]}}