{"id":11899,"date":"2022-06-28T01:01:55","date_gmt":"2022-06-27T23:01:55","guid":{"rendered":"http:\/\/www.infokuryr.cz\/n\/?p=11899"},"modified":"2022-06-27T17:21:47","modified_gmt":"2022-06-27T15:21:47","slug":"jan-campbell-vznesene-ke-svemu-konci","status":"publish","type":"post","link":"https:\/\/www.infokuryr.cz\/n\/2022\/06\/28\/jan-campbell-vznesene-ke-svemu-konci\/","title":{"rendered":"Jan Campbell: Vzne\u0161en\u011b ke sv\u00e9mu konci"},"content":{"rendered":"<div id=\"fb-root\"><\/div>\n<p>V\u00a0ned\u011bli, kdy pracuji na p\u0159\u00edsp\u011bvku, za\u010d\u00edn\u00e1 summit G-7 na z\u00e1mku Elmau. Bude kon\u010dit v\u00a0\u00fater\u00fd. P\u0159i pohledu na tituln\u00ed str\u00e1nku Seznam nevid\u00edm nic o summitu. Televizi ji\u017e 15 let nesleduji. Mo\u017en\u00e1 nejenom redakce, ale i \u010de\u0161t\u00ed politici, kte\u0159\u00ed z\u0159ejm\u011b nebyli pozv\u00e1ni ani jako pozorovatel\u00e9 a fiktivn\u00ed vedouc\u00ed p\u0159edsednictv\u00ed EU hodnot\u00ed summit jako zbyte\u010dn\u00fd. Ve skute\u010dnosti tomu tak je. P\u0159esto neu\u0161kod\u00ed p\u0159ipomenout si n\u011bkolik fakt\u016f, zku\u0161enost\u00ed a osobn\u00edch hodnocen\u00ed G-7.<\/p>\n<p>Nikdy p\u0159edt\u00edm v historii G7 nebyl summit poznamen\u00e1n <em>tolika, tak v\u00e1\u017en\u00fdmi, simult\u00e1nn\u00edmi a propleten\u00fdmi \u0161oky<\/em> jako letos, \u0159ekl John Kirton, \u0159editel v\u00fdzkumn\u00e9 skupiny G-7 na univerzit\u011b v Torontu. Tlak na jedn\u00e1n\u00ed je proto obrovsk\u00fd a skupina G7 bude muset zv\u00e1\u017eit, jak m\u016f\u017ee zm\u00edrnit n\u00e1sledky t\u011bchto ot\u0159es\u016f. Spolkov\u00fd kancl\u00e9\u0159 Olaf Scholz (SPD) pl\u00e1nuje p\u0159esv\u011bd\u010dit G7 o <em>Marshallov\u011b pl\u00e1nu<\/em> pro Ukrajinu. V d\u016fsledku toho by do zem\u011b proudily miliardy, pro fiktivn\u00ed pomoc a re\u00e1lnou korupci. Zem\u011b G-7 mus\u00ed tak\u00e9 vyjasnit sv\u00e9 budouc\u00ed vztahy s\u00a0Ruskou federac\u00ed, kter\u00e9 se sou\u010dasn\u011b &#8211; podle neofici\u00e1ln\u00edch zpr\u00e1v, chystaj\u00ed vyhl\u00e1sit bojkot obchodu e zlatem. A tak\u00e9 s\u00a0\u010cLR.\u00a0 Projekt Jeden p\u00e1s, jedna stezka (OBOR) je toti6 pro G-7 trnem v\u00a0oku. Proto summit bude jednat o investic\u00edch do infrastrukturn\u00edch projekt\u016f ve sv\u011bt\u011b ve v\u00fd\u0161i 600 miliard USD.<\/p>\n<p><span style=\"font-size: 18pt;\"><strong>Co je dnes skupina G-7?<\/strong><\/span><\/p>\n<p>G7 znamen\u00e1 skupinu sedmi hlavn\u00edch pr\u016fmyslov\u00fdch zem\u00ed. Jej\u00ed p\u0159edsedov\u00e9 vl\u00e1d se sch\u00e1zej\u00ed jednou ro\u010dn\u011b, aby diskutovali o glob\u00e1ln\u00edch ot\u00e1zk\u00e1ch, zejm\u00e9na o ot\u00e1zk\u00e1ch hospod\u00e1\u0159sk\u00e9 a bezpe\u010dnostn\u00ed politiky. Pravideln\u00e1 zased\u00e1n\u00ed se konaj\u00ed tak\u00e9 na ministersk\u00e9 \u00farovni. Skupinu tvo\u0159\u00ed USA, Kanada, Francie, N\u011bmecko, It\u00e1lie, Japonsko a Velk\u00e1 Brit\u00e1nie. Kdy\u017e byla v roce 1975 zalo\u017eena skupina G7, byly tyto zem\u011b nejsiln\u011bj\u0161\u00edmi ekonomikami na sv\u011bt\u011b v\u00a0prvn\u00ed energetick\u00e9 krizi. Dnes ji\u017e tomu tak bezpochyby nen\u00ed a ji\u017e nikdy nebude. I proto je summit G-7 zbyte\u010dn\u00fd.<\/p>\n<p>Podle definice <em>Velk\u00e9 sedmi\u010dky<\/em> by na summitu musely b\u00fdt minim\u00e1ln\u011b \u010cLR a Indie. Pota\u017emo i RF se sv\u00fdmi zdroji. Bez nich se neobejde technologick\u00fd v\u00fdvoj, z\u00e1padn\u00ed nadn\u00e1rodn\u00ed korporace a politika zelen\u00e9ho a jin\u00fdch pl\u00e1novan\u00fdch \u00fad\u011bl\u016f. A\u017e do roku 2014 byla RF sou\u010d\u00e1st\u00ed tohoto klubu (proto tak\u00e9: G-8), ne\u017e byla fiktivn\u00edmi mocn\u00fdmi vylou\u010dena dnes ji\u017e zcela zbyte\u010dn\u00e9ho klubu. Pro\u010d zbyte\u010dn\u00e9ho?<\/p>\n<p><span style=\"font-size: 18pt;\"><strong>Co v\u016fbec d\u011bl\u00e1 G-7?<\/strong><\/span><\/p>\n<p>Portfolio \u00fakol\u016f G-7 bylo navr\u017eeno v roce 1975 p\u0159edev\u0161\u00edm tak, aby obsahovalo hlavn\u00ed v\u00fdzvy sv\u011btov\u00e9ho hospod\u00e1\u0159sk\u00e9ho \u0159\u00e1du a setk\u00e1n\u00ed mohlo b\u00fdt vn\u00edm\u00e1no jako sv\u011btov\u00fd ekonomick\u00fd summit. Za 47 let G-7 v\u010detn\u011b epizody G-8 se mnoho ve sv\u011bt\u011b zm\u011bnilo, a m\u00e1lo slib\u016f splnilo. V\u010detn\u011b toho spojen\u00e9ho s\u00a0energetickou kriz\u00ed. Krom\u011b toho, \u017ee portfolio \u00fakol\u016f se od t\u00e9 doby enormn\u011b roz\u0161\u00ed\u0159ilo, priority se zm\u011bnily a objevily se nov\u00e9 syst\u00e9mov\u00e9 v\u00fdzvy. Dnes lze tvrdit, \u017ee priority p\u0159edstavuj\u00ed probl\u00e9my bezpe\u010dnosti, klimatu, zdrav\u00ed a rozvoje. V t\u011bchto oblastech se st\u00e1ty G-7 dohodly na spole\u010dn\u00fdch akc\u00edch, rozpo\u010dtech a v\u00a0minulosti osv\u011bd\u010den\u00fdch postupech. Bohu\u017eel ale, ty v\u00a0sou\u010dasn\u00e9 transformaci sv\u011bta ji\u017e d\u00e1vno neplat\u00ed. G-7 usnula na vav\u0159\u00ednech.<\/p>\n<p>Neu\u0161kod\u00ed proto p\u0159ipomenout si p\u0159\u00edklad z ned\u00e1vn\u00e9 minulosti: Glob\u00e1ln\u00ed minim\u00e1ln\u00ed da\u0148. Na n\u00ed se loni dohodli minist\u0159i financ\u00ed skupiny G-7. Probl\u00e9m je v\u00a0tom, \u017ee rozhodnut\u00ed summitu nejsou pr\u00e1vn\u011b z\u00e1vazn\u00e1. V nejlep\u0161\u00edm p\u0159\u00edpad\u011b mohou b\u00fdt ch\u00e1p\u00e1na jako prohl\u00e1\u0161en\u00ed o z\u00e1m\u011bru. A t\u011bch produkuje EK a t\u00e9m\u011b\u0159 v\u0161echny pov\u00e1le\u010dn\u00e9 instituce zalo\u017een\u00e9 nebo iniciovan\u00e9 USA tolik, \u017ee by na\u0161inec se z\u00e1jmem jenom p\u0159e\u010d\u00edst si je, ne porozum\u011bt jim, musel \u017e\u00edt v\u00a0dob\u011b digit\u00e1ln\u00edho avat\u00e1ru.<\/p>\n<p><span style=\"font-size: 18pt;\"><strong>Pro\u010d byla skupina G7 zalo\u017eena? <\/strong><\/span><\/p>\n<p>G7 za\u010dala jako neform\u00e1ln\u00ed klub hlav st\u00e1t\u016f a p\u0159edsed\u016f vl\u00e1d sv\u011btov\u00fdch hospod\u00e1\u0159sk\u00fdch demokraci\u00ed, jejich\u017e glob\u00e1ln\u00ed ekonomika za\u010dala st\u00e9nat pod d\u016fsledky ropn\u00e9 krize, kol\u00eds\u00e1n\u00ed m\u011bn a o\u017eiven\u00ed americk\u00e9ho protekcionismu. Proto se hlavn\u00ed z\u00e1padn\u00ed ekonomick\u00e9 mocnosti rozhodly, \u017ee jejich hlavy st\u00e1t\u016f by se m\u011bly pravideln\u011b sch\u00e1zet, aby l\u00e9pe koordinovaly hospod\u00e1\u0159sk\u00e9 a finan\u010dn\u00ed ot\u00e1zky. A tak v roce 1975 pozval francouzsk\u00fd prezident Val\u00e9ry Giscard d&#8217;Estaing na zahajovac\u00ed summit na hrad Rambouillet nedaleko Pa\u0159\u00ed\u017ee. Vznikaj\u00ed prvn\u00ed obr\u00e1zky: kolo b\u00edl\u00fdch, star\u0161\u00edch p\u00e1n\u016f v tmav\u00fdch oblec\u00edch p\u0159ed kr\u00e1sn\u00fdm z\u00e1meck\u00fdm pozad\u00edm. Helmut Schmidt v t\u00e9 dob\u011b reprezentoval Spolkovou republiku N\u011bmecko, kde jsem p\u016fsobil a pozoroval v\u00fdvoj ve sv\u011bt\u011b.<\/p>\n<p>Souhlas\u00edm s\u00a0t\u00edm, co \u0159ekla Stormy-Annika Mildner, \u0159editelka Aspen Institute v SRN: <em>Na za\u010d\u00e1tku byly rozhovory u ohn\u011b ve velmi mal\u00e9m kruhu<\/em>. Ano, hlavy st\u00e1t\u016f z\u016fstaly z velk\u00e9 \u010d\u00e1sti mezi sebou, transparentnost byla n\u00edzk\u00e1 a pozornost se soust\u0159edila na glob\u00e1ln\u00ed ekonomick\u00e9 v\u00fdzvy. Dnes je nutn\u00e9 ch\u00e1pat summity G7 jako v\u00fdznamnou politickou ud\u00e1lost, kterou \u010de\u0161t\u00ed absolventi Aspen institutu nekomentuj\u00ed, p\u0159esto\u017ee s\u00a0jej\u00ed pomoc\u00ed, bezprecedentn\u00edmi bezpe\u010dnostn\u00edmi opat\u0159en\u00edmi (min. 18 000 policist\u016f), posl\u00e1n\u00edm v\u0161ech 37 \u0161kol v okrese Garmisch-Partenkirchen na distan\u010dn\u00ed v\u00fduku a finan\u010dn\u00edmi v\u00fddaji na summit (166-180 milion\u016f euro) se m\u00e1 zprofanovan\u00e1 neoliber\u00e1ln\u00ed my\u0161lenka, mezin\u00e1rodn\u00ed pr\u00e1vo a soci\u00e1ln\u011b spravedliv\u00fd v\u00fdvoj spole\u010dnost\u00ed udr\u017eet p\u0159i \u017eivot\u011b.<\/p>\n<p>P\u0159ipom\u00edn\u00e1m, \u017ee summit p\u0159ed sedmi lety na stejn\u00e9m m\u00edst\u011b st\u00e1l 130 milion\u016f eur. Proto\u017ee v pr\u016fb\u011bhu let se doprovod \u00fa\u010dastn\u00edk\u016f rozrostl, t\u00e9mata jsou \u0161ir\u0161\u00ed a ozdoby summitu zem\u011bmi a deleg\u00e1ty mezin\u00e1rodn\u00edch organizac\u00ed se zv\u011bt\u0161ily, o\u010dek\u00e1v\u00e1m, \u017ee n\u00e1klady na summit G-7 budou v budoucnu i nad\u00e1le r\u016fst. <em>Vornehm geht di Welt zu Grunde<\/em>. Co tato n\u011bmeck\u00e1 fr\u00e1ze znamen\u00e1?<\/p>\n<p>V\u00a0m\u00e9m v\u00fdkladu, \u017ee u\u0161lechtil\u00fd sv\u011bt um\u00edr\u00e1, \u017ee n\u011bkte\u0159\u00ed lid\u00e9 se st\u00e1le dr\u017e\u00ed sv\u00e9 fiktivn\u00ed u\u0161lechtilosti, i kdy\u017e jsou na sam\u00e9m konci. My\u0161lenku konce sv\u011bta jako trestu za h\u0159\u00ed\u0161n\u00e9 chov\u00e1n\u00ed obsahuje ji\u017e Star\u00fd z\u00e1kon: <em>B\u016fh chce zni\u010dit lidstvo kv\u016fli jeho zka\u017eenosti. Ale kdy\u017e pozn\u00e1 zbo\u017en\u00e9ho mu\u017ee v Noemovi, on a jeho rodina a zv\u00ed\u0159ata se mohou zachr\u00e1nit p\u0159ed Potopou archou <\/em>(Genesis 1).<\/p>\n<p><span style=\"font-size: 18pt;\"><strong>Kdo se letos z\u00fa\u010dastn\u00ed G-7?<\/strong><\/span><\/p>\n<p>Na jedn\u00e9 stran\u011b jsou tu samoz\u0159ejm\u011b p\u0159edstavitel\u00e9 zem\u00ed G7, z nich\u017e n\u011bkte\u0159\u00ed jsou pod siln\u00fdm dom\u00e1c\u00edm politick\u00fdm tlakem nebo dokonce procesu v\u00a0odch\u00e1zen\u00ed.<\/p>\n<p>Americk\u00fd prezident Biden po p\u0159ist\u00e1n\u00ed v\u00a0Mnichov\u011b komentoval summit G-7 prost\u0159ednictv\u00edm Twitteru b\u011bhem noci: <em>T\u011b\u0161\u00edm se na diskusi o sd\u00edlen\u00fdch hodnot\u00e1ch a priorit\u00e1ch na\u0161ich n\u00e1rod\u016f<\/em>, a vyjmenoval: <em>Klima, rozvojov\u00e1 infrastruktura, glob\u00e1ln\u00ed zdravotn\u00ed bezpe\u010dnost a utv\u00e1\u0159en\u00ed pravidel silni\u010dn\u00edho provozu pro podnik\u00e1n\u00ed a technologie pro nadch\u00e1zej\u00edc\u00ed desetilet\u00ed<\/em>.<\/p>\n<p>Kancl\u00e9\u0159 Olaf Scholz (SPD), kter\u00fd se stal ter\u010dem kritiky za svou politiku vy\u010dk\u00e1v\u00e1n\u00ed na Ukrajin\u011b v ot\u00e1zk\u00e1ch t\u00fdkaj\u00edc\u00edch se dod\u00e1vek t\u011b\u017ek\u00fdch zbran\u00ed, se sna\u017e\u00ed ud\u011blat \u0161pag\u00e1t, aby spojil nad\u011bji na spolupr\u00e1ci s\u00a0RF s\u00a0nesmyslnou sank\u010dn\u00ed politikou USA a EU vedouc\u00ed ekonomiky EU k propasti a v\u00a0tomto t\u00fddnu dokonce k p\u0159inucen\u00ed vl\u00e1dy vyhl\u00e1sit druh\u00fd stupe\u0148 (ze t\u0159\u00ed) energetick\u00e9 krize. Britsk\u00fd premi\u00e9r Boris Johnson, kter\u00fd p\u0159e\u017eil hlasov\u00e1n\u00ed o ned\u016fv\u011b\u0159e sv\u00e9 vlastn\u00ed Konzervativn\u00ed strany, se rozm\u00fd\u0161l\u00ed, zda nep\u0159i\u0161el \u010das v\u011bnovat se man\u017eelce, d\u00edt\u011bti a divadlu s\u00a0rol\u00ed Arlecchina. Francouzsk\u00fd prezident Emmanuel Macron \u010del\u00ed v\u00fdzv\u00e1m doma i v\u00a0zahrani\u010d\u00ed pot\u00e9, co byl v dubnu znovu zvolen prezidentem, \u017elut\u00e9 vesty zahnal do\u00a0\u00fakrytu, jeho strana ztratila absolutn\u00ed v\u011bt\u0161inu v parlamentn\u00edch volb\u00e1ch, Francie nen\u00ed \u010dlenem nov\u00e9ho tichooce\u00e1nsk\u00e9ho sdru\u017een\u00ed pod veden\u00edm USA a Francie nem\u016f\u017ee hr\u00e1t ani t\u0159et\u00ed housle p\u0159i\u00a0\u0159e\u0161en\u00ed konflikt\u016f na Ukrajin\u011b.<\/p>\n<p>Kanadsk\u00fd premi\u00e9r Justin Trudeau, prov\u011b\u0159en\u00fd zbab\u011blec v\u00a0dob\u011b dom\u00e1c\u00edch nepokoj\u016f s\u00a0\u0159idi\u010di, a nestranick\u00fd italsk\u00fd premi\u00e9r Mario Draghi vedouc\u00ed It\u00e1lii k\u00a0rozpadu dokresluj\u00ed obraz G-7 tak, aby japonsk\u00fd premi\u00e9r Fumio Ki\u0161ida, nov\u00e1\u010dek na summitu neztratil nad\u011bji sehr\u00e1t roli hostitele p\u0159\u00ed\u0161t\u00edho summitu G7. Ki\u0161ida po za\u010d\u00e1tku speci\u00e1ln\u00ed vojensk\u00e9 operace na Ukrajin\u011b se sna\u017eil \u2013 s jist\u00fdm v\u00e1h\u00e1n\u00edm \u2013 uvalit na RF tvrd\u00e9 sankce, co\u017e se jev\u00ed povrchn\u011b neobvykl\u00fdm, proto\u017ee i po sjednocen\u00ed Krymu s RF Japonsko st\u00e1le udr\u017eovalo dobr\u00e9 vztahy se sv\u00fdm rusk\u00fdm sousedem. Ten hodil rukavici do ringu, pozoruje a \u010dek\u00e1 na akci Ki\u0161idy, kter\u00fd nemus\u00ed dlouho setrvat u moci.<\/p>\n<p>Krom\u011b uveden\u00fdch p\u0159edstavitel\u016f vl\u00e1d budou u stolu tak\u00e9 dva z\u00e1stupci Evropsk\u00e9 unie (EU): p\u0159edsedkyn\u011b EK Ursula von der Leyenov\u00e1 (CDU), a p\u0159edseda Evropsk\u00e9 rady Charles Michel. Jako speci\u00e1ln\u00ed host byl pozv\u00e1n ukrajinsk\u00fd prezident Volodimir Zelenskyj. P\u0159ipoj\u00ed se prost\u0159ednictv\u00edm videa s\u00a0myslemi na text\u00a0p\u00edsni\u010dky &#8211; Ze zn\u00e1m\u00fdch d\u016fvod\u016f chci zapomenout: <em>Jen v krajin\u011b sn\u016f, t\u011bch prolhan\u00fdch sn\u016f, kr\u00e1sn\u00e1 jak h\u0159\u00edch, jsi se mnou d\u00e1l\u2026<\/em>Ukrajino, Z\u00e1pad, kdo?<\/p>\n<p>Summit by nebyl summitem, kdyby nebyly pozv\u00e1ny tzv. <em>partnersk\u00e9 zem\u011b<\/em>. Letos jsou to Argentina, Senegal, Jihoafrick\u00e1 republika, Indie a Indon\u00e9sie. Zaj\u00edmav\u00e9 je, \u017ee krom\u011b Senegalu pozvan\u00e9 st\u00e1ty nepodporuj\u00ed sankce s\u00a0v\u00e1\u0161n\u00ed a skl\u00e1n\u011bj\u00ed se v\u00edce k\u00a0RF a \u010cLR ne\u017e USA a EU. Proto p\u0159edpokl\u00e1d\u00e1m, \u017ee G-7 se bude sna\u017eit, nebo dokonce ud\u011bl\u00e1 speci\u00e1ln\u00ed nab\u00eddku minim\u00e1ln\u011b Indii, Ji\u017en\u00ed Africe a Argentin\u011b, kter\u00e1 by m\u011bla umo\u017enit p\u0159ehodnocen\u00ed jejich postoje k\u00a0Rusk\u00e9 federaci.<\/p>\n<p>Zastoupeny jsou tak\u00e9 mezin\u00e1rodn\u00ed organizace: Organizace spojen\u00fdch n\u00e1rod\u016f (OSN), Sv\u011btov\u00e1 obchodn\u00ed organizace (WTO) a Mezin\u00e1rodn\u00ed energetick\u00e1 agentura (IEA). Tradi\u010dn\u011b obzvl\u00e1\u0161t\u011b v\u00fdznamn\u00fdmi hosty jsou glob\u00e1ln\u00ed finan\u010dn\u00ed instituce: Sv\u011btov\u00e1 banka a Mezin\u00e1rodn\u00ed m\u011bnov\u00fd fond (MMF). Jejich spr\u00e1vn\u00ed rady jsou v\u017edy kontrolov\u00e1ny zem\u011bmi G7. Po ukotven\u00ed ji\u017e tvo\u0159\u00edc\u00edch se nov\u00fdch politick\u00fdch, hospod\u00e1\u0159sk\u00fdch a technologick\u00fdch blok\u016f, uveden\u00e9 instituce \u010dek\u00e1 drah\u00fd poh\u0159eb, d\u011blen\u00ed d\u011bdictv\u00ed a ztr\u00e1ta v\u00fdznamu, proto\u017ee nebyly schopn\u00e9 pochopit nov\u00e9ho ducha doby.<\/p>\n<p><span style=\"font-size: 18pt;\"><strong>Jak skupina G7 funguje? <\/strong><\/span><\/p>\n<p>Pochopit, jak G-7 funguje, vy\u017eaduje akceptovat, \u017ee se jedn\u00e1 o neform\u00e1ln\u00ed a chr\u00e1n\u011bn\u00e9 setk\u00e1n\u00ed a jedn\u00e1n\u00ed mal\u00e9ho klubu. V\u00a0\u017e\u00e1dn\u00e9m p\u0159\u00edpad\u011b se nejedn\u00e1 o organizaci. Pro\u010d? G-7 toti\u017e neprovozuje sekretari\u00e1t a nem\u00e1 pevn\u00fd administrativn\u00ed apar\u00e1t. Jednou za rok, obvykle uprost\u0159ed roku, se hlavy st\u00e1t\u016f a p\u0159edsedov\u00e9 vl\u00e1d zem\u00ed G7 setk\u00e1vaj\u00ed na n\u011bkolik dn\u00ed v hostitelsk\u00e9 zemi. Letos je to podruh\u00e9 po roce 2015 v bavorsk\u00e9m Elmau. P\u0159\u00ed\u0161t\u00ed rok je na \u0159ad\u011b Japonsko.<\/p>\n<p>To, zda hlavy st\u00e1t\u016f spolu vych\u00e1zej\u00ed, \u010di nikoliv, m\u00e1 v\u00fdznamn\u00fd vliv na pr\u00e1ci G7, proto\u017ee skupina rozhoduje na z\u00e1klad\u011b konsensu, a ne v\u011bt\u0161inou hlas\u016f. S prezidentem Trumpem G7 masivn\u011b ztratila schopnost jednat. Dokazuje to skute\u010dnost, \u017ee po summitu v roce 2018 americk\u00fd prezident zru\u0161il spole\u010dn\u00fd z\u00e1v\u011bre\u010dn\u00fd dokument b\u011bhem zp\u00e1te\u010dn\u00edho letu Air Force One &#8211; tweetem. Leto\u0161n\u00ed summit pravd\u011bpodobn\u011b takov\u00fd skand\u00e1l m\u00edt nebude, p\u0159esto\u017ee nikdo nev\u00ed, zda se poda\u0159\u00ed udr\u017eet na uzd\u011b Joe Bidena, a proto\u017ee nehroz\u00ed \u017e\u00e1dn\u00e9 v\u00fdznamn\u00e9 n\u00e1sledky z osobnostn\u00edch rozd\u00edl\u016f \u00fa\u010dastn\u00edk\u016f. V\u0161ichni jsou v\u00a0pasti fiktivn\u00ed moci globalizace, imperi\u00e1ln\u00edho my\u0161len\u00ed a pokrytectv\u00ed.<\/p>\n<p><span style=\"font-size: 18pt;\"><strong>Co lze o\u010dek\u00e1vat od summitu <\/strong><\/span><\/p>\n<p>Modern\u00ed summity nemohou ignorovat slovo solidarita. Proto p\u0159edpokl\u00e1d\u00e1m, \u017ee solidarita s rozvojov\u00fdmi zem\u011bmi bude v\u00a0pop\u0159ed\u00ed programu. Pro\u010d? Mnoho rozvojov\u00fdch zem\u00ed ji\u017e dnes trp\u00ed velk\u00fdm po\u010dtem syst\u00e9mov\u00fdch kriz\u00ed a nyn\u00ed se p\u0159id\u00e1vaj\u00ed d\u016fsledky sankc\u00ed a speci\u00e1ln\u00ed vojensk\u00e9 operace RF na Ukrajin\u011b. <em>Pokud se G7 nepoda\u0159\u00ed d\u00e1t pen\u00edze za sv\u00e1 slova, pak nebude mo\u017en\u00e9 sv\u00e1zat nerozhodnut\u00e9 v blokov\u00e9 formaci, kter\u00e1 m\u00e1 b\u00fdt vytvo\u0159ena<\/em>, se prav\u00ed v\u00a0agend\u011b s v\u00e1gn\u00edm c\u00edlem &#8211; <em>Pokrok pro spravedliv\u00fd sv\u011bt,<\/em> vypracovan\u00e9 hostitelem G-7. Na vrcholu agendy je ochrana klimatu a zalo\u017een\u00ed <em>mezin\u00e1rodn\u00edho klimatick\u00e9ho klubu<\/em>. Olaf Scholz, kter\u00fd se touto my\u0161lenkou ji\u017e n\u011bjakou dobu zab\u00fdv\u00e1, ji chce na summitu prosadit: <em>\u010clenov\u00e9 klubu by se m\u011bli zav\u00e1zat, \u017ee do roku 2050 budou klimaticky neutr\u00e1ln\u00ed a p\u0159edev\u0161\u00edm \u017ee slad\u00ed sv\u00e9 ceny CO<\/em><em>\u2082<\/em>. Rozum mi z\u016fst\u00e1v\u00e1 st\u00e1t p\u0159i pomy\u0161len\u00ed na hodnocen\u00ed odborn\u00edk\u016f, zalo\u017een\u00fdch na faktech a d\u011bn\u00ed ve sv\u011bt\u011b.<\/p>\n<p>Proto\u017ee v kv\u011btnu minist\u0159i pro rozvoj skupiny G7 vyhl\u00e1sili <em>Alianci pro glob\u00e1ln\u00ed potravinovou bezpe\u010dnost<\/em> v reakci na krizi dod\u00e1vek vyvolanou situac\u00ed a d\u011bn\u00edm na Ukrajin\u011b, o\u010dek\u00e1v\u00e1m, \u017ee t\u00e9ma bude posuzov\u00e1no a ukon\u010deno pat\u0159i\u010dnou rezoluc\u00ed ze dvou d\u016fvod\u016f: 1) Friederike Meister, n\u011bmeck\u00e1 \u0159editelka organizace Global Citizen vyzvala k finan\u010dn\u00edm z\u00e1vazk\u016fm. <em>Velk\u00e9 sv\u011btov\u00e9 krize se zintenziv\u0148uj\u00ed, ale finan\u010dn\u00ed prost\u0159edky bohat\u00fdch st\u00e1t\u016f na hospod\u00e1\u0159sk\u00e9 o\u017eiven\u00ed v\u0161ech to neodr\u00e1\u017eej\u00ed<\/em>\u2026<em>G7 mus\u00ed nyn\u00ed up\u0159ednost\u0148ovat investice v nejchud\u0161\u00edch zem\u00edch sv\u011bta \u2013 nesm\u00ed se na n\u011b zapom\u00ednat p\u0159i rozhovorech o rozvoji sv\u011btov\u00e9 ekonomiky a investic\u00edch do infrastruktury<\/em>. P\u0159ipom\u00edn\u00e1m, \u017ee Meister po\u017eadovala z\u00e1vazek G7 investovat nejm\u00e9n\u011b 0,7 % HDP do rozvojov\u00e9 spolupr\u00e1ce a humanit\u00e1rn\u00ed pomoci, a \u017ee G7 tento des\u00edtky let star\u00fd slib nikdy nesplnila. V lo\u0148sk\u00e9m roce bylo na rozvojovou spolupr\u00e1ci a humanit\u00e1rn\u00ed pomoc vynalo\u017eeno pouze 0,32 %. 2) Ukrajina byla t\u00e9matem v Elmau ji\u017e v roce 2015. N\u00e1vrat Ukrajiny na po\u0159ad jedn\u00e1n\u00ed s distan\u010dn\u00edm p\u0159\u00edsp\u011bvkem prezidenta Ukrajiny mj. dokazuje, \u017ee se od 2015 na Ukrajin\u011b nic nevy\u0159e\u0161ilo. Proto snaha Z\u00e1padu stanovit limity prezidentovi Putinovi ve skute\u010dnosti osl\u00e1bne.<\/p>\n<p>Spolup\u0159edseda Zelen\u00fdch Omid Nouripour vyzval G7 p\u0159es Funke Media Group, aby poskytla v\u011bt\u0161\u00ed podporu Ukrajin\u011b a zem\u00edm glob\u00e1ln\u00edho Jihu p\u0159ed jejich setk\u00e1n\u00edm v\u00a0Elmau: <em>\u00dakolem hospod\u00e1\u0159sky nejsiln\u011bj\u0161\u00edch demokratick\u00fdch pr\u016fmyslov\u00fdch n\u00e1rod\u016f je st\u00e1t spole\u010dn\u011b a koordinovan\u011b za ochranu svobody, demokracie a lidsk\u00fdch pr\u00e1v. Proto mus\u00ed b\u00fdt summit G-7 hlasit\u00fdm hlasem a mus\u00ed se dohodnout na konkr\u00e9tn\u00edch kroc\u00edch. Summit G7 mus\u00ed vyslat siln\u00fd sign\u00e1l podpory, a to jak pro Ukrajinu, tak pro zem\u011b glob\u00e1ln\u00edho Jihu.<\/em> Kdy\u017e \u010dtu takov\u00e9 a podobn\u00e9 v\u00fdzvy mocn\u00fdch fiktivn\u00edch elit nev\u00edm, zda se sm\u00e1t, nebo plakat jako nemocn\u00e9 d\u00edt\u011b.<\/p>\n<p>Rozvojov\u00e9 organizace budou po\u017eadovat od G7 konkr\u00e9tn\u00ed finan\u010dn\u00ed z\u00e1vazky a rozhodnut\u00ed. Indikuje to Dirk Bathe z Organizace World Vision Germany, kter\u00fd uv\u00edtal ji\u017e zah\u00e1jen\u00e9 iniciativy v boji proti hladu a zm\u011bn\u011b klimatu. <em>Po\u017eadujeme v\u0161ak konkr\u00e9tn\u00ed prohl\u00e1\u0161en\u00ed o financov\u00e1n\u00ed a konkr\u00e9tn\u00ed n\u00e1vrhy na realizaci t\u011bchto my\u0161lenek<\/em>, \u0159ekl n\u011bmeck\u00e9 tiskov\u00e9 agentu\u0159e a zd\u016fraznil, \u017ee <em>Pr\u00e1zdn\u00e9 sliby nenapl\u0148uj\u00ed pr\u00e1zdn\u00e9 \u017ealudky. Nepodlo\u017een\u00e1 ozn\u00e1men\u00ed zm\u011bnu klimatu nezastav\u00ed. <\/em><\/p>\n<p>Za to policie dnes \u00fasp\u011b\u0161n\u011b zastavila asi 4 000 odp\u016frc\u016f summitu v\u00a0Mnichov\u011b. Podle rozhodnut\u00ed Spr\u00e1vn\u00edho soudu v Mnichov\u011b, demonstranti aliance <em>Stop G7 Elmau<\/em> mohou protestovat i bez vlastn\u00edch toalet. Nemus\u00ed z\u0159\u00eddit osm mobiln\u00edch toaletn\u00edch kabin na n\u00e1dra\u017e\u00ed Garmisch-Partenkirchen &#8211; za\u010d\u00e1tek a konec demonstra\u010dn\u00edho pochodu pl\u00e1novan\u00e9ho na ned\u011bln\u00ed odpoledne. Psi se nemohou demonstrace z\u00fa\u010dastnit. Ot\u00e1zka: nen\u00ed za rozhodnut\u00edm soudu p\u00e9\u010de o zv\u00ed\u0159ata?<\/p>\n<p><span style=\"font-size: 18pt;\"><strong>P\u0159\u00edklad programu summitu G-7<\/strong><\/span><\/p>\n<p>Pro p\u0159edstavu o programu a efektivit\u011b pr\u00e1ce G7 uv\u00e1d\u00edm, \u017ee po p\u0159\u00edjezdu host\u016f v 11.45 hodin na z\u00e1mek Elmau p\u0159iv\u00edt\u00e1 hosty s\u00a0doprovodem kancl\u00e9\u0159 Scholz ve 12 hodin. V 12:30 za\u010dne prvn\u00ed pracovn\u00ed zased\u00e1n\u00ed summitu na t\u00e9ma <em>Glob\u00e1ln\u00ed ekonomik<\/em>a. Sch\u016fze m\u00e1 trvat do 14.15 hodin. Spole\u010dn\u00e1 rodinn\u00e1 fotografie \u00fa\u010dastn\u00edk\u016f summitu je napl\u00e1nov\u00e1na na 14.30 hodin. Program pro partnery vedouc\u00edch p\u0159edstavitel\u016f skupiny G-7 za\u010d\u00edn\u00e1 v 12:30 ob\u011bdem. V\u00a0jeho pr\u016fb\u011bhu za\u010dne v 13.00 hodin demonstrace v Garmisch-Partenkirchenu &#8211; Stop G7 Elmau s projevy a hudbou a pot\u00e9 se bude pohybovat po povolen\u00e9 3,3 km dlouh\u00e9 trase. O\u010dek\u00e1v\u00e1 se asi 1000 \u00fa\u010dastn\u00edk\u016f.<\/p>\n<p>V 15:00 hodin za\u010dne druh\u00e9 pracovn\u00ed zased\u00e1n\u00ed G-7 \u00a0na t\u00e9ma <em>Partnerstv\u00ed pro infrastrukturu a investice<\/em>. M\u00e1 trvat do 16:15. Partne\u0159i hlav st\u00e1t\u016f a p\u0159edsed\u016f vl\u00e1d zah\u00e1j\u00ed po ob\u011bd\u011b ve 14 hodin nordic walking kolem jezera Ferchensee s b\u00fdval\u00fdmi sportovci Miriam Neureuther a Christianem Neureutherem.<\/p>\n<p>V\u00a0podve\u010der, v 18:00 hodin se uskute\u010dn\u00ed t\u0159et\u00ed zased\u00e1n\u00ed. Je v\u011bnov\u00e1no t\u00e9mat\u016fm zahrani\u010dn\u00ed a bezpe\u010dnostn\u00ed politiky. \u00da\u010dastn\u00edci summitu zakon\u010d\u00ed den kulturn\u00edm programem p\u0159ed kamerou a budou odvezeni nebo odlet\u011bni na ve\u010de\u0159i do Mnichova, na kterou pozval hosty G-7 Bavorsk\u00fd premi\u00e9r Markus S\u00f6der. Zaj\u00edm\u00e1 mne, co na to cestov\u00e1n\u00ed po Bavorsku \u0159ekne zelen\u00e1 Gr\u00e9ta.<\/p>\n<p><span style=\"font-size: 18pt;\"><strong>Z\u00e1v\u011br s ot\u00e1zkami<\/strong><\/span><\/p>\n<p>Je p\u0159\u00edhodn\u00e9, aby mal\u00fd exkluzivn\u00ed klub slo\u017een\u00fd ze z\u00e1padn\u00edch a od USA z\u00e1visl\u00fdch st\u00e1t\u016f, p\u0159edstavuj\u00edc\u00ed sice cca t\u0159etinu sv\u011btov\u00e9ho HDP, ale p\u0159edstavuj\u00edc\u00ed jen deset procent sv\u011btov\u00e9 populace, p\u0159ij\u00edmal geopolitick\u00e1 rozhodnut\u00ed, kter\u00e1 ovlivn\u00ed i zbytek sv\u011bta? \u00a0Je obrovsk\u00e9 materi\u00e1ln\u00ed a nemateri\u00e1ln\u00ed \u00fasil\u00ed vy\u017eadovan\u00e9 pro summit \u00fam\u011brn\u00e9 jeho v\u00fdsledk\u016fm?<\/p>\n<p><em>Pot\u0159ebujeme tvrd\u00e9 pracovn\u00ed setk\u00e1n\u00ed a ne kr\u00e1sn\u00e9 obr\u00e1zky p\u0159ed alpsk\u00fdm pozad\u00edm pro album poezie G-7. Chceme tak\u00e9 vid\u011bt jasn\u00e9 d\u016fsledky<\/em>, \u0159ekl Christoph Bautz, v\u00fdkonn\u00fd \u0159editel antiglobaliza\u010dn\u00edho sdru\u017een\u00ed Campact, p\u0159ed summitem. Spolu s dal\u0161\u00edmi 14 organizacemi svolal v sobotu velkou demonstraci do Mnichova. Bylo zaregistrov\u00e1no 20 000 \u00fa\u010dastn\u00edk\u016f, policie p\u0159edpokl\u00e1dala v\u00edce. Nakonec &#8211; i p\u0159es m\u00edrn\u00e9 po\u010das\u00ed &#8211; v\u0161e skon\u010dilo jako Hornberger Schie\u00dfen. N\u011bmeck\u00fd v\u00fdraz ozna\u010duje, \u017ee v z\u00e1le\u017eitosti ozn\u00e1men\u00e9 s velkou fanf\u00e1rou nic nevy\u0161lo, a v\u0161e skon\u010dilo bez v\u00fdsledku. Je to mj. d\u016fkaz, \u017ee vystra\u0161en\u00ed lid\u00e9 vakc\u00ednou, ztr\u00e1tou pr\u00e1ce a pen\u011bz, rozd\u011blen\u00edm sv\u011bta na bloky a glob\u00e1ln\u00ed s\u00edt\u00ed s\u00a0velk\u00fdmi d\u00edrami pochopili, \u017ee pokojnou demonstrac\u00ed nic nezm\u011bn\u00ed a proto z\u016fstali doma. I proto asi ji\u017e ve st\u0159edu vyho\u0159elo v Mnichov\u011b osm policejn\u00edch autobus\u016f. Zda se jedn\u00e1 o \u017eh\u00e1\u0159sk\u00fd \u00fatok, nev\u00edm. A pt\u00e1m se: Jak d\u016fle\u017eit\u00e1 bude G7 v budoucnu?<\/p>\n<p>Zohledn\u00edm-li skute\u010dnost, \u017ee t\u00e9ma Ukrajina rozd\u011bluje sv\u011bt na dva t\u00e1bory, jev\u00ed se mi, \u017ee <em>Skupina 20<\/em> (G20), je inkluzivn\u011bj\u0161\u00ed, proto\u017ee krom\u011b G7 zahrnuje tak\u00e9 zem\u011b jako \u010cLR, RF, Indii a Braz\u00edlii. P\u0159itom nelze ignorovat rozd\u00edly mezi \u010dleny, kter\u00e9 se v sou\u010dasn\u00e9 syst\u00e9mov\u00e9 krizi zdaj\u00ed b\u00fdt tak nep\u0159eklenuteln\u00e9, \u017ee \u010din\u00ed G20 de facto neschopnou jednat. Skute\u010dnost, \u017ee v G7 je snaz\u0161\u00ed naj\u00edt konsenzus mezi podobn\u011b sm\u00fd\u0161lej\u00edc\u00edmi z\u00e1padn\u00edmi mocnostmi, nen\u00ed v\u0161ak z\u00a0objektivn\u00edch d\u016fvod\u016f rozhoduj\u00edc\u00ed p\u0159i posuzov\u00e1n\u00ed trendu, transforma\u010dn\u00edch proces\u016f ve sv\u011bt\u011b a jeho d\u011blen\u00ed na bloky.<\/p>\n<p>Opakuj\u00edc\u00ed se my\u0161lenka roz\u0161\u00ed\u0159it G-7 \u00a0do <em>klubu demokraci\u00ed<\/em>, tj. spojit v\u0161echny demokracie na planet\u011b do pevn\u00e9 skupiny, bez ohledu na jejich ekonomickou s\u00edlu se mi jev\u00ed vzhledem ke klinick\u00e9 smrti demokracie a boomu autokraci\u00ed ve sv\u011bt\u011b (oboj\u00ed v\u00a0z\u00e1padn\u00edm smyslu slova) jako nesmysl a hloupost ji\u017e proto, \u017ee \u010d\u00edm v\u011bt\u0161\u00ed je skupina \u010dlen\u016f bez spole\u010dn\u00fdch a vz\u00e1jemn\u011b respektovan\u00fdch hodnot a n\u00e1rodn\u00edch z\u00e1jm\u016f, t\u00edm obt\u00ed\u017en\u011bj\u0161\u00ed je naj\u00edt kompromisy. Nech\u0165 EU slou\u017e\u00ed jako varov\u00e1n\u00ed a v\u00fdzva k\u00a0n\u00e1vratu rozumu, pokory a etiky do politiky, proto\u017ee jinak n\u00e1s \u010dek\u00e1 drah\u00fd poh\u0159eb podle r\u010den\u00ed nezn\u00e1m\u00e9ho p\u016fvodu: Vornehm geht die Welt zugrunde. Vzne\u0161en\u011b jde sv\u011bt ke sv\u00e9mu konci. Souhlasu net\u0159eba.<\/p>\n<p><em>Jan Campbell<\/em><br \/>\n<em>26.06.2022<\/em><\/p>\n<p>&nbsp;<\/p>\n","protected":false},"excerpt":{"rendered":"<p>V\u00a0ned\u011bli, kdy pracuji na p\u0159\u00edsp\u011bvku, za\u010d\u00edn\u00e1 summit G-7 na z\u00e1mku Elmau. Bude kon\u010dit v\u00a0\u00fater\u00fd. P\u0159i&#8230;<\/p>\n","protected":false},"author":2,"featured_media":650,"comment_status":"closed","ping_status":"closed","sticky":false,"template":"","format":"standard","meta":[],"categories":[6],"tags":[59,323,29,122],"_links":{"self":[{"href":"https:\/\/www.infokuryr.cz\/n\/wp-json\/wp\/v2\/posts\/11899"}],"collection":[{"href":"https:\/\/www.infokuryr.cz\/n\/wp-json\/wp\/v2\/posts"}],"about":[{"href":"https:\/\/www.infokuryr.cz\/n\/wp-json\/wp\/v2\/types\/post"}],"author":[{"embeddable":true,"href":"https:\/\/www.infokuryr.cz\/n\/wp-json\/wp\/v2\/users\/2"}],"replies":[{"embeddable":true,"href":"https:\/\/www.infokuryr.cz\/n\/wp-json\/wp\/v2\/comments?post=11899"}],"version-history":[{"count":0,"href":"https:\/\/www.infokuryr.cz\/n\/wp-json\/wp\/v2\/posts\/11899\/revisions"}],"wp:featuredmedia":[{"embeddable":true,"href":"https:\/\/www.infokuryr.cz\/n\/wp-json\/wp\/v2\/media\/650"}],"wp:attachment":[{"href":"https:\/\/www.infokuryr.cz\/n\/wp-json\/wp\/v2\/media?parent=11899"}],"wp:term":[{"taxonomy":"category","embeddable":true,"href":"https:\/\/www.infokuryr.cz\/n\/wp-json\/wp\/v2\/categories?post=11899"},{"taxonomy":"post_tag","embeddable":true,"href":"https:\/\/www.infokuryr.cz\/n\/wp-json\/wp\/v2\/tags?post=11899"}],"curies":[{"name":"wp","href":"https:\/\/api.w.org\/{rel}","templated":true}]}}