{"id":11846,"date":"2022-06-26T03:18:38","date_gmt":"2022-06-26T01:18:38","guid":{"rendered":"http:\/\/www.infokuryr.cz\/n\/?p=11846"},"modified":"2022-06-26T03:18:38","modified_gmt":"2022-06-26T01:18:38","slug":"belorusko-se-stane-jadernou-velmoci","status":"publish","type":"post","link":"https:\/\/www.infokuryr.cz\/n\/2022\/06\/26\/belorusko-se-stane-jadernou-velmoci\/","title":{"rendered":"B\u011blorusko se stane jadernou velmoc\u00ed"},"content":{"rendered":"<div id=\"fb-root\"><\/div>\n<p>Sign\u00e1l prezidenta Rusk\u00e9 federace v p\u0159edve\u010der summitu NATO.<\/p>\n<p>Putin a Luka\u0161enko 25. \u010dervna, v den 30. v\u00fdro\u010d\u00ed nav\u00e1z\u00e1n\u00ed diplomatick\u00fdch vztah\u016f mezi Ruskem a B\u011bloruskem,\u00a0<a href=\"https:\/\/ren.tv\/news\/v-rossii\/992421-putin-i-lukashenko-nachali-peregovory-v-peterburge\" target=\"_blank\" rel=\"noreferrer noopener\">vedli jedn\u00e1n\u00ed v Petrohrad\u011b<\/a>.<\/p>\n<p><strong>Vladimir Putin na sch\u016fzce s b\u011blorusk\u00fdm v\u016fdcem Alexandrem Luka\u0161enkem \u0159ekl, \u017ee v\u0161echny ot\u00e1zky t\u00fdkaj\u00edc\u00ed se unijn\u00edho st\u00e1tu byly dohodnuty<\/strong>.<\/p>\n<p>Putin a Luka\u0161enko jednali v Petrohradu.<\/p>\n<p><strong>Putin ozn\u00e1mil rozm\u00edst\u011bn\u00ed 200 jadern\u00fdch zbran\u00ed NATO v Evrop\u011b<\/strong>.<\/p>\n<p>Putin: USA skladuj\u00ed 200 taktick\u00fdch jadern\u00fdch zbran\u00ed v zem\u00edch NATO.<\/p>\n<p><a href=\"https:\/\/t.me\/youlistenedmayak\/21948\" target=\"_blank\" rel=\"noreferrer noopener\">Putin \u0159ekl Luka\u0161enkovi<\/a>, \u017ee v Evrop\u011b maj\u00ed Ameri\u010dan\u00e9 200 jadern\u00fdch taktick\u00fdch zbran\u00ed v 6 \u010dlensk\u00fdch zem\u00edch NATO, k jejich pou\u017eit\u00ed je p\u0159ipraveno 257 letadel.<\/p>\n<p><em>\u201eAmeri\u010dan\u00e9 maj\u00ed 200 taktick\u00fdch jadern\u00fdch zbran\u00ed ulo\u017een\u00fdch v \u0161esti evropsk\u00fdch zem\u00edch, kter\u00e9 jsou \u010dleny severoatlantick\u00e9ho bloku a 257 letadel, nejen americk\u00fdch, je p\u0159ipraveno k jejich mo\u017en\u00e9mu pou\u017eit\u00ed,\u201c<\/em>\u00a0\u0159ekl Putin na setk\u00e1n\u00ed s b\u011blorusk\u00fdm prezidentem Alexandrem Luka\u0161enkem v Petrohrad\u011b.<\/p>\n<p>B\u011blorusk\u00fd v\u016fdce obratem vyzval\u00a0<a href=\"https:\/\/iz.ru\/tag\/moskva\" target=\"_blank\" rel=\"noreferrer noopener\">Moskvu<\/a><a href=\"https:\/\/iz.ru\/1355379\/2022-06-25\/lukashenko-poprosil-putina-pomoch-s-zerkalnym-otvetom-na-agressiiu-zapada\" target=\"_blank\" rel=\"noreferrer noopener\">, aby pomohla republice p\u0159ipravit zrcadlovou reakci<\/a>\u00a0na potenci\u00e1ln\u00ed hrozbu ze Z\u00e1padu, na leteck\u00e9 lety NATO s jadern\u00fdmi zbran\u011bmi pobl\u00ed\u017e hranic B\u011bloruska.<\/p>\n<p>Rusk\u00fd prezident vysv\u011btlil, \u017ee nevid\u00ed pot\u0159ebu okam\u017eit\u00e9 reakce.<\/p>\n<p>Ze sv\u00e9 strany\u00a0<a href=\"https:\/\/t.me\/youlistenedmayak\/21949\" target=\"_blank\" rel=\"noreferrer noopener\">navrhl dovybavit letouny SU-25<\/a>\u00a0z arzen\u00e1lu Ozbrojen\u00fdch sil B\u011bloruska pod podm\u00ednkou, \u017ee k tomu dojde v rusk\u00fdch tov\u00e1rn\u00e1ch.\u00a0Tato varianta je podle Putina optim\u00e1ln\u00ed pro zaji\u0161t\u011bn\u00ed bezpe\u010dnosti unijn\u00edho st\u00e1tu a p\u0159\u00edpadn\u011b dal\u0161\u00edch zem\u00ed CSTO.<\/p>\n<p><strong>Krom\u011b toho prezident Rusk\u00e9 federace potvrdil, \u017ee Moskva v bl\u00edzk\u00e9 budoucnosti po\u0161le\u00a0<a href=\"https:\/\/iz.ru\/1355373\/2022-06-25\/rossiia-peredast-belorussii-kompleksy-iskander-m\" target=\"_blank\" rel=\"noreferrer noopener\">do B\u011bloruska d\u00e1vku taktick\u00fdch raketov\u00fdch syst\u00e9m\u016f<\/a>\u00a0Iskander-M, kter\u00e9 mohou pou\u017e\u00edvat balistick\u00e9 a \u0159\u00edzen\u00e9 st\u0159ely. A to jak v konven\u010dn\u00ed, tak jadern\u00e9 verzi.<\/strong><\/p>\n<p><em>Pro Pokec p\u0159elo\u017eila Janinna.<\/em><\/p>\n<p><a href=\"https:\/\/bit.ly\/39UqwJg\">ZDROJ<\/a><\/p>\n","protected":false},"excerpt":{"rendered":"<p>Sign\u00e1l prezidenta Rusk\u00e9 federace v p\u0159edve\u010der summitu NATO. Putin a Luka\u0161enko 25. \u010dervna, v den&#8230;<\/p>\n","protected":false},"author":2,"featured_media":2086,"comment_status":"closed","ping_status":"closed","sticky":false,"template":"","format":"standard","meta":[],"categories":[7],"tags":[150,149,102,22],"_links":{"self":[{"href":"https:\/\/www.infokuryr.cz\/n\/wp-json\/wp\/v2\/posts\/11846"}],"collection":[{"href":"https:\/\/www.infokuryr.cz\/n\/wp-json\/wp\/v2\/posts"}],"about":[{"href":"https:\/\/www.infokuryr.cz\/n\/wp-json\/wp\/v2\/types\/post"}],"author":[{"embeddable":true,"href":"https:\/\/www.infokuryr.cz\/n\/wp-json\/wp\/v2\/users\/2"}],"replies":[{"embeddable":true,"href":"https:\/\/www.infokuryr.cz\/n\/wp-json\/wp\/v2\/comments?post=11846"}],"version-history":[{"count":0,"href":"https:\/\/www.infokuryr.cz\/n\/wp-json\/wp\/v2\/posts\/11846\/revisions"}],"wp:featuredmedia":[{"embeddable":true,"href":"https:\/\/www.infokuryr.cz\/n\/wp-json\/wp\/v2\/media\/2086"}],"wp:attachment":[{"href":"https:\/\/www.infokuryr.cz\/n\/wp-json\/wp\/v2\/media?parent=11846"}],"wp:term":[{"taxonomy":"category","embeddable":true,"href":"https:\/\/www.infokuryr.cz\/n\/wp-json\/wp\/v2\/categories?post=11846"},{"taxonomy":"post_tag","embeddable":true,"href":"https:\/\/www.infokuryr.cz\/n\/wp-json\/wp\/v2\/tags?post=11846"}],"curies":[{"name":"wp","href":"https:\/\/api.w.org\/{rel}","templated":true}]}}