{"id":11845,"date":"2022-06-26T03:16:54","date_gmt":"2022-06-26T01:16:54","guid":{"rendered":"http:\/\/www.infokuryr.cz\/n\/?p=11845"},"modified":"2022-06-26T03:16:54","modified_gmt":"2022-06-26T01:16:54","slug":"express-britanie-muze-vyhlasit-valku-rusku-v-pripade-popravy-zoldaku-v-dlr-pokud-putinovi-smejdi-popravi-brity-bude-to-bod-odkud-neni-navratu","status":"publish","type":"post","link":"https:\/\/www.infokuryr.cz\/n\/2022\/06\/26\/express-britanie-muze-vyhlasit-valku-rusku-v-pripade-popravy-zoldaku-v-dlr-pokud-putinovi-smejdi-popravi-brity-bude-to-bod-odkud-neni-navratu\/","title":{"rendered":"Express: Brit\u00e1nie m\u016f\u017ee vyhl\u00e1sit \u201ev\u00e1lku\u201c Rusku v p\u0159\u00edpad\u011b popravy \u017eold\u00e1k\u016f v DLR. Pokud Putinovi \u0161mejdi poprav\u00ed Brity, bude to bod, odkud nen\u00ed n\u00e1vratu"},"content":{"rendered":"<div id=\"fb-root\"><\/div>\n<p>Pokud Putinovi \u0161mejdi poprav\u00ed Brity, bude to bod, odkud nen\u00ed n\u00e1vratu \u2013 PAUL BALDWIN<\/p>\n<p><strong>POKUD se Putinovi \u0161mejdi v Don\u011bcku odv\u00e1\u017e\u00ed postavit britsk\u00e9 voj\u00e1ky Aidena Aslina a Shauna Pinnera p\u0159ed poprav\u010d\u00ed \u010detu, tato v\u00e1lka nabere hluboce nebezpe\u010dn\u00fd sm\u011br, ze kter\u00e9ho u\u017e mo\u017en\u00e1 nebude n\u00e1vratu.<\/strong><\/p>\n<p><strong>Pokusili se vyd\u011bsit Rusko v\u00e1lkou s Brit\u00e1ni\u00ed v p\u0159\u00edpad\u011b popravy \u017eold\u00e1k\u016f<\/strong>.<\/p>\n<p>Lond\u00fdn m\u016f\u017ee Rusku \u201evyhl\u00e1sit v\u00e1lku\u201c v p\u0159\u00edpad\u011b popravy britsk\u00fdch \u017eold\u00e1k\u016f Seana Pinnera a Aidena Aslina odsouzen\u00fdch v DLR.\u00a0 Odpov\u00eddaj\u00edc\u00ed \u010dl\u00e1nek se objevil v edici Express, ve kter\u00e9m\u00a0<a href=\"https:\/\/www.express.co.uk\/comment\/expresscomment\/1623258\/ukraine-war-latest-British-soldier-Aiden-Aslin-Shaun-Pinner-death-sentence-Russia\" target=\"_blank\" rel=\"noreferrer noopener\">vyj\u00e1d\u0159il sv\u016fj n\u00e1zor<\/a>\u00a0novin\u00e1\u0159 Paul Baldwin.<\/p>\n<p>Novin\u00e1\u0159 podotknul, \u017ee Aslin u\u017e volal sv\u00e9 matce.\u00a0\u0158ekl j\u00ed, \u017ee britsk\u00e9 \u00fa\u0159ady s DLR nevyjedn\u00e1vaj\u00ed, co\u017e znamen\u00e1, \u017ee bude nevyhnuteln\u011b zast\u0159elen.<\/p>\n<p>Novin\u00e1\u0159 v\u011b\u0159\u00ed, \u017ee britsk\u00fd premi\u00e9r Boris Johnson m\u016f\u017ee v p\u0159\u00edpad\u011b popravy Pinnera a Aslin \u201ej\u00edt na vabank\u201c.\u00a0A \u201ev\u00e1lka nabere extr\u00e9mn\u011b nebezpe\u010dn\u00fd sm\u011br.\u201c<\/p>\n<p><em>\u201ePokud se to stane, pak \u201etato v\u00e1lka nabere extr\u00e9mn\u011b nebezpe\u010dn\u00fd sm\u011br, ze kter\u00e9ho u\u017e mo\u017en\u00e1 nebude n\u00e1vratu,<a href=\"https:\/\/www.gazeta.ru\/\" target=\"_blank\" rel=\"noreferrer noopener\">\u201c<\/a><\/em><a href=\"https:\/\/www.gazeta.ru\/\" target=\"_blank\" rel=\"noreferrer noopener\">\u00a0uv\u00e1d\u00ed Gazeta.Ru<\/a>.<\/p>\n<p>Pokud budou tyto popravy pokra\u010dovat, Brit\u00e1nie a cel\u00fd Z\u00e1pad nebudou m\u00edt jinou mo\u017enost, ne\u017e zv\u00fd\u0161it s\u00e1zky \u2013 v\u00edce zbran\u00ed, v\u00edce sankc\u00ed a mo\u017en\u00e1 i \u00fato\u010dn\u00e1 letadla, o kter\u00e1 po\u017e\u00e1dal prezident Zelenskij.<\/p>\n<p>Brit\u0161t\u00ed \u017eold\u00e1ci Aiden Aslin a Sean Pinner, kte\u0159\u00ed se \u00fa\u010dastnili boj\u016f na stran\u011b ozbrojen\u00fdch sil Ukrajiny, stejn\u011b jako S\u00e1d\u00fan Brahim, ob\u010dan Marock\u00e9ho kr\u00e1lovstv\u00ed<a href=\"https:\/\/ren.tv\/news\/v-mire\/985639-sud-v-dnr-prigovoril-naemnikov-iz-britanii-i-marokko-k-smertnoi-kazni\" target=\"_blank\" rel=\"noreferrer noopener\">, byli v DLR odsouzeni<\/a>\u00a0k smrti a maj\u00ed m\u011bs\u00edc na odvol\u00e1n\u00ed proti rozsudku.<\/p>\n<p>Podle tiskov\u00e9ho tajemn\u00edka prezidenta Rusk\u00e9 federace Dmitrije Peskova bude ve skute\u010dnosti odvol\u00e1n\u00ed Lond\u00fdna proti verdiktu nad \u017eold\u00e1ky\u00a0<a href=\"https:\/\/ren.tv\/news\/v-rossii\/985099-peskov-obzhalovanie-prigovora-naemnikam-budet-oznachat-priznanie-dnr\" target=\"_blank\" rel=\"noreferrer noopener\">znamenat uzn\u00e1n\u00ed<\/a>\u00a0Don\u011bck\u00e9 lidov\u00e9 republiky.<\/p>\n<p>Ofici\u00e1ln\u00ed z\u00e1stupkyn\u011b rusk\u00e9ho ministerstva zahrani\u010d\u00ed Maria Zacharova\u00a0<a href=\"https:\/\/ren.tv\/news\/v-mire\/988087-zakharova-nazvala-kazn-inostrannykh-naemnikov-v-dnr-nagliadnym-primerom\" target=\"_blank\" rel=\"noreferrer noopener\">uvedla<\/a>, \u017ee trest smrti by poslou\u017eil jako \u201edobr\u00fd p\u0159\u00edklad\u201c pro \u201evoj\u00e1ky \u0161t\u011bst\u011bny\u201c, kte\u0159\u00ed se postavili na stranu ukrajinsk\u00fdch nacionalist\u016f.<\/p>\n<p>\u0160\u00e9f DLR Denis Pu\u0161ilin d\u0159\u00edve informoval, \u017ee charta tribun\u00e1lu nad \u017eold\u00e1ky\u00a0<a href=\"https:\/\/ren.tv\/news\/v-mire\/990921-pushilin-ustav-tribunala-nad-naemnikami-nakhoditsia-na-finalnoi-stadii\" target=\"_blank\" rel=\"noreferrer noopener\">je v kone\u010dn\u00e9 f\u00e1zi.<\/a><\/p>\n<h2><\/h2>\n<p><iframe loading=\"lazy\" src=\"https:\/\/ren.tv\/player\/video\/embed\/987075#autoplay=1;\" width=\"800\" height=\"440\" frameborder=\"0\" allowfullscreen=\"allowfullscreen\" data-mce-fragment=\"1\"><\/iframe><\/p>\n<p>Pro Pokec p\u0159elo\u017eila Janinna.<\/p>\n<p><a href=\"https:\/\/bit.ly\/3Ol0H3S\">ZDROJ<\/a><br \/>\n<a href=\"https:\/\/bit.ly\/3QLI2Qu\">ZDROJ<\/a><\/p>\n","protected":false},"excerpt":{"rendered":"<p>Pokud Putinovi \u0161mejdi poprav\u00ed Brity, bude to bod, odkud nen\u00ed n\u00e1vratu \u2013 PAUL BALDWIN POKUD&#8230;<\/p>\n","protected":false},"author":2,"featured_media":2758,"comment_status":"closed","ping_status":"closed","sticky":false,"template":"","format":"standard","meta":[],"categories":[7],"tags":[61,993,22,40,1870],"_links":{"self":[{"href":"https:\/\/www.infokuryr.cz\/n\/wp-json\/wp\/v2\/posts\/11845"}],"collection":[{"href":"https:\/\/www.infokuryr.cz\/n\/wp-json\/wp\/v2\/posts"}],"about":[{"href":"https:\/\/www.infokuryr.cz\/n\/wp-json\/wp\/v2\/types\/post"}],"author":[{"embeddable":true,"href":"https:\/\/www.infokuryr.cz\/n\/wp-json\/wp\/v2\/users\/2"}],"replies":[{"embeddable":true,"href":"https:\/\/www.infokuryr.cz\/n\/wp-json\/wp\/v2\/comments?post=11845"}],"version-history":[{"count":0,"href":"https:\/\/www.infokuryr.cz\/n\/wp-json\/wp\/v2\/posts\/11845\/revisions"}],"wp:featuredmedia":[{"embeddable":true,"href":"https:\/\/www.infokuryr.cz\/n\/wp-json\/wp\/v2\/media\/2758"}],"wp:attachment":[{"href":"https:\/\/www.infokuryr.cz\/n\/wp-json\/wp\/v2\/media?parent=11845"}],"wp:term":[{"taxonomy":"category","embeddable":true,"href":"https:\/\/www.infokuryr.cz\/n\/wp-json\/wp\/v2\/categories?post=11845"},{"taxonomy":"post_tag","embeddable":true,"href":"https:\/\/www.infokuryr.cz\/n\/wp-json\/wp\/v2\/tags?post=11845"}],"curies":[{"name":"wp","href":"https:\/\/api.w.org\/{rel}","templated":true}]}}