{"id":11843,"date":"2022-06-26T03:06:44","date_gmt":"2022-06-26T01:06:44","guid":{"rendered":"http:\/\/www.infokuryr.cz\/n\/?p=11843"},"modified":"2022-06-26T03:06:44","modified_gmt":"2022-06-26T01:06:44","slug":"cina-poskytne-afghanistanu-dalsi-mimoradnou-humanitarni-pomoc","status":"publish","type":"post","link":"https:\/\/www.infokuryr.cz\/n\/2022\/06\/26\/cina-poskytne-afghanistanu-dalsi-mimoradnou-humanitarni-pomoc\/","title":{"rendered":"\u010c\u00edna poskytne Afgh\u00e1nist\u00e1nu dal\u0161\u00ed mimo\u0159\u00e1dnou humanit\u00e1rn\u00ed pomoc"},"content":{"rendered":"<div id=\"fb-root\"><\/div>\n<p>Zem\u011bt\u0159esen\u00ed v Afgh\u00e1nist\u00e1nu zas\u00e1hlo srdce \u010c\u00ed\u0148an\u016f. Na z\u00e1klad\u011b d\u0159\u00edv\u011bj\u0161\u00ed pomoci poskytne \u010c\u00edna Afgh\u00e1nist\u00e1nu dodate\u010dn\u00fd objem mimo\u0159\u00e1dn\u00e9 humanit\u00e1rn\u00ed pomoci. V\u00fd\u0161e uveden\u00e1 slova dnes \u0159ekl mluv\u010d\u00ed \u010d\u00ednsk\u00e9ho ministerstva zahrani\u010d\u00ed Wang Wenbin.<\/p>\n<p>Uv\u00e1d\u00ed se, \u017ee zem\u011bt\u0159esen\u00ed v Afgh\u00e1nist\u00e1nu si vy\u017e\u00e1dalo \u017eivoty v\u00edce ne\u017e 1.500 lid\u00ed. Nejvy\u0161\u0161\u00ed v\u016fdce afgh\u00e1nsk\u00e9ho T\u00e1lib\u00e1nu ve\u0159ejn\u011b vyzval mezin\u00e1rodn\u00ed spole\u010denstv\u00ed, aby poskytlo pomoc ob\u011btem v Afgh\u00e1nist\u00e1nu.<\/p>\n<p>Wang Wenbin \u0159ekl, \u017ee \u010dlen \u010d\u00ednsk\u00e9 St\u00e1tn\u00ed rady a ministr zahrani\u010d\u00ed Wang Yi zaslal kondolen\u010dn\u00ed zpr\u00e1vu \u00fa\u0159aduj\u00edc\u00edmu ministru zahrani\u010d\u00ed afgh\u00e1nsk\u00e9 prozat\u00edmn\u00ed vl\u00e1dy Amiru Khanu Muttaqimu a zd\u016fraznil, \u017ee \u010c\u00edna je ochotna vyvinout ve\u0161ker\u00e9 \u00fasil\u00ed a poskytnout mimo\u0159\u00e1dnou humanit\u00e1rn\u00ed pomoc podle pot\u0159eb Afgh\u00e1nist\u00e1nu.<\/p>\n<p>\u201e\u010c\u00edna zvy\u0161uje \u00fasil\u00ed o z\u00edsk\u00e1n\u00ed hotovosti, stan\u016f, postel\u00ed a dal\u0161\u00ed humanit\u00e1rn\u00ed pomoci prost\u0159ednictv\u00edm m\u00edstn\u00edch vl\u00e1d, Spole\u010dnosti \u010cerven\u00e9ho k\u0159\u00ed\u017ee, podnik\u016f a dal\u0161\u00edch kan\u00e1l\u016f a co nejd\u0159\u00edve to po\u0161le do oblast\u00ed posti\u017een\u00fdch katastrofou v Afgh\u00e1nist\u00e1nu. Ve\u0161ker\u00e9 j\u00eddlo, kter\u00e9 \u010c\u00edna sl\u00edbila na pomoc Afgh\u00e1nist\u00e1nu, dorazilo do Afgh\u00e1nist\u00e1nu p\u0159ed n\u011bkolika dny a distribuce se zvy\u0161uje. \u010c\u00edna je rovn\u011b\u017e ochotna pos\u00edlit spolupr\u00e1ci s Afgh\u00e1nist\u00e1nem v oblasti p\u0159edch\u00e1zen\u00ed katastrof\u00e1m a jejich zm\u00edr\u0148ov\u00e1n\u00ed, zejm\u00e9na v oblasti monitorov\u00e1n\u00ed a p\u0159edpov\u00edd\u00e1n\u00ed katastrof.\u201c<\/p>\n<p><img decoding=\"async\" loading=\"lazy\" class=\"alignnone size-full wp-image-1185\" src=\"http:\/\/www.infokuryr.cz\/n\/wp-content\/uploads\/2021\/04\/kuryr-podpis.png\" alt=\"\" width=\"84\" height=\"24\" \/><\/p>\n<p>&nbsp;<\/p>\n","protected":false},"excerpt":{"rendered":"<p>Zem\u011bt\u0159esen\u00ed v Afgh\u00e1nist\u00e1nu zas\u00e1hlo srdce \u010c\u00ed\u0148an\u016f. Na z\u00e1klad\u011b d\u0159\u00edv\u011bj\u0161\u00ed pomoci poskytne \u010c\u00edna Afgh\u00e1nist\u00e1nu dodate\u010dn\u00fd objem&#8230;<\/p>\n","protected":false},"author":2,"featured_media":5571,"comment_status":"closed","ping_status":"closed","sticky":false,"template":"","format":"standard","meta":[],"categories":[7],"tags":[108,30,2669,1038],"_links":{"self":[{"href":"https:\/\/www.infokuryr.cz\/n\/wp-json\/wp\/v2\/posts\/11843"}],"collection":[{"href":"https:\/\/www.infokuryr.cz\/n\/wp-json\/wp\/v2\/posts"}],"about":[{"href":"https:\/\/www.infokuryr.cz\/n\/wp-json\/wp\/v2\/types\/post"}],"author":[{"embeddable":true,"href":"https:\/\/www.infokuryr.cz\/n\/wp-json\/wp\/v2\/users\/2"}],"replies":[{"embeddable":true,"href":"https:\/\/www.infokuryr.cz\/n\/wp-json\/wp\/v2\/comments?post=11843"}],"version-history":[{"count":0,"href":"https:\/\/www.infokuryr.cz\/n\/wp-json\/wp\/v2\/posts\/11843\/revisions"}],"wp:featuredmedia":[{"embeddable":true,"href":"https:\/\/www.infokuryr.cz\/n\/wp-json\/wp\/v2\/media\/5571"}],"wp:attachment":[{"href":"https:\/\/www.infokuryr.cz\/n\/wp-json\/wp\/v2\/media?parent=11843"}],"wp:term":[{"taxonomy":"category","embeddable":true,"href":"https:\/\/www.infokuryr.cz\/n\/wp-json\/wp\/v2\/categories?post=11843"},{"taxonomy":"post_tag","embeddable":true,"href":"https:\/\/www.infokuryr.cz\/n\/wp-json\/wp\/v2\/tags?post=11843"}],"curies":[{"name":"wp","href":"https:\/\/api.w.org\/{rel}","templated":true}]}}