{"id":11841,"date":"2022-06-26T03:04:29","date_gmt":"2022-06-26T01:04:29","guid":{"rendered":"http:\/\/www.infokuryr.cz\/n\/?p=11841"},"modified":"2022-06-26T03:26:52","modified_gmt":"2022-06-26T01:26:52","slug":"summit-ameriky-byl-svedkem-politicke-nerovnovahy-spojenych-statu","status":"publish","type":"post","link":"https:\/\/www.infokuryr.cz\/n\/2022\/06\/26\/summit-ameriky-byl-svedkem-politicke-nerovnovahy-spojenych-statu\/","title":{"rendered":"Summit Ameriky byl sv\u011bdkem politick\u00e9 nerovnov\u00e1hy Spojen\u00fdch st\u00e1t\u016f"},"content":{"rendered":"<div id=\"fb-root\"><\/div>\n<p>Podle ned\u00e1vn\u00e9ho \u010dl\u00e1nku v americk\u00e9m \u010dasopisu The Atlantic Monthly byl pr\u00e1v\u011b skon\u010den\u00fd summit Ameriky sv\u011bdkem politick\u00e9 nerovnov\u00e1hy a ambic\u00ed Spojen\u00fdch st\u00e1t\u016f.<\/p>\n<p>\u010cl\u00e1nek \u0159\u00edk\u00e1, \u017ee pokud chce skupina velmi proz\u00edrav\u00fdch politolog\u016f navrhnout mechanismus pro m\u011b\u0159en\u00ed \u00fapadku vlivu a postaven\u00ed USA, summit Ameriky m\u016f\u017ee slou\u017eit jako takov\u00fd mechanismus. Chaotick\u00e9 p\u0159\u00edpravy, fra\u0161ka kolem seznamu host\u016f, do\u010dasn\u00e1 sple\u0165 probl\u00e9m\u016f a v\u0161udyp\u0159\u00edtomnost dom\u00e1c\u00ed politiky USA v programu summitu, to v\u0161e sv\u011bd\u010d\u00ed o tom, \u017ee Spojen\u00e9 st\u00e1ty ji\u017e jsou nefunk\u010dn\u00ed a ambici\u00f3zn\u00ed. Jihoamerick\u00fd diplomat ozna\u010dil summit za \u201eimprovizaci\u201c.<\/p>\n<p>\u010cl\u00e1nek pouk\u00e1zal na to, \u017ee Biden ve sv\u00e9m projevu \u0159ekl: &#8222;Bez ohledu na to, co se ve sv\u011bt\u011b stane, Amerika bude pro Spojen\u00e9 st\u00e1ty v\u017edy prioritou.&#8220; Jak ale \u0159\u00edkaj\u00ed Venezuelan\u00e9, \u201eOd slov k \u010din\u016fm je dlouh\u00e1 cesta\u201c.<\/p>\n<p><img decoding=\"async\" loading=\"lazy\" class=\"alignnone size-full wp-image-1185\" src=\"http:\/\/www.infokuryr.cz\/n\/wp-content\/uploads\/2021\/04\/kuryr-podpis.png\" alt=\"\" width=\"84\" height=\"24\" \/><\/p>\n<p>&nbsp;<\/p>\n","protected":false},"excerpt":{"rendered":"<p>Podle ned\u00e1vn\u00e9ho \u010dl\u00e1nku v americk\u00e9m \u010dasopisu The Atlantic Monthly byl pr\u00e1v\u011b skon\u010den\u00fd summit Ameriky sv\u011bdkem&#8230;<\/p>\n","protected":false},"author":2,"featured_media":11849,"comment_status":"closed","ping_status":"closed","sticky":false,"template":"","format":"standard","meta":[],"categories":[7],"tags":[1669,72,623,37],"_links":{"self":[{"href":"https:\/\/www.infokuryr.cz\/n\/wp-json\/wp\/v2\/posts\/11841"}],"collection":[{"href":"https:\/\/www.infokuryr.cz\/n\/wp-json\/wp\/v2\/posts"}],"about":[{"href":"https:\/\/www.infokuryr.cz\/n\/wp-json\/wp\/v2\/types\/post"}],"author":[{"embeddable":true,"href":"https:\/\/www.infokuryr.cz\/n\/wp-json\/wp\/v2\/users\/2"}],"replies":[{"embeddable":true,"href":"https:\/\/www.infokuryr.cz\/n\/wp-json\/wp\/v2\/comments?post=11841"}],"version-history":[{"count":0,"href":"https:\/\/www.infokuryr.cz\/n\/wp-json\/wp\/v2\/posts\/11841\/revisions"}],"wp:featuredmedia":[{"embeddable":true,"href":"https:\/\/www.infokuryr.cz\/n\/wp-json\/wp\/v2\/media\/11849"}],"wp:attachment":[{"href":"https:\/\/www.infokuryr.cz\/n\/wp-json\/wp\/v2\/media?parent=11841"}],"wp:term":[{"taxonomy":"category","embeddable":true,"href":"https:\/\/www.infokuryr.cz\/n\/wp-json\/wp\/v2\/categories?post=11841"},{"taxonomy":"post_tag","embeddable":true,"href":"https:\/\/www.infokuryr.cz\/n\/wp-json\/wp\/v2\/tags?post=11841"}],"curies":[{"name":"wp","href":"https:\/\/api.w.org\/{rel}","templated":true}]}}