{"id":11840,"date":"2022-06-26T03:02:50","date_gmt":"2022-06-26T01:02:50","guid":{"rendered":"http:\/\/www.infokuryr.cz\/n\/?p=11840"},"modified":"2022-06-26T03:02:50","modified_gmt":"2022-06-26T01:02:50","slug":"cinsky-zastupce-vyzval-usa-aby-zrusily-jednostranna-donucovaci-opatreni","status":"publish","type":"post","link":"https:\/\/www.infokuryr.cz\/n\/2022\/06\/26\/cinsky-zastupce-vyzval-usa-aby-zrusily-jednostranna-donucovaci-opatreni\/","title":{"rendered":"\u010c\u00ednsk\u00fd z\u00e1stupce vyzval USA, aby zru\u0161ily jednostrann\u00e1 donucovac\u00ed opat\u0159en\u00ed"},"content":{"rendered":"<div id=\"fb-root\"><\/div>\n<p>Dne 24. \u010dervna m\u00edstn\u00edho \u010dasu u\u010dinil z\u00e1stupce \u010c\u00edny prohl\u00e1\u0161en\u00ed b\u011bhem dialogu s nez\u00e1visl\u00fdm expertem na lidsk\u00e1 pr\u00e1va a mezin\u00e1rodn\u00ed solidaritu na 50. zased\u00e1n\u00ed Rady OSN pro lidsk\u00e1 pr\u00e1va a vyzval Spojen\u00e9 st\u00e1ty a dal\u0161\u00ed z\u00e1padn\u00ed zem\u011b, aby okam\u017eit\u011b zru\u0161ily jednostrann\u00e9 donucovac\u00ed opat\u0159en\u00ed a p\u0159estaly poru\u0161ovat lidsk\u00e1 pr\u00e1va lid\u00ed jin\u00fdch zem\u00ed.<\/p>\n<p>\u010c\u00ednsk\u00fd z\u00e1stupce se vyslovil v tom smyslu, \u017ee \u010c\u00edna v\u00edt\u00e1 zpr\u00e1vu nez\u00e1visl\u00e9ho experta na lidsk\u00e1 pr\u00e1va a mezin\u00e1rodn\u00ed solidaritu, kter\u00e1 zd\u016fraz\u0148uje, \u017ee je t\u0159eba v\u011bnovat pozornost poru\u0161ov\u00e1n\u00ed lidsk\u00fdch pr\u00e1v a po\u0161kozov\u00e1n\u00ed \u017eivotn\u00edho prost\u0159ed\u00ed ze strany nadn\u00e1rodn\u00edch korporac\u00ed v rozvojov\u00fdch zem\u00edch a \u017ee vysp\u011bl\u00e9 kapitalistick\u00e9 zem\u011b by m\u011bly b\u00fdt obez\u0159etn\u00e9 ve vyu\u017e\u00edv\u00e1n\u00ed extrateritori\u00e1ln\u00edch z\u00e1konn\u00fdch pr\u00e1v k \u201epropagaci nov\u00e9 koloni\u00e1ln\u00ed agendy\u201c. \u010c\u00edna podporuje nez\u00e1visl\u00e9ho experta na lidsk\u00e1 pr\u00e1va a mezin\u00e1rodn\u00ed solidaritu ve v\u00fdzv\u011b v\u0161ech zem\u00ed, aby se vyvarovaly jednostrann\u00fdch donucovac\u00edch opat\u0159en\u00ed.<\/p>\n<p>\u201eJednostrann\u00e1 donucovac\u00ed opat\u0159en\u00ed poru\u0161uj\u00ed c\u00edle a principy Charty Organizace spojen\u00fdch n\u00e1rod\u016f, mezin\u00e1rodn\u00ed pr\u00e1vo a z\u00e1kladn\u00ed normy mezin\u00e1rodn\u00edch vztah\u016f. Spojen\u00e9 st\u00e1ty americk\u00e9 a dal\u0161\u00ed z\u00e1padn\u00ed zem\u011b p\u0159ijaly jednostrann\u00e1 donucovac\u00ed opat\u0159en\u00ed v\u016f\u010di rozvojov\u00fdm zem\u00edm, co\u017e v\u00e1\u017en\u011b naru\u0161ilo hospod\u00e1\u0159sk\u00fd a soci\u00e1ln\u00ed rozvoj a protiepidemick\u00e9 \u00fasil\u00ed posti\u017een\u00fdch zem\u00ed a v\u00e1\u017en\u011b po\u0161kodilo z\u00e1kladn\u00ed lidsk\u00e1 pr\u00e1va obyvatel posti\u017een\u00fdch zem\u00ed, jako nap\u0159\u00edklad pr\u00e1vo na p\u0159e\u017eit\u00ed, pr\u00e1vo na rozvoj a pr\u00e1vo na zdrav\u00ed. \u010c\u00edna je t\u00edm v\u00e1\u017en\u011b znepokojena a nal\u00e9h\u00e1 na Spojen\u00e9 st\u00e1ty a dal\u0161\u00ed zem\u011b, aby okam\u017eit\u011b zru\u0161ily jednostrann\u00e1 donucovac\u00ed opat\u0159en\u00ed a p\u0159estaly poru\u0161ovat lidsk\u00e1 pr\u00e1va obyvatel jin\u00fdch zem\u00ed.\u201c<\/p>\n<p><img decoding=\"async\" loading=\"lazy\" class=\"alignnone size-full wp-image-1185\" src=\"http:\/\/www.infokuryr.cz\/n\/wp-content\/uploads\/2021\/04\/kuryr-podpis.png\" alt=\"\" width=\"84\" height=\"24\" \/><\/p>\n<p>&nbsp;<\/p>\n","protected":false},"excerpt":{"rendered":"<p>Dne 24. \u010dervna m\u00edstn\u00edho \u010dasu u\u010dinil z\u00e1stupce \u010c\u00edny prohl\u00e1\u0161en\u00ed b\u011bhem dialogu s nez\u00e1visl\u00fdm expertem na&#8230;<\/p>\n","protected":false},"author":2,"featured_media":5035,"comment_status":"closed","ping_status":"closed","sticky":false,"template":"","format":"standard","meta":[],"categories":[7],"tags":[30,144,186,37],"_links":{"self":[{"href":"https:\/\/www.infokuryr.cz\/n\/wp-json\/wp\/v2\/posts\/11840"}],"collection":[{"href":"https:\/\/www.infokuryr.cz\/n\/wp-json\/wp\/v2\/posts"}],"about":[{"href":"https:\/\/www.infokuryr.cz\/n\/wp-json\/wp\/v2\/types\/post"}],"author":[{"embeddable":true,"href":"https:\/\/www.infokuryr.cz\/n\/wp-json\/wp\/v2\/users\/2"}],"replies":[{"embeddable":true,"href":"https:\/\/www.infokuryr.cz\/n\/wp-json\/wp\/v2\/comments?post=11840"}],"version-history":[{"count":0,"href":"https:\/\/www.infokuryr.cz\/n\/wp-json\/wp\/v2\/posts\/11840\/revisions"}],"wp:featuredmedia":[{"embeddable":true,"href":"https:\/\/www.infokuryr.cz\/n\/wp-json\/wp\/v2\/media\/5035"}],"wp:attachment":[{"href":"https:\/\/www.infokuryr.cz\/n\/wp-json\/wp\/v2\/media?parent=11840"}],"wp:term":[{"taxonomy":"category","embeddable":true,"href":"https:\/\/www.infokuryr.cz\/n\/wp-json\/wp\/v2\/categories?post=11840"},{"taxonomy":"post_tag","embeddable":true,"href":"https:\/\/www.infokuryr.cz\/n\/wp-json\/wp\/v2\/tags?post=11840"}],"curies":[{"name":"wp","href":"https:\/\/api.w.org\/{rel}","templated":true}]}}