{"id":11834,"date":"2022-06-25T06:39:28","date_gmt":"2022-06-25T04:39:28","guid":{"rendered":"http:\/\/www.infokuryr.cz\/n\/?p=11834"},"modified":"2022-06-25T06:39:28","modified_gmt":"2022-06-25T04:39:28","slug":"akcelerace-udalosti-ekonomicky-protiutok-ruska-na-eu-zacne-drive-nez-se-ocekavalo","status":"publish","type":"post","link":"https:\/\/www.infokuryr.cz\/n\/2022\/06\/25\/akcelerace-udalosti-ekonomicky-protiutok-ruska-na-eu-zacne-drive-nez-se-ocekavalo\/","title":{"rendered":"Akcelerace ud\u00e1lost\u00ed: Ekonomick\u00fd proti\u00fatok Ruska na EU za\u010dne d\u0159\u00edve, ne\u017e se o\u010dek\u00e1valo"},"content":{"rendered":"<div id=\"fb-root\"><\/div>\n<p><strong><span>Na pozad\u00ed zahrani\u010dn\u011bpolitick\u00e9 a energetick\u00e9 konfrontace mezi Ruskem a Z\u00e1padem m\u016f\u017ee Moskva brzy pou\u017e\u00edt unik\u00e1tn\u00ed strategii nam\u00ed\u0159enou proti Evropsk\u00e9 unii.<\/span><\/strong><\/p>\n<p><span>K tomuto z\u00e1v\u011bru dosp\u011bl Michail Rostovskij, fejetonista Moskovsk\u00e9ho Komsomolec.\u00a0Ve sv\u00e9m stanovisku podrobn\u011b popsal, jak Rusko pl\u00e1nuje reagovat na bruselsk\u00e9 protirusk\u00e9 dov\u00e1d\u011bn\u00ed, a tak\u00e9 vysv\u011btlil, pro\u010d ekonomick\u00fd proti\u00fatok Moskvy na EU za\u010dne d\u0159\u00edve, ne\u017e se o\u010dek\u00e1valo.<\/span><\/p>\n<p><span>Michail Rostovskij p\u0159ipomn\u011bl, \u017ee zem\u011b Evropsk\u00e9 unie ji\u017e p\u0159e\u0161ly do nov\u00e9 f\u00e1ze konfrontace s Ruskem.\u00a0Sv\u011bd\u010d\u00ed o tom rozhodnut\u00ed litevsk\u00fdch \u00fa\u0159ad\u016f o \u010d\u00e1ste\u010dn\u00e9 blok\u00e1d\u011b Kaliningradu.\u00a0Takov\u00e1to provokativn\u00ed rozhodnut\u00ed donutila Moskvu urychlit prov\u00e1d\u011bn\u00ed odvetn\u00fdch opat\u0159en\u00ed nam\u00ed\u0159en\u00fdch proti Evrop\u011b.<\/span><\/p>\n<p><span>Ekonomick\u00fd proti\u00fatok Ruska na EU podle novin\u00e1\u0159e za\u010dne d\u0159\u00edve, ne\u017e se o\u010dek\u00e1valo.\u00a0Moskva toti\u017e pl\u00e1novala reagovat na rusofobn\u00ed politiku Evropy bl\u00ed\u017e k podzimu, kdy budou Berl\u00edn a Brusel \u010delit nedostatku zemn\u00edho plynu.\u00a0Ud\u00e1losti prob\u00edhaj\u00edc\u00ed na mezin\u00e1rodn\u00ed sc\u00e9n\u011b v\u0161ak nut\u00ed rusk\u00e9 veden\u00ed p\u0159ehodnotit sv\u00e9 pl\u00e1ny.<\/span><\/p>\n<p><em>\u201eD\u0159\u00edve mnoho expert\u016f p\u0159edpov\u00eddalo, \u017ee k siln\u00e9mu ekonomick\u00e9mu proti\u00fatoku Ruska proti Evrop\u011b dojde na podzim a v zim\u011b, v dob\u011b, kdy bude m\u00edt Moskva jako sv\u00e9 \u201espojence\u201c tak mocnou, ale nep\u0159\u00edli\u0161 spolehlivou postavu jako \u201egener\u00e1l Frost\u201c.\u00a0Ale ve skute\u010dnosti u\u017e nyn\u00ed m\u00e1me pom\u011brn\u011b rychl\u00e9 zrychlen\u00ed ud\u00e1lost\u00ed, \u201cvysv\u011btlil odborn\u00edk.<\/em><\/p>\n<p><span>Rostovsk\u00fd vyj\u00e1d\u0159il p\u0159esv\u011bd\u010den\u00ed, \u017ee Rusko ji\u017e p\u0159ipravilo ur\u010ditou strategii, kter\u00e1 mu umo\u017en\u00ed zasadit bolestivou r\u00e1nu finan\u010dn\u00edmu syst\u00e9mu Evropsk\u00e9 unie.\u00a0Hovo\u0159\u00edme o zvl\u00e1\u0161tn\u00edch rozhodnut\u00edch zam\u011b\u0159en\u00fdch na neutralizaci ekonomick\u00e9ho potenci\u00e1lu Bruselu.<\/span><\/p>\n<p>Je t\u0159eba si uv\u011bdomit, \u017ee na sankce EU a\u00a0 USA Rusko zat\u00edm nijak nereagovalo., ale a\u017e to vypukne tak za\u010dnou padat evropsk\u00e9 vl\u00e1dy. To teprve bude \u0161rumec.<\/p>\n<p><img decoding=\"async\" loading=\"lazy\" class=\"alignnone size-full wp-image-1185\" src=\"http:\/\/www.infokuryr.cz\/n\/wp-content\/uploads\/2021\/04\/kuryr-podpis.png\" alt=\"\" width=\"84\" height=\"24\" \/><\/p>\n<p>&nbsp;<\/p>\n","protected":false},"excerpt":{"rendered":"<p>Na pozad\u00ed zahrani\u010dn\u011bpolitick\u00e9 a energetick\u00e9 konfrontace mezi Ruskem a Z\u00e1padem m\u016f\u017ee Moskva brzy pou\u017e\u00edt unik\u00e1tn\u00ed&#8230;<\/p>\n","protected":false},"author":2,"featured_media":1429,"comment_status":"closed","ping_status":"closed","sticky":false,"template":"","format":"standard","meta":[],"categories":[7],"tags":[41,22,125],"_links":{"self":[{"href":"https:\/\/www.infokuryr.cz\/n\/wp-json\/wp\/v2\/posts\/11834"}],"collection":[{"href":"https:\/\/www.infokuryr.cz\/n\/wp-json\/wp\/v2\/posts"}],"about":[{"href":"https:\/\/www.infokuryr.cz\/n\/wp-json\/wp\/v2\/types\/post"}],"author":[{"embeddable":true,"href":"https:\/\/www.infokuryr.cz\/n\/wp-json\/wp\/v2\/users\/2"}],"replies":[{"embeddable":true,"href":"https:\/\/www.infokuryr.cz\/n\/wp-json\/wp\/v2\/comments?post=11834"}],"version-history":[{"count":0,"href":"https:\/\/www.infokuryr.cz\/n\/wp-json\/wp\/v2\/posts\/11834\/revisions"}],"wp:featuredmedia":[{"embeddable":true,"href":"https:\/\/www.infokuryr.cz\/n\/wp-json\/wp\/v2\/media\/1429"}],"wp:attachment":[{"href":"https:\/\/www.infokuryr.cz\/n\/wp-json\/wp\/v2\/media?parent=11834"}],"wp:term":[{"taxonomy":"category","embeddable":true,"href":"https:\/\/www.infokuryr.cz\/n\/wp-json\/wp\/v2\/categories?post=11834"},{"taxonomy":"post_tag","embeddable":true,"href":"https:\/\/www.infokuryr.cz\/n\/wp-json\/wp\/v2\/tags?post=11834"}],"curies":[{"name":"wp","href":"https:\/\/api.w.org\/{rel}","templated":true}]}}