{"id":11797,"date":"2022-06-24T01:06:02","date_gmt":"2022-06-23T23:06:02","guid":{"rendered":"http:\/\/www.infokuryr.cz\/n\/?p=11797"},"modified":"2022-06-23T20:05:39","modified_gmt":"2022-06-23T18:05:39","slug":"eva-hrindova-jeden-jako-druhy","status":"publish","type":"post","link":"https:\/\/www.infokuryr.cz\/n\/2022\/06\/24\/eva-hrindova-jeden-jako-druhy\/","title":{"rendered":"Eva Hrindov\u00e1: Jeden jako druh\u00fd"},"content":{"rendered":"<div id=\"fb-root\"><\/div>\n<div class=\"anotace\">\n<div class=\"field field-name-field-anotace field-type-text-long field-label-hidden\">\n<div class=\"field-items\">\n<div class=\"field-item even\">N\u011bkter\u00e1 m\u00e9dia a n\u011bkte\u0159\u00ed novin\u00e1\u0159i se sna\u017e\u00ed z ministra \u0161kolstv\u00ed Gazd\u00edka d\u011blat chud\u00e1\u010dka naivn\u00edho, kter\u00fd nalet\u011bl \u0161\u00edbrovi. A proto\u017ee je Gazd\u00edk ten spr\u00e1vn\u00fd, a\u010dkoliv nevinen, okam\u017eit\u011b rezignuje. STAN se tak sna\u017e\u00ed celou kauzu oto\u010dit a d\u011blaj\u00ed ze sebe &#8211; za zdatn\u00e9 pomoci p\u0159edev\u0161\u00edm \u010cesk\u00e9 televize &#8211; skromn\u00e9 a chybuj\u00edc\u00ed.<\/div>\n<\/div>\n<\/div>\n<\/div>\n<div class=\"text\">\n<div class=\"field field-name-body field-type-text-with-summary field-label-hidden\">\n<div class=\"field-items\">\n<div class=\"field-item even\">\n<p>To se jd\u011bte vysm\u00e1t! Gazd\u00edk je v\u0161echno jen ne naivn\u00ed politik, to by se v politice tak dlouho neudr\u017eel. V\u0161ichni moc dob\u0159e v\u011bd\u011bli, s k\u00fdm a pro\u010d se bav\u00ed. Notabene za pou\u017eit\u00ed \u0161ifrovan\u00e9 komunikace.<\/p>\n<p>P\u0159edseda Raku\u0161an tak\u00e9 v\u011bd\u011bl, \u017ee se na pra\u017esk\u00e9m magistr\u00e1tu krade, ale zn\u00e1te to, sf\u00e9ry vlivu uvnit\u0159 strany jsou jasn\u011b rozd\u011blen\u00e9 a on si p\u0159ece neznesv\u00e1\u0159\u00ed vlivnou pra\u017eskou organizaci t\u00edm, \u017ee by pra\u017esk\u00e9 stana\u0159sk\u00e9 mafi\u00e1ny klepal po prstech. B\u016fhv\u00ed, co na n\u011bho taky ho\u0161i v\u011bd\u011bli.<\/p>\n<p>Sc\u00e9n\u00e1\u0159, kdy chce hnut\u00ed STAN z nejhor\u0161\u00ed rozkr\u00e1da\u010dky vyj\u00edt neposkvrn\u011bn\u011b, je nastaven, ale je ot\u00e1zkou, jestli se napln\u00ed. \u010cesk\u00e1 televize a novin\u00e1\u0159i, kte\u0159\u00ed si sv\u016fj kredit budovali na apriori kritice Babi\u0161e a hnut\u00ed ANO, u\u017e nainvestovali mnoho. Jen tak svou r\u00e9toriku nezm\u011bn\u00ed. Aby nemuseli d\u00e1t za pravdu Babi\u0161ovi, omlouvaj\u00ed STAN \u00fapln\u011b absurdn\u011b a sm\u011b\u0161n\u011b.<\/p>\n<p>A \u0159ekn\u011bme si rovnou &#8211; u\u017e je z toho \u0161patn\u011b asi i policajt\u016fm a vy\u0161et\u0159ovatel\u016fm. Pro\u010d by jinak pustili odposlechy ven? Tahle kauza by se nem\u011bla zam\u00e9st pod koberec. Lid\u00e9 by se m\u011bli po\u0159\u00e1dn\u011b na\u0161tvat!<\/p>\n<p>Vl\u00e1da p\u011btikoalice nejen \u017ee nep\u0159inesla \u017e\u00e1dnou zm\u011bnu, ale je\u0161t\u011b krade mnohem v\u00edce jak p\u0159ede\u0161l\u00e1 garnitura. Babi\u0161 a jeho vl\u00e1da aspo\u0144 myslela na to, \u017ee nem\u016f\u017ee &#8222;nasrat&#8220; lidi moc a hl\u00eddala si soci\u00e1ln\u00ed sm\u00edr. Tahle nov\u00e1 vl\u00e1da nese hlavn\u00ed zm\u011bnu &#8211; lid\u00e9 jsou jim jedno a tahle posledn\u00ed kauza jen ukazuje, \u017ee se cht\u011bj\u00ed ze v\u0161eho vylhat. Koryta nade v\u0161e. Posluhov\u00e1n\u00ed ciz\u00edm nade v\u0161e.<\/p>\n<p>Vlastn\u00ed ob\u010dany v\u00e1\u017en\u011b neberou&#8230;<\/p>\n<\/div>\n<\/div>\n<\/div>\n<\/div>\n<p><a href=\"https:\/\/www.evahrindova.cz\/jeden-jako-druhy\">Eva Hrindov\u00e1<\/a><\/p>\n<p>&nbsp;<\/p>\n","protected":false},"excerpt":{"rendered":"<p>N\u011bkter\u00e1 m\u00e9dia a n\u011bkte\u0159\u00ed novin\u00e1\u0159i se sna\u017e\u00ed z ministra \u0161kolstv\u00ed Gazd\u00edka d\u011blat chud\u00e1\u010dka naivn\u00edho, kter\u00fd&#8230;<\/p>\n","protected":false},"author":2,"featured_media":11798,"comment_status":"closed","ping_status":"closed","sticky":false,"template":"","format":"standard","meta":[],"categories":[6],"tags":[1543,1032,424],"_links":{"self":[{"href":"https:\/\/www.infokuryr.cz\/n\/wp-json\/wp\/v2\/posts\/11797"}],"collection":[{"href":"https:\/\/www.infokuryr.cz\/n\/wp-json\/wp\/v2\/posts"}],"about":[{"href":"https:\/\/www.infokuryr.cz\/n\/wp-json\/wp\/v2\/types\/post"}],"author":[{"embeddable":true,"href":"https:\/\/www.infokuryr.cz\/n\/wp-json\/wp\/v2\/users\/2"}],"replies":[{"embeddable":true,"href":"https:\/\/www.infokuryr.cz\/n\/wp-json\/wp\/v2\/comments?post=11797"}],"version-history":[{"count":0,"href":"https:\/\/www.infokuryr.cz\/n\/wp-json\/wp\/v2\/posts\/11797\/revisions"}],"wp:featuredmedia":[{"embeddable":true,"href":"https:\/\/www.infokuryr.cz\/n\/wp-json\/wp\/v2\/media\/11798"}],"wp:attachment":[{"href":"https:\/\/www.infokuryr.cz\/n\/wp-json\/wp\/v2\/media?parent=11797"}],"wp:term":[{"taxonomy":"category","embeddable":true,"href":"https:\/\/www.infokuryr.cz\/n\/wp-json\/wp\/v2\/categories?post=11797"},{"taxonomy":"post_tag","embeddable":true,"href":"https:\/\/www.infokuryr.cz\/n\/wp-json\/wp\/v2\/tags?post=11797"}],"curies":[{"name":"wp","href":"https:\/\/api.w.org\/{rel}","templated":true}]}}