{"id":11796,"date":"2022-06-24T01:05:46","date_gmt":"2022-06-23T23:05:46","guid":{"rendered":"http:\/\/www.infokuryr.cz\/n\/?p=11796"},"modified":"2022-06-23T20:02:03","modified_gmt":"2022-06-23T18:02:03","slug":"globalni-koronabesy-prehlizena-humanitarni-katastrofa-vakciny-lidem-nici-imunitu","status":"publish","type":"post","link":"https:\/\/www.infokuryr.cz\/n\/2022\/06\/24\/globalni-koronabesy-prehlizena-humanitarni-katastrofa-vakciny-lidem-nici-imunitu\/","title":{"rendered":"Glob\u00e1ln\u00ed koronab\u011bsy: P\u0159ehl\u00ed\u017een\u00e1 humanit\u00e1rn\u00ed katastrofa. Vakc\u00edny lidem ni\u010d\u00ed imunitu."},"content":{"rendered":"<div id=\"fb-root\"><\/div>\n<div>\n<div id=\"ArticleTop\">\n<h2>Prudk\u00fd n\u00e1r\u016fst cel\u00e9 \u0159ady onemocn\u011bn\u00ed. O\u010dkovan\u00ed lid\u00e9 um\u00edraj\u00ed. Spojitost s vakcinac\u00ed je pop\u00edr\u00e1na. SARS-CoV-2 je um\u011ble vykonstruovan\u00fd fantom<\/h2>\n<p class=\"clkPerex\"><strong><a class=\"clkAutor\" href=\"https:\/\/protiproud.info\/autor\/svetlana-zamlelova.htm\">SV\u011aTLANA ZAML\u011aLOV\u00c1<\/a>\u00a0se pozastavuje nad neutuchaj\u00edc\u00edm covidov\u00fdm b\u011bsn\u011bn\u00edm v situaci, kdy \u00fa\u010dinnost vakcinace je prokazateln\u011b z\u00e1porn\u00e1 a vedlej\u0161\u00ed \u00fa\u010dinky vakcinace ni\u010d\u00ed populaci &#8211; co\u017e je pro n\u00e1s d\u016fle\u017eit\u00e9, nebo\u0165 vakcina\u010dn\u00ed mafie u\u017e sd\u011bluje, \u017ee od srpna za\u010dne op\u011bt covidismus o\u017eivovat a obnovovat i u n\u00e1s<\/strong><\/p>\n<\/div>\n<div id=\"cphCONTENT_pnlLeft\" class=\"leftPanel\">Po zah\u00e1jen\u00ed v\u00e1lky na Ukrajin\u011b p\u0159estal covid p\u0159edstavovat existen\u010dn\u00ed hrozbu pro lidi a st\u00e1t. Ve stejn\u00e9 dob\u011b se za\u010dali zotavovat i lid\u00e9 v jin\u00fdch zem\u00edch. Na n\u011bkter\u00fdch m\u00edstech byly rou\u0161ky a testy dokonce zru\u0161eny. Mimochodem, v m\u00edstech, kde nebyla zavedena \u017e\u00e1dn\u00e1 omezuj\u00edc\u00ed opat\u0159en\u00ed, onemocn\u011blo nebo zem\u0159elo m\u00e9n\u011b lid\u00ed.<\/div>\n<div id=\"Article\">\n<p>Florida a Texas jsou toho nejlep\u0161\u00edm p\u0159\u00edkladem. Florida byla prvn\u00ed, kdo odm\u00edtl bojovat s covidem. V\u00fdsledkem byla nejni\u017e\u0161\u00ed nemocnost a \u00famrtnost v USA. Dal\u0161\u00ed na \u0159ad\u011b byl Texas. Jakmile guvern\u00e9r v b\u0159eznu 2021 zru\u0161il povinn\u00e9 no\u0161en\u00ed rou\u0161ek, byl okam\u017eit\u011b obvin\u011bn z nezodpov\u011bdnosti a \u010delil p\u0159edpov\u011bd\u00edm o n\u00e1r\u016fstu onemocn\u011bn\u00ed. Nic takov\u00e9ho se v\u0161ak nestalo.<\/p>\n<h2>Covidov\u00e9 b\u011bsn\u011bn\u00ed pokra\u010duje<\/h2>\n<p>Nicm\u00e9n\u011b hysteri\u010dt\u00ed stoupenci kovidob\u011bs\u016f nikam nezmizeli. Ani zve\u0159ejn\u011bn\u00ed \u00fadaj\u016f o negativn\u00edch \u00fa\u010dinc\u00edch o\u010dkov\u00e1n\u00ed je nep\u0159im\u011blo k tomu, aby se vzdali nucen\u00e9 vakcinace. Na internetu byl ned\u00e1vno zve\u0159ejn\u011bn dokument Evropsk\u00e9 komise o podzimn\u00ed strategii o\u010dkov\u00e1n\u00ed. Vzhledem k tomu, \u017ee v EU je o\u010dkov\u00e1no p\u0159ibli\u017en\u011b 85 % dosp\u011bl\u00fdch, trv\u00e1 p\u0159edsedkyn\u011b Evropsk\u00e9 komise Ursula von der Leyenov\u00e1 na pokra\u010dov\u00e1n\u00ed o\u010dkov\u00e1n\u00ed a p\u0159eo\u010dkov\u00e1n\u00ed.<\/p>\n<p>V kv\u011btnu se ned\u00e1vno z\u0159\u00edzen\u00fd v\u00fdbor Evropsk\u00e9ho parlamentu pro pandemii Covid-19 se\u0161el s komisa\u0159kou EU pro zdravotnictv\u00ed Stellou Kyriakidesovou. \u00dakoly v\u00fdboru jsou st\u00e1le stejn\u00e9: bojovat proti covidu, p\u0159esn\u011bji \u0159e\u010deno proti neo\u010dkovan\u00fdm proti covidu. Podle Kyriakidesov\u00e9 je v EU p\u0159ibli\u017en\u011b 100 milion\u016f neo\u010dkovan\u00fdch lid\u00ed, je\u017e je t\u0159eba v\u0161emi prost\u0159edky p\u0159esv\u011bd\u010dit, aby se nechali o\u010dkovat. EU proto za\u010dne bojovat proti dezinformac\u00edm (ve skute\u010dnosti proti pravd\u011b) o vakc\u00edn\u00e1ch. V\u00fdbor se tak\u00e9 mus\u00ed p\u0159ipravit na novou pandemii, kter\u00e1 se o\u010dek\u00e1v\u00e1 v zim\u011b.<\/p>\n<p>Evropa prozat\u00edm pl\u00e1nuje do podzimu zv\u00fd\u0161it tlak na neo\u010dkovan\u00e9 a z\u00e1rove\u0148 za\u010d\u00edt s o\u010dkov\u00e1n\u00edm d\u011bt\u00ed.<\/p>\n<p>Mezit\u00edm p\u0159ib\u00fdv\u00e1 informac\u00ed o n\u00e1sledc\u00edch o\u010dkov\u00e1n\u00ed. Jedn\u00edm ze zdroj\u016f t\u011bchto informac\u00ed je americk\u00fd web The Gateway Pundit. Wikipedie ho ozna\u010duje za krajn\u011b pravicovou blogovac\u00ed platformu zn\u00e1mou \u201e<em>sv\u00fdmi konspira\u010dn\u00edmi teoriemi o Demokratech, p\u0159ekrucov\u00e1n\u00edm fakt\u016f a informa\u010dn\u00edmi v\u00fdlevy<\/em>\u201c. Konspira\u010dn\u00ed teorie a p\u0159ekrucov\u00e1n\u00ed fakt\u016f? Kde jsme o tom u\u017e sly\u0161eli? Ministerstvo zahrani\u010d\u00ed USA pou\u017eilo stejn\u00fd jazyk nap\u0159\u00edklad p\u0159i popisu rusk\u00e9 webov\u00e9 str\u00e1nky \u201e<a href=\"https:\/\/www.fondsk.ru\/\">Fond strategick\u00e9 kultury<\/a>\u201c. A pokud dod\u00e1me, \u017ee \u201e\u00fato\u010dit na Demokraty\u201c znamen\u00e1 \u00fato\u010dit na prezidenta Bidena, kter\u00fd propaguje o\u010dkov\u00e1n\u00ed cel\u00e9 Zem\u011b, pak lze The Gateway Pundit pova\u017eovat za z\u0159\u00eddlo pravdy.<\/p>\n<h2>Smrt\u00edc\u00ed \u00fa\u010dinky vakc\u00edn<\/h2>\n<p>Server\u00a0<a href=\"https:\/\/www.thegatewaypundit.com\/2022\/06\/two-new-studies-show-link-incurable-degenerative-brain-disease-experimental-covid-19-vaccine\/\">The Gateway Pundit<\/a>\u00a0s odvol\u00e1n\u00edm na den\u00edk\u00a0<a href=\"https:\/\/www.theepochtimes.com\/studies-link-incurable-prion-disease-with-covid-19-vaccine_4511204.html\">The Epoch Times<\/a>\u00a0uvedl, \u017ee v\u00fdzkum v Turecku a Francii spojil nevyl\u00e9\u010diteln\u00e9 degenerativn\u00ed onemocn\u011bn\u00ed mozku zvan\u00e9 Kreutzfeldtova-Jakobova choroba s o\u010dkov\u00e1n\u00edm proti covidu. Kreutzfeldtova-Jakobova choroba je vz\u00e1cn\u00e1, nevyl\u00e9\u010diteln\u00e1 a smrteln\u00e1. U o\u010dkovan\u00fdch lid\u00ed prob\u00edh\u00e1 onemocn\u011bn\u00ed netypicky rychle, tak\u017ee francouz\u0161t\u00ed v\u011bdci nyn\u00ed uvedli, \u017ee experiment\u00e1ln\u00ed mRNA vakc\u00edny p\u0159isp\u011bly ke vzniku nov\u00e9ho agresivn\u011bj\u0161\u00edho typu Kreutzfeldtovy-Jakobovy choroby. Onemocn\u011bn\u00ed se obvykle rozvine do deseti let. O\u010dkovan\u00ed lid\u00e9 um\u00edraj\u00ed na stejnou nemoc do p\u011bti m\u011bs\u00edc\u016f.<\/p>\n<p>Syst\u00e9m VAERS (Vaccine Adverse Event Reporting System) zve\u0159ejnil 3. \u010dervna tohoto roku nov\u00e9 \u00fadaje o \u00fa\u010dinc\u00edch o\u010dkov\u00e1n\u00ed. P\u0159itom nezapom\u00ednejme, \u017ee podle zpr\u00e1vy Agentury pro v\u00fdzkum a kvalitu zdravotn\u00ed p\u00e9\u010de (Agency for Healthcare Research and Quality) z roku 2010 zaznamen\u00e1v\u00e1 syst\u00e9m VAERS m\u00e9n\u011b ne\u017e 1 % negativn\u00edch vedlej\u0161\u00edch \u00fa\u010dink\u016f o\u010dkov\u00e1n\u00ed. V ka\u017ed\u00e9m p\u0159\u00edpad\u011b VAERS na za\u010d\u00e1tku \u010dervna vedl za obdob\u00ed od 14. prosince 2020 do 27. kv\u011btna 2022 v evidenci 1 287 595 hl\u00e1\u0161en\u00ed ne\u017e\u00e1douc\u00edch \u00fa\u010dink\u016f po o\u010dkov\u00e1n\u00ed vakc\u00ednou proti Covid-19 ve v\u0161ech v\u011bkov\u00fdch skupin\u00e1ch. Z\u00a0toho 28 532 osob zem\u0159elo a 235 041 osob bylo v\u00e1\u017en\u011b zdravotn\u011b po\u0161kozeno. Z 13 150 \u00famrt\u00ed v USA zaznamenan\u00fdch k 27. kv\u011btnu se 16 % vyskytlo do 24 hodin po o\u010dkov\u00e1n\u00ed a 20 % do 48 hodin po o\u010dkov\u00e1n\u00ed. Krom\u011b toho VAERS potvrzuje 14 777 infarkt\u016f, 41 696 p\u0159\u00edpad\u016f myokarditidy, 41 666 p\u0159\u00edpad\u016f z\u00e1va\u017en\u00e9 alergick\u00e9 reakce a 13 997 p\u0159\u00edpad\u016f p\u00e1sov\u00e9ho oparu.<\/p>\n<p>Mimochodem, gener\u00e1ln\u00ed tajemn\u00edk NATO Jens Stoltenberg se m\u011bl 9. \u010dervna v Berl\u00edn\u011b setkat s n\u011bmeck\u00fdm kancl\u00e9\u0159em Olafem Scholzem. Sch\u016fzka se v\u0161ak nekonala, proto\u017ee Stoltenberg musel z\u016fstat doma kv\u016fli p\u00e1sov\u00e9mu oparu. Mezit\u00edm ve\u0161lo ve zn\u00e1most, \u017ee Stoltenberg, kter\u00e9mu byla injekce aplikov\u00e1na t\u0159ikr\u00e1t (!), se letos v kv\u011btnu nakazil covidem. Dal\u0161\u00ed ne\u0161\u0165astn\u00edk, Anthony Fauci, hlavn\u00ed infekcionista USA, kter\u00fd se podle sv\u00fdch slov nechal o\u010dkovat ji\u017e \u010dty\u0159ikr\u00e1t, se tak\u00e9 nakazil covidem. Byl to pr\u00e1v\u011b Fauci, kdo je\u0161t\u011b ned\u00e1vno uji\u0161\u0165oval, \u017ee vakc\u00edny jsou velmi, velmi \u00fa\u010dinn\u00e9 a chr\u00e1n\u00ed proti r\u016fzn\u00fdm kmen\u016fm. O osmi injekc\u00edch do t\u011bla V.V. \u017dirinovsk\u00e9ho, kter\u00fd vyz\u00fdval k pokutov\u00e1n\u00ed nebo dokonce zat\u00fdk\u00e1n\u00ed neo\u010dkovan\u00fdch, bylo u\u017e \u0159e\u010deno v\u0161e (samoz\u0159ejm\u011b v\u00a0Rusku \u2013 pozn. PP). Zem\u0159el 6. dubna tohoto roku.<\/p>\n<h2>Nekone\u010dn\u00e9 ml\u017een\u00ed<\/h2>\n<p>Dokonce i dom\u00e1c\u00ed vakcin\u00e1to\u0159i Sputnikem poru\u0161ili sv\u016fj slib ml\u010den\u00ed a promluvili o vedlej\u0161\u00edch \u00fa\u010dinc\u00edch vakc\u00edny. Na Petrohradsk\u00e9m mezin\u00e1rodn\u00edm ekonomick\u00e9m f\u00f3ru (SPIEF) uvedla Alla Samojlova, hlava rusk\u00e9ho ministerstva zdravotnictv\u00ed, \u017ee 0,08 % osob o\u010dkovan\u00fdch rusk\u00fdmi vakc\u00ednami proti koronaviru zaznamenalo ne\u017e\u00e1douc\u00ed \u00fa\u010dinky, kter\u00e9 nebyly uvedeny v n\u00e1vodu k pou\u017eit\u00ed l\u00e9ku. \u201e<em>Shrom\u00e1\u017edili jsme prakticky v\u0161echny ne\u017e\u00e1douc\u00ed \u00fa\u010dinky ka\u017ed\u00e9ho p\u0159\u00edpadu pou\u017eit\u00ed vakc\u00edny a m\u016f\u017eeme \u0159\u00edci \u2013 toto je minim\u00e1ln\u00ed po\u010det [takov\u00fdch p\u0159\u00edpad\u016f]. M\u00e9n\u011b ne\u017e 0,08 % v\u0161ech o\u010dkovan\u00fdch osob hl\u00e1silo ne\u017e\u00e1douc\u00ed \u00fa\u010dinky, kter\u00e9 dosud nebyly uvedeny v n\u00e1vodu k pou\u017eit\u00ed,\u201c<\/em>\u00a0uvedla.<\/p>\n<p>V tomto zmaten\u00e9m vyj\u00e1d\u0159en\u00ed je t\u0159eba objasnil n\u011bkolik v\u011bc\u00ed. Za prv\u00e9: na konci roku 2021 nebo na za\u010d\u00e1tku roku 2022 n\u00e1s \u00fa\u0159ady ujistily, \u017ee v na\u0161\u00ed zemi se nevedou \u017e\u00e1dn\u00e9 statistiky o vedlej\u0161\u00edch \u00fa\u010dinc\u00edch vakc\u00edn. M\u011bli jsme tedy upustit od povinn\u00e9ho o\u010dkov\u00e1n\u00ed, jakmile se objevily statistiky? Za druh\u00e9, pro\u010d bychom m\u011bli v\u011b\u0159it slov\u016fm ob\u010danky Samojlov\u00e9? Za t\u0159et\u00ed, kde jsou zve\u0159ejn\u011bny materi\u00e1ly o ne\u017e\u00e1douc\u00edch \u00fa\u010dinc\u00edch, kter\u00e9 shrom\u00e1\u017edila? Jedin\u00e9, co vid\u00edme: 1250 osob bylo o\u010dkov\u00e1no, 1250 osob bylo sledov\u00e1no, u jedn\u00e9 z nich se vyskytla ne\u017e\u00e1douc\u00ed reakce. Za \u010dtvrt\u00e9: 0,08 % jsou reakce, kter\u00e9 nejsou uvedeny v n\u00e1vodu. A co bylo uvedeno v n\u00e1vodu? Cituji: \u201e<em>Prozat\u00edmn\u00ed metodick\u00e9 pokyny. Postupy o\u010dkov\u00e1n\u00ed dosp\u011bl\u00e9 populace proti covid-19: K\u00a0vakc\u00edn\u00e1m se vztahuj\u00ed ne\u017e\u00e1douc\u00ed \u00fa\u010dinky po o\u010dkov\u00e1n\u00ed u v\u0161ech t\u011bch, kdo vy\u017eadovaly hospitalizaci nebo skon\u010dily let\u00e1ln\u011b, a tak\u00e9 n\u00e1sleduj\u00edc\u00ed komplikace: absces, flegm\u00f3na v m\u00edst\u011b vpichu. Anafylaktick\u00fd \u0161ok\/anafylaktick\u00e1 reakce. Kolaps\/kolapsov\u00e1 reakce. Generalizovan\u00e1 vyr\u00e1\u017eka, erythema multiforme, Quinckeho ed\u00e9m, Lyell\u016fv syndrom, jin\u00e9 formy z\u00e1va\u017en\u00fdch alergick\u00fdch reakc\u00ed. Encefalick\u00e1 reakce (encefalopatie). Guillain\u016fv-Barr\u00e9ho syndrom. Z\u00e1chvaty\/konvulzivn\u00ed syndrom. Akutn\u00ed myokarditida, akutn\u00ed nefritida, trombocytopenick\u00e1 purpura, agranulocyt\u00f3za, hypoplastick\u00e1 an\u00e9mie, syst\u00e9mov\u00e9 onemocn\u011bn\u00ed pojivov\u00e9 tk\u00e1n\u011b, chronick\u00e1 artritida. N\u00e1hl\u00e1 \u00famrt\u00ed, jin\u00e1 \u00famrt\u00ed s do\u010dasnou souvislost\u00ed s o\u010dkov\u00e1n\u00edm&#8230;<\/em>\u201c.<\/p>\n<p>Jak\u00e9 jsou tedy ony ohl\u00e1\u0161en\u00e9 reakce?<\/p>\n<p>A kone\u010dn\u011b za p\u00e1t\u00e9: ka\u017ed\u00fd den se v masm\u00e9di\u00edch objevuj\u00ed zpr\u00e1vy o p\u0159\u00edpadech onemocn\u011bn\u00ed covidem. Nap\u0159\u00edklad 16. \u010dervna 2022 bylo nahl\u00e1\u0161eno 3 326 p\u0159\u00edpad\u016f. To je p\u0159ibli\u017en\u011b 0,002 % celkov\u00e9 populace. Ale pokud je pro Allu Samojlovovou 0,08 % \u201eminim\u00e1ln\u00ed \u010d\u00edslo\u201c, co potom 0,002 %, co\u017e je je\u0161t\u011b m\u00e9n\u011b? M\u00e1 v\u016fbec smysl o tom mluvit?<\/p>\n<p>Pro\u010d se lid\u00e9 denn\u011b musej\u00ed dozv\u00eddat o miziv\u00e9m po\u010dtu onemocn\u011bn\u00ed s n\u00edzkou mortalitou?<\/p>\n<h2>Humanit\u00e1rn\u00ed katastrofa<\/h2>\n<p>Prosl\u00fdch\u00e1 se, \u017ee to nejlep\u0161\u00ed n\u00e1s teprve \u010dek\u00e1. Za prv\u00e9, p\u0159ich\u00e1z\u00ed masov\u00e9 o\u010dkov\u00e1n\u00ed d\u011bt\u00ed. P\u0159esto\u017ee byla zaznamen\u00e1na \u00famrt\u00ed i mezi o\u010dkovan\u00fdmi d\u011btmi. Za druh\u00e9, situace by se na podzim mohla skute\u010dn\u011b zhor\u0161it. Ale ne kv\u016fli dal\u0161\u00ed vln\u011b pochybn\u00e9ho \u010dehosi. Jeliko\u017e se na podzim pravideln\u011b objevuje ch\u0159ipka a dal\u0161\u00ed podobn\u00e9 viry, m\u016f\u017ee doj\u00edt k v\u011bt\u0161\u00edmu po\u010dtu \u00famrt\u00ed u o\u010dkovan\u00fdch d\u011bt\u00ed, proto\u017ee jejich imunitn\u00ed syst\u00e9m bude siln\u011b oslaben.<\/p>\n<p>Krom\u011b toho se st\u00e1le \u010dast\u011bji objevuj\u00ed zpr\u00e1vy o n\u00e1r\u016fstu p\u0159\u00edpad\u016f rakoviny u o\u010dkovan\u00fdch osob. N\u011bmeck\u00fd profesor Suharit Bhakdi, l\u00e9ka\u0159-mikrobiolog a epidemiolog infek\u010dn\u00edch chorob, kter\u00fd do roku 2012 vedl \u00dastav l\u00e9ka\u0159sk\u00e9 mikrobiologie a hygieny na univerzit\u011b v Mohu\u010di, se od po\u010d\u00e1tku \u201epandemie\u201c stav\u00ed proti restriktivn\u00edm opat\u0159en\u00edm i o\u010dkov\u00e1n\u00ed. Opakovan\u011b varoval, \u017ee aplikovan\u00e9 vakc\u00edny mohou vyvolat mnohem nebezpe\u010dn\u011bj\u0161\u00ed nemoci \u2013 rakovinu, tuberkul\u00f3zu.<\/p>\n<p>Patolog Dr. Ryan Cole tvrd\u00ed, \u017ee \u201e<em>toto \u0159e\u0161en\u00ed byl omyl. Nasadili jsme ho na lidstvo jako experiment. \u0158ekli n\u00e1m, \u017ee je schv\u00e1len\u00e9, bezpe\u010dn\u00e9 a \u00fa\u010dinn\u00e9, ale lhali n\u00e1m. Probl\u00e9m je, \u017ee tu m\u00e1me platformu pro jadernou bombou. Je to lipidov\u00e1 nano\u010d\u00e1stice a modifikovan\u00e1 mRNA, kterou nelze vypnout. Je to jadern\u00e1 bomba a my nezn\u00e1me jej\u00ed dlouhodobou nebezpe\u010dnost a \u00fa\u010dinky.<\/em>\u201c Cole potvrzuje dramatick\u00fd n\u00e1r\u016fst nebezpe\u010dn\u00fdch onemocn\u011bn\u00ed, jako je agresivn\u00ed rakovina, srde\u010dn\u00ed choroby, mrtvice a autoimunitn\u00ed choroby. O p\u0159\u00ed\u010din\u00e1ch \u0159\u00edk\u00e1: \u201e<em>Po\u0161kozuje to imunitn\u00ed syst\u00e9m. Pro\u010d nyn\u00ed tolik lid\u00ed trp\u00ed jin\u00fdmi nemocemi? Jejich imunitn\u00ed syst\u00e9m byl potla\u010den&#8230;\u201c<\/em><\/p>\n<p>Dr. Pierre Kory, specialista na intenzivn\u00ed terapii a plicn\u00ed choroby, \u0159\u00edk\u00e1, \u017ee na jeho klinice do\u0161lo k prudk\u00e9mu n\u00e1r\u016fstu po\u010dtu lid\u00ed, kte\u0159\u00ed vyhledali o\u0161et\u0159en\u00ed kv\u016fli nemocem a traumat\u016fm zp\u016fsoben\u00fdm o\u010dkov\u00e1n\u00edm. \u00damrt\u00ed a traumata v d\u016fsledku o\u010dkov\u00e1n\u00ed ozna\u010duje Kory za \u201ep\u0159ehl\u00ed\u017eenou humanit\u00e1rn\u00ed katastrofu\u201c.<\/p>\n<h2>Fantom COVID-19<\/h2>\n<p>Z\u00e1v\u011brem bude vhodn\u00e9 odk\u00e1zat na \u010dl\u00e1nek \u201eRole exosom\u016f ve fale\u0161n\u00fdch pozitivn\u00edch PCR testech na covid-19: nespecifi\u010dnost SARS-CoV-2 detekce in vivo vysv\u011btluje um\u011ble vyvolan\u00e9 postpandemick\u00e9 \u0161pi\u010dky\u201c (Role of exosomes in false positive PCR tests for covid-19: non-specificity of SARS-CoV-2-RNA detection in vivo explains artificial post-pandemic peaks) autor\u016f Igora Chmelinsk\u00e9ho, Petera Stallinga a Leslieho V. Woodcocka, kter\u00fd vy\u0161el ji\u017e v listopadu 2021. Auto\u0159i \u010dl\u00e1nku vyvracej\u00ed existenci viru zp\u016fsobuj\u00edc\u00edho covid. \u010cl\u00e1nek tvrd\u00ed, \u017ee SARS-CoV-2 nejen\u017ee nebyl izolov\u00e1n, ale byl i \u0161patn\u011b klasifikov\u00e1n. Nejprve byly odebr\u00e1ny vzorky od pacient\u016f s b\u011b\u017en\u00fdmi akutn\u00edmi respira\u010dn\u00edmi infekcemi a z nich byly pomoc\u00ed po\u010d\u00edta\u010dov\u00e9ho programu vymodelov\u00e1ny exosomy (bun\u011b\u010dn\u00e9 produkty vlastn\u00edho imunitn\u00edho syst\u00e9mu lidsk\u00e9ho organismu \u2013 pozn. PP). V\u00fdsledn\u00fd obraz byl vyd\u00e1v\u00e1n za nov\u00fd virus. A n\u00e1sledn\u011b \u201ev\u0161echny testy (a vakc\u00edny) byly zhotoveny s vyu\u017eit\u00edm genetick\u00fdch informac\u00ed zve\u0159ejn\u011bn\u00fdch objeviteli SARS-CoV-2 v p\u0159\u00edslu\u0161n\u00fdch datab\u00e1z\u00edch\u201c.<\/p>\n<p>Ale navzdory v\u0161em tvrzen\u00edm, statistik\u00e1m, dat\u016fm, a dokonce i ur\u010dit\u00e9mu zm\u00edrn\u011bn\u00ed, o\u010dkovac\u00ed m\u00e1nie ve sv\u011bt\u011b pokra\u010duje. A na podzim podle v\u0161eho mus\u00edme o\u010dek\u00e1vat dal\u0161\u00ed eskalaci s pokusy prosadit p\u0159eo\u010dkov\u00e1n\u00ed proti covidu, o\u010dkov\u00e1n\u00ed proti opi\u010d\u00edm ne\u0161tovic\u00edm a globalisty vymodlen\u00e9 pasy s\u00a0\u00fadaji o vakcinaci.<\/p>\n<p>Je snad v\u00e1lka jedin\u00fd zp\u016fsob, jak toto \u0161\u00edlenstv\u00ed zastavit?<\/p>\n<p><a href=\"http:\/\/www.fondsk.ru\/news\/2022\/06\/18\/globalnoe-kovidobesie-ignoriruemaja-gumanitarnaja-katastrofa-56459.html\" target=\"_blank\" rel=\"noopener\">Zdroj.<\/a><\/p>\n<\/div>\n<\/div>\n<div><a href=\"https:\/\/protiproud.info\/zdravi\/6552-globalni-koronabesy-prehlizena-humanitarni-katastrofa-vakciny-lidem-nici-imunitu-prudky-narust-cele-rady-onemocneni-ockovani-lide-umiraji-spojitost-s-vakcinaci-je-popirana-sarscov2-je-umele-vykonstruovany-fantom.htm\">PROTIPROUD<\/a><\/div>\n<div><\/div>\n<div><\/div>\n<div><\/div>\n<div class=\"kodex_buttons\"><\/div>\n","protected":false},"excerpt":{"rendered":"<p>Prudk\u00fd n\u00e1r\u016fst cel\u00e9 \u0159ady onemocn\u011bn\u00ed. O\u010dkovan\u00ed lid\u00e9 um\u00edraj\u00ed. Spojitost s vakcinac\u00ed je pop\u00edr\u00e1na. SARS-CoV-2 je&#8230;<\/p>\n","protected":false},"author":2,"featured_media":1919,"comment_status":"closed","ping_status":"closed","sticky":false,"template":"","format":"standard","meta":[],"categories":[6,7],"tags":[23,115,213,651],"_links":{"self":[{"href":"https:\/\/www.infokuryr.cz\/n\/wp-json\/wp\/v2\/posts\/11796"}],"collection":[{"href":"https:\/\/www.infokuryr.cz\/n\/wp-json\/wp\/v2\/posts"}],"about":[{"href":"https:\/\/www.infokuryr.cz\/n\/wp-json\/wp\/v2\/types\/post"}],"author":[{"embeddable":true,"href":"https:\/\/www.infokuryr.cz\/n\/wp-json\/wp\/v2\/users\/2"}],"replies":[{"embeddable":true,"href":"https:\/\/www.infokuryr.cz\/n\/wp-json\/wp\/v2\/comments?post=11796"}],"version-history":[{"count":0,"href":"https:\/\/www.infokuryr.cz\/n\/wp-json\/wp\/v2\/posts\/11796\/revisions"}],"wp:featuredmedia":[{"embeddable":true,"href":"https:\/\/www.infokuryr.cz\/n\/wp-json\/wp\/v2\/media\/1919"}],"wp:attachment":[{"href":"https:\/\/www.infokuryr.cz\/n\/wp-json\/wp\/v2\/media?parent=11796"}],"wp:term":[{"taxonomy":"category","embeddable":true,"href":"https:\/\/www.infokuryr.cz\/n\/wp-json\/wp\/v2\/categories?post=11796"},{"taxonomy":"post_tag","embeddable":true,"href":"https:\/\/www.infokuryr.cz\/n\/wp-json\/wp\/v2\/tags?post=11796"}],"curies":[{"name":"wp","href":"https:\/\/api.w.org\/{rel}","templated":true}]}}