{"id":11795,"date":"2022-06-24T01:04:47","date_gmt":"2022-06-23T23:04:47","guid":{"rendered":"http:\/\/www.infokuryr.cz\/n\/?p=11795"},"modified":"2022-06-23T19:46:59","modified_gmt":"2022-06-23T17:46:59","slug":"v-moskve-prejmenovali-prostor-pred-velvyslanectvim-usa","status":"publish","type":"post","link":"https:\/\/www.infokuryr.cz\/n\/2022\/06\/24\/v-moskve-prejmenovali-prostor-pred-velvyslanectvim-usa\/","title":{"rendered":"V Moskv\u011b p\u0159ejmenovali prostor p\u0159ed velvyslanectv\u00edm USA"},"content":{"rendered":"<div id=\"fb-root\"><\/div>\n<p><strong>Moskevsk\u00e9 \u00fa\u0159ady ve st\u0159edu ozn\u00e1mily, \u017ee se rozhodly pojmenovat prostranstv\u00ed p\u0159ed are\u00e1lem budov americk\u00e9ho velvyslanectv\u00ed v Moskv\u011b jako N\u00e1m\u011bst\u00ed Don\u011bck\u00e9 lidov\u00e9 republiky. \u201eNyn\u00ed je diplomatick\u00e1 mise na adrese: Rusk\u00e1 federace, Moskva, Presn\u011bnsk\u00fd raj\u00f3n, n\u00e1m\u011bst\u00ed Don\u011bck\u00e9 lidov\u00e9 republiky, d\u016fm 1, budovy 1-9. D\u0159\u00edv\u011bj\u0161\u00ed adresy str\u00e1nek byly zru\u0161eny,\u201c uvedly v prohl\u00e1\u0161en\u00ed moskevsk\u00e9 \u00fa\u0159ady.<\/strong><\/p>\n<p>S iniciativou pojmenovat n\u00e1m\u011bst\u00ed p\u0159i\u0161li poslanci Moskevsk\u00e9 st\u00e1tn\u00ed dumy. Bylo navr\u017eeno n\u011bkolik jmen, o kter\u00fdch by se mohlo hlasovat na speci\u00e1ln\u00ed platform\u011b \u201eAktivn\u00ed ob\u010dan\u201c. Hlasov\u00e1n\u00ed se z\u00fa\u010dastnilo 278 684 lid\u00ed. V\u00edt\u011bzn\u00fd n\u00e1vrh z\u00edskal 44,69 % hlas\u016f. Druh\u00fd nejobl\u00edben\u011bj\u0161\u00ed n\u00e1vrh byl N\u00e1m\u011bst\u00ed obr\u00e1nc\u016f Donbasu \u2013 z\u00edskal 31,54 % hlas\u016f.<\/p>\n<p>Moskevsk\u00e9 \u00fa\u0159ady ozn\u00e1mily, \u017ee na map\u011b Moskvy se objev\u00ed i n\u00e1zev druh\u00e9 republiky na Donbasu &#8211; Luhansk\u00e1 lidov\u00e1 republika.<\/p>\n<p>P\u0159ipome\u0148me, \u017ee washingtonsk\u00e9 \u00fa\u0159ady v roce 2018 pojmenovaly n\u00e1m\u011bst\u00ed naproti rusk\u00e9 ambas\u00e1d\u011b v USA po Borisi N\u011bmcovovi. Ke zm\u011bn\u011b jm\u00e9na do\u0161lo ke t\u0159et\u00edmu v\u00fdro\u010d\u00ed vra\u017edy tohoto politika.<\/p>\n<p>V roce 2020 tak\u00e9 pra\u017esk\u00e1 radnice po N\u011bmcovovi pojmenovala n\u00e1m\u011bst\u00ed u rusk\u00e9 ambas\u00e1dy. Aby na tuto adresu nedoch\u00e1zela korespondence, velvyslanectv\u00ed zm\u011bnilo adresu pro po\u0161tovn\u00ed slu\u017eby. Za t\u00edmto \u00fa\u010delem si Rusov\u00e9 vybrali sv\u016fj konzul\u00e1t v Praze, kter\u00fd se nach\u00e1z\u00ed v jin\u00e9 ulici. Po zah\u00e1jen\u00ed ozbrojen\u00e9ho konfliktu v Praze byla ulice u rusk\u00e9ho velvyslanectv\u00ed p\u0159ejmenov\u00e1na na Ukrajinsk\u00fdch hrdin\u016f.<\/p>\n<p><img decoding=\"async\" loading=\"lazy\" class=\"alignnone size-full wp-image-1185\" src=\"http:\/\/www.infokuryr.cz\/n\/wp-content\/uploads\/2021\/04\/kuryr-podpis.png\" alt=\"\" width=\"84\" height=\"24\" \/><\/p>\n<p>&nbsp;<\/p>\n","protected":false},"excerpt":{"rendered":"<p>Moskevsk\u00e9 \u00fa\u0159ady ve st\u0159edu ozn\u00e1mily, \u017ee se rozhodly pojmenovat prostranstv\u00ed p\u0159ed are\u00e1lem budov americk\u00e9ho velvyslanectv\u00ed&#8230;<\/p>\n","protected":false},"author":2,"featured_media":1017,"comment_status":"closed","ping_status":"closed","sticky":false,"template":"","format":"standard","meta":[],"categories":[7],"tags":[246,37,1731],"_links":{"self":[{"href":"https:\/\/www.infokuryr.cz\/n\/wp-json\/wp\/v2\/posts\/11795"}],"collection":[{"href":"https:\/\/www.infokuryr.cz\/n\/wp-json\/wp\/v2\/posts"}],"about":[{"href":"https:\/\/www.infokuryr.cz\/n\/wp-json\/wp\/v2\/types\/post"}],"author":[{"embeddable":true,"href":"https:\/\/www.infokuryr.cz\/n\/wp-json\/wp\/v2\/users\/2"}],"replies":[{"embeddable":true,"href":"https:\/\/www.infokuryr.cz\/n\/wp-json\/wp\/v2\/comments?post=11795"}],"version-history":[{"count":0,"href":"https:\/\/www.infokuryr.cz\/n\/wp-json\/wp\/v2\/posts\/11795\/revisions"}],"wp:featuredmedia":[{"embeddable":true,"href":"https:\/\/www.infokuryr.cz\/n\/wp-json\/wp\/v2\/media\/1017"}],"wp:attachment":[{"href":"https:\/\/www.infokuryr.cz\/n\/wp-json\/wp\/v2\/media?parent=11795"}],"wp:term":[{"taxonomy":"category","embeddable":true,"href":"https:\/\/www.infokuryr.cz\/n\/wp-json\/wp\/v2\/categories?post=11795"},{"taxonomy":"post_tag","embeddable":true,"href":"https:\/\/www.infokuryr.cz\/n\/wp-json\/wp\/v2\/tags?post=11795"}],"curies":[{"name":"wp","href":"https:\/\/api.w.org\/{rel}","templated":true}]}}