{"id":11794,"date":"2022-06-24T01:03:16","date_gmt":"2022-06-23T23:03:16","guid":{"rendered":"http:\/\/www.infokuryr.cz\/n\/?p=11794"},"modified":"2022-06-23T19:41:29","modified_gmt":"2022-06-23T17:41:29","slug":"letosni-pocet-trestnych-cinu-vrazdy-v-usa-je-vyssi-nez-lonsky-rok","status":"publish","type":"post","link":"https:\/\/www.infokuryr.cz\/n\/2022\/06\/24\/letosni-pocet-trestnych-cinu-vrazdy-v-usa-je-vyssi-nez-lonsky-rok\/","title":{"rendered":"Leto\u0161n\u00ed po\u010det trestn\u00fdch \u010din\u016f vra\u017edy v USA je vy\u0161\u0161\u00ed ne\u017e lo\u0148sk\u00fd rok"},"content":{"rendered":"<div id=\"fb-root\"><\/div>\n<p>Americk\u00e1 televize Fox News 20. \u010dervna uvedla, \u017ee celkov\u00fd po\u010det trestn\u00fdch \u010din\u016f vra\u017edy v p\u011bti metropol\u00edch &#8211; Los Angeles, Washingtonu, Baltimore, Milwaukee a Atlant\u011b, je letos vy\u0161\u0161\u00ed ne\u017e ve stejn\u00e9m obdob\u00ed v lo\u0148sk\u00e9m roce (2021), \u010d\u00edm\u017e pokra\u010duje trend n\u00e1r\u016fstu trestn\u00e9 \u010dinnosti od roku 2020.<\/p>\n<p>Ve zpr\u00e1v\u011b Fox News se uv\u00e1d\u00ed, \u017ee do 17. \u010dervna leto\u0161n\u00edho roku do\u0161lo v t\u011bchto p\u011bti velk\u00fdch m\u011bstech a\u017e k 572 vra\u017ed\u00e1m. Trend r\u016fstu po\u010dtu trestn\u00fdch \u010din\u016f ve Spojen\u00fdch st\u00e1tech pokra\u010duje od roku 2020. N\u011bkte\u0159\u00ed ameri\u010dt\u00ed odborn\u00edci varuj\u00ed, \u017ee l\u00e9to je obdob\u00edm vysok\u00e9 zlo\u010dinnosti, tak\u017ee \u201enen\u00ed velk\u00e1 nad\u011bje\u201c na zm\u00edrn\u011bn\u00ed trendu rostouc\u00edho n\u00e1sil\u00ed ve velk\u00fdch m\u011bstech. Mnoho odborn\u00edk\u016f se domn\u00edv\u00e1, \u017ee n\u00e1r\u016fst p\u0159\u00edpad\u016f n\u00e1siln\u00e9 trestn\u00e9 \u010dinnosti souvis\u00ed s vypuknut\u00edm epidemie COVID-19 a \u0159adou n\u00e1sledn\u00fdch politik americk\u00e9 vl\u00e1dy. Krom\u011b toho smrt Afroameri\u010dana George Floyda, kter\u00e9ho zabil policista, zp\u016fsobila, \u017ee lid\u00e9 ignoruj\u00ed z\u00e1kony a soci\u00e1ln\u00ed po\u0159\u00e1dek.<\/p>\n<p><img decoding=\"async\" loading=\"lazy\" class=\"alignnone size-full wp-image-1185\" src=\"http:\/\/www.infokuryr.cz\/n\/wp-content\/uploads\/2021\/04\/kuryr-podpis.png\" alt=\"\" width=\"84\" height=\"24\" \/><\/p>\n<p>&nbsp;<\/p>\n","protected":false},"excerpt":{"rendered":"<p>Americk\u00e1 televize Fox News 20. \u010dervna uvedla, \u017ee celkov\u00fd po\u010det trestn\u00fdch \u010din\u016f vra\u017edy v p\u011bti&#8230;<\/p>\n","protected":false},"author":2,"featured_media":9011,"comment_status":"closed","ping_status":"closed","sticky":false,"template":"","format":"standard","meta":[],"categories":[7],"tags":[369,37,1205],"_links":{"self":[{"href":"https:\/\/www.infokuryr.cz\/n\/wp-json\/wp\/v2\/posts\/11794"}],"collection":[{"href":"https:\/\/www.infokuryr.cz\/n\/wp-json\/wp\/v2\/posts"}],"about":[{"href":"https:\/\/www.infokuryr.cz\/n\/wp-json\/wp\/v2\/types\/post"}],"author":[{"embeddable":true,"href":"https:\/\/www.infokuryr.cz\/n\/wp-json\/wp\/v2\/users\/2"}],"replies":[{"embeddable":true,"href":"https:\/\/www.infokuryr.cz\/n\/wp-json\/wp\/v2\/comments?post=11794"}],"version-history":[{"count":0,"href":"https:\/\/www.infokuryr.cz\/n\/wp-json\/wp\/v2\/posts\/11794\/revisions"}],"wp:featuredmedia":[{"embeddable":true,"href":"https:\/\/www.infokuryr.cz\/n\/wp-json\/wp\/v2\/media\/9011"}],"wp:attachment":[{"href":"https:\/\/www.infokuryr.cz\/n\/wp-json\/wp\/v2\/media?parent=11794"}],"wp:term":[{"taxonomy":"category","embeddable":true,"href":"https:\/\/www.infokuryr.cz\/n\/wp-json\/wp\/v2\/categories?post=11794"},{"taxonomy":"post_tag","embeddable":true,"href":"https:\/\/www.infokuryr.cz\/n\/wp-json\/wp\/v2\/tags?post=11794"}],"curies":[{"name":"wp","href":"https:\/\/api.w.org\/{rel}","templated":true}]}}