{"id":1174,"date":"2021-04-27T19:18:53","date_gmt":"2021-04-27T17:18:53","guid":{"rendered":"http:\/\/www.infokuryr.cz\/n\/?p=1174"},"modified":"2021-04-27T19:18:53","modified_gmt":"2021-04-27T17:18:53","slug":"slusna-cr-v-ofsajdu-aneb-jak-vysachovat-sama-sebe","status":"publish","type":"post","link":"https:\/\/www.infokuryr.cz\/n\/2021\/04\/27\/slusna-cr-v-ofsajdu-aneb-jak-vysachovat-sama-sebe\/","title":{"rendered":"\u201eSlu\u0161n\u00e1\u201c \u010cR v ofsajdu aneb jak vy\u0161achovat sama sebe"},"content":{"rendered":"<div id=\"fb-root\"><\/div>\n<p><b>A m\u00e1me to \u010dern\u00e9 na b\u00edl\u00e9m. Jeden ze dvou \u201emotor\u016f EUropy\u201c, N\u011bmecko, pr\u00e1v\u011b prohl\u00e1silo \u00fasty ministra zahrani\u010d\u00ed Maase, \u017ee odm\u00edt\u00e1 \u201akonfronta\u010dn\u00ed \u0159ev\u2018 (Konfrontationsgeschrei) na adresu Ruska, se kter\u00fdm chce m\u00edt EU dobr\u00e9 sousedsk\u00e9 vztahy (1). Ta Evropa, jej\u00ed\u017e \u201esolidarity\u201c se na\u0161\u00ed hrd\u00ed a bod\u0159\u00ed v\u00e1le\u010dn\u00edci dovol\u00e1vali. \u00da\u0159aduj\u00edc\u00ed ministr zahrani\u010d\u00ed to sice adresoval na adresu Zelen\u00fdch, partaje polovzd\u011blan\u00fdch (je zn\u00e1mo, \u017ee jejich v\u016fdci se vyzna\u010duj\u00ed absenc\u00ed ukon\u010den\u00fdch vzd\u011bl\u00e1n\u00ed), strany, kter\u00e1 se m\u016f\u017ee py\u0161nit politick\u00fdm kotrmelcem od pacifismu k militarizmu, od antiamerikanizmu k americk\u00e9mu pudl\u00edkovi, od ekologie k zelen\u011b nat\u0159en\u00e9mu neoliberalizmu.<\/b><\/p>\n<p>Nicm\u00e9n\u011b na\u0161\u00edm t\u00e9matem v tomto okam\u017eiku nejsou n\u011bme\u010dt\u00ed Zelen\u00ed a jejich rusof\u00f3bn\u00ed veden\u00ed, n\u00fdbr\u017e hrdinn\u00e1 \u010desk\u00e1 vl\u00e1da a je\u0161t\u011b hrdinn\u011bj\u0161\u00ed \u201eslu\u0161n\u00e1\u201c opozice, kter\u00fdm se poda\u0159il\u00a0<b>historick\u00fd kousek, nemaj\u00edc\u00ed v d\u011bjin\u00e1ch \u010desk\u00fdch, \u010deskoslovensk\u00fdch i evropsk\u00fdch obdobu:<\/b>\u00a0b\u011bhem dvou dn\u016f od\u0159\u00edznout \u010cesko od dod\u00e1vky a mo\u017en\u00e1 i v\u00fdroby rusk\u00e9 vakc\u00edny, poh\u0159b\u00edt nebo p\u0159edra\u017eit Dukovany, zdecimovat diplomatick\u00e9 styky a z\u0159ejm\u011b i obchod s Ruskem, \u010deho\u017e dozajista, jako poka\u017ed\u00e9 v cel\u00e9 \u201eslavn\u00e9\u201c polistopadov\u00e9 historii, vyu\u017eij\u00ed \u201e(ne)solid\u00e1rn\u00ed spojenci\u201c, mo\u017en\u00e1 v\u010detn\u011b chytr\u00fdch a na rozd\u00edl od \u010cech\u016f v\u016fbec ne naivn\u00edch Pol\u00e1k\u016f.<\/p>\n<p>Za blbost se plat\u00ed a za naivn\u00ed, bezduchou nabub\u0159elost, se kterou jsme to Rus\u016fm \u201enandali\u201c, dvojn\u00e1sob. Po\u0159v\u00e1vat na Rusko v domn\u011bn\u00ed, \u017ee m\u00e1m kryt\u00e1 z\u00e1da Spojen\u00fdmi st\u00e1ty a Evropskou uni\u00ed, nen\u00ed hrdinstv\u00ed, ale sebe klamn\u00e1 fra\u0161ka, nehled\u011b na to, \u017ee skute\u010dn\u00e1 hrdost vypad\u00e1 jinak ne\u017e jak ji prezentuj\u00ed na\u0161i euroatlantici z americk\u00e9ho kone\u010dn\u00edku. N\u00e1rodn\u00ed hrdost najdeme nejen v na\u0161ich d\u011bjin\u00e1ch, ale i nyn\u00ed, ale rozhodn\u011b ne u t\u011bch, kte\u0159\u00ed t\u0159icet let po \u201esametu\u201c maj\u00ed pot\u0159ebu bourat pomn\u00edky osvoboditel\u016f a stav\u011bt nov\u00e9 skanzeny Rakousko-uhersk\u00e9 monarchie. Kdo chce b\u00fdt skute\u010dn\u011b hrd\u00fd, ten se hned druh\u00fd den hlasit\u011b nedovol\u00e1v\u00e1 \u201esolidarity spojenc\u016f\u201c.<\/p>\n<p>Nikoliv k\u0159iklouni z \u0159ad frakce \u201eslu\u0161n\u00fdch\u201c amat\u00e9r\u016f, ale\u00a0<b>Prezident Zeman uk\u00e1zal, \u017ee m\u00e1 st\u00e1tnick\u00e9ho ducha a smysl pro pr\u00e1vo a diplomacii.<\/b>\u00a0Vl\u00e1da a sn\u00ed spojen\u00e1 \u201eopozice\u201c, kter\u00e9 pop\u0159ely zdrav\u00fd rozum i nejz\u00e1kladn\u011bj\u0161\u00ed pravidla pr\u00e1vn\u00edho st\u00e1tu a mezin\u00e1rodn\u00ed diplomacie, kter\u00e1\u00a0<b>presumpci viny<\/b>\u00a0vyzdvihne k z\u00e1kladn\u00ed, nav\u00edc jednosm\u011brn\u00e9 metod\u011b diplomatick\u00e9ho jedn\u00e1n\u00ed v kl\u00ed\u010dov\u00fdch zahrani\u010dn\u011b politick\u00fdch vztaz\u00edch, kter\u00e9 skrze sv\u00e9 amat\u00e9rsk\u00e9, naivn\u00ed a arogantn\u00ed jedn\u00e1n\u00ed po\u0161kod\u00ed st\u00e1t, poru\u0161ily \u00fastavn\u00ed slib a m\u011bly by n\u00e9st politicko-pr\u00e1vn\u00ed n\u00e1sledky, zodpov\u011bdn\u00e9 osoby za ekonomick\u00e9 po\u0161kozen\u00ed st\u00e1tu na soudn\u00ed lavici. Ale to by musel pr\u00e1vn\u00ed st\u00e1t skute\u010dn\u011b fungovat\u2026 .<\/p>\n<p>Premi\u00e9r Babi\u0161 se do t\u00e9to hry (cit\u00e1t)\u00a0<i><b>\u201ejednozna\u010dn\u00fdch d\u016fkaz\u016f.. a.. d\u016fvodn\u00e9 podez\u0159en\u00ed\u201c<\/b><\/i>\u00a0nechal zat\u00e1hnout. Jak\u00e9 tlaky to zp\u016fsobily a co ho vedlo k tak katastrofick\u00e9mu obsazen\u00ed ministerstva zahrani\u010d\u00ed a pr\u016fmyslu mus\u00ed v\u011bd\u011bt on s\u00e1m. Mo\u017en\u00e1 p\u0159itom m\u011bl na pam\u011bti osud Petra Kellnera, kdo v\u00ed\u2026 . Ministr Havl\u00ed\u010dek by za jeho rozhodnut\u00ed m\u011bl b\u00fdt okam\u017eit\u011b odvol\u00e1n z m\u00edsta a opozic\u00ed popohn\u00e1n p\u0159ed vy\u0161et\u0159ovac\u00ed komisi, kdyby opozice byla opozic\u00ed h\u00e1j\u00edc\u00ed pr\u00e1vo a vlastn\u00ed st\u00e1t a ne agendou ciz\u00edch z\u00e1jm\u016f. Faktem z\u016fst\u00e1v\u00e1, \u017ee mohl vej\u00edt do historie jako premi\u00e9r, kter\u00fd se nenechal zlomit a dohnat k tomu, aby se stal subjektem tohoto trapn\u00e9ho divadla \u2013 po pevn\u00e9 pozici v kauze tzv. uprchlick\u00fdch kv\u00f3t a racion\u00e1ln\u00edmu p\u0159\u00edstupu ke klimatick\u00e9 ot\u00e1zce na to m\u011bl. Sputnik V byl na dosah, Rosatom bylo jedin\u00e9 logick\u00e9, racion\u00e1ln\u00ed \u0159e\u0161en\u00ed pro Dukovany. Snad jedin\u011b \u010cesk\u00e1 republika je schopna sama sob\u011b a dobrovoln\u011b kopat ekonomick\u00fd hrob a dobrovoln\u011b sestoupit na \u00farove\u0148 tzv. rozvojov\u00fdch zem\u00ed.<\/p>\n<p>A tzv. opozice plus Sen\u00e1t? Pokud ciz\u00ed velvyslanectv\u00ed podaly hl\u00e1\u0161en\u00ed sv\u00fdm vl\u00e1d\u00e1m, co se u n\u00e1s d\u011bje a \u017ee \u010cesko stoj\u00ed bezm\u00e1la na pokraji invaze do Ruska, nen\u00ed se co divit, \u017ee n\u011bmeck\u00fd ministr pr\u00e1v\u011b v t\u011bchto dnech vys\u00edl\u00e1 sign\u00e1l do \u010desk\u00e9 kotliny, provincie nezadr\u017eiteln\u011b upadaj\u00edc\u00ed do bezv\u00fdznamnosti. Nikdo v Evrop\u011b, kdo pracuje profesion\u00e1ln\u011b nebo alespo\u0148 pomoc\u00ed zdrav\u00e9ho rozumu, nemohl br\u00e1t \u201eruskou stopu\u201c ve Vrb\u011btic\u00edch v\u00e1\u017en\u011b. Dva agenti, kte\u0159\u00ed zpackaj\u00ed akci v \u010cesku, jsou posl\u00e1ni do Salisbury na Skripala a proto\u017ee i tam zanechaj\u00ed stopy jak slon v p\u00edsku dostanou od Putina vyznamen\u00e1n\u00ed? Solidarita by v tomto p\u0159\u00edpad\u011b znamenala ud\u011blat ze sebe spolu s Prahou ka\u0161para \u2013 skute\u010dn\u011b to n\u00e1\u0161 tragikomick\u00fd (ne)politick\u00fd soubor o\u010dek\u00e1val?<\/p>\n<p>Pra\u017esk\u00fd kav\u00e1rensk\u00fd cirkus demonstruje skute\u010dnost, \u017ee sou\u010dasn\u00e1 politick\u00e1 \u201ereprezentace\u201c, jedno zda vl\u00e1da nebo opozice s v\u00fdjimkou KS\u010cM a SPD, nem\u00e1 o diplomacii ani pon\u011bt\u00ed. Jinak by musela v\u011bd\u011bt, \u017ee solidarita EU, o kterou tak dojemn\u011b \u017eebrala, m\u00e1 sv\u00e9 meze tam, kde za\u010d\u00ednaj\u00ed jej\u00ed ekonomick\u00e9 z\u00e1jmy. A \u017ee ti, kte\u0159\u00ed maj\u00ed velkou hubu a m\u00e1lo rozumu, mus\u00ed za\u017e\u00edt lekci, kter\u00e1 jim to p\u0159ipomene. Bohu\u017eel na \u00fakor p\u0159\u00ed\u0161t\u00edch generac\u00ed, kter\u00fdm to ale o\u010dividn\u011b nedoch\u00e1z\u00ed.<\/p>\n<p>(1)\u00a0<a href=\"https:\/\/www.msn.com\/de-de\/nachrichten\/politik\/maas-warnt-vor-konfrontationsgeschrei-gegen-russland\/ar-BB1g2lvx?ocid=msedgntp\">https:\/\/www.msn.com\/de-de\/nachrichten\/politik\/maas-warnt-vor-konfrontationsgeschrei-gegen-russland\/ar-BB1g2lvx?ocid=msedgntp<\/a><\/p>\n<p><a href=\"http:\/\/www.novarepublika.cz\/2021\/04\/slusna-cr-v-ofsajdu-aneb-jak-vysachovat.html\">Petr Schnur<\/a><\/p>\n<p>&nbsp;<\/p>\n","protected":false},"excerpt":{"rendered":"<p>A m\u00e1me to \u010dern\u00e9 na b\u00edl\u00e9m. Jeden ze dvou \u201emotor\u016f EUropy\u201c, N\u011bmecko, pr\u00e1v\u011b prohl\u00e1silo \u00fasty&#8230;<\/p>\n","protected":false},"author":2,"featured_media":1175,"comment_status":"closed","ping_status":"closed","sticky":false,"template":"","format":"standard","meta":[],"categories":[6],"tags":[76,41,29,84,49,22,145,185],"_links":{"self":[{"href":"https:\/\/www.infokuryr.cz\/n\/wp-json\/wp\/v2\/posts\/1174"}],"collection":[{"href":"https:\/\/www.infokuryr.cz\/n\/wp-json\/wp\/v2\/posts"}],"about":[{"href":"https:\/\/www.infokuryr.cz\/n\/wp-json\/wp\/v2\/types\/post"}],"author":[{"embeddable":true,"href":"https:\/\/www.infokuryr.cz\/n\/wp-json\/wp\/v2\/users\/2"}],"replies":[{"embeddable":true,"href":"https:\/\/www.infokuryr.cz\/n\/wp-json\/wp\/v2\/comments?post=1174"}],"version-history":[{"count":0,"href":"https:\/\/www.infokuryr.cz\/n\/wp-json\/wp\/v2\/posts\/1174\/revisions"}],"wp:featuredmedia":[{"embeddable":true,"href":"https:\/\/www.infokuryr.cz\/n\/wp-json\/wp\/v2\/media\/1175"}],"wp:attachment":[{"href":"https:\/\/www.infokuryr.cz\/n\/wp-json\/wp\/v2\/media?parent=1174"}],"wp:term":[{"taxonomy":"category","embeddable":true,"href":"https:\/\/www.infokuryr.cz\/n\/wp-json\/wp\/v2\/categories?post=1174"},{"taxonomy":"post_tag","embeddable":true,"href":"https:\/\/www.infokuryr.cz\/n\/wp-json\/wp\/v2\/tags?post=1174"}],"curies":[{"name":"wp","href":"https:\/\/api.w.org\/{rel}","templated":true}]}}