{"id":11722,"date":"2022-06-21T01:05:38","date_gmt":"2022-06-20T23:05:38","guid":{"rendered":"http:\/\/www.infokuryr.cz\/n\/?p=11722"},"modified":"2022-06-20T16:47:32","modified_gmt":"2022-06-20T14:47:32","slug":"europoslanec-varuje-pred-evropskou-digitalni-identitou-to-nesmime-dovolit","status":"publish","type":"post","link":"https:\/\/www.infokuryr.cz\/n\/2022\/06\/21\/europoslanec-varuje-pred-evropskou-digitalni-identitou-to-nesmime-dovolit\/","title":{"rendered":"Europoslanec varuje p\u0159ed evropskou digit\u00e1ln\u00ed identitou: &#8222;To nesm\u00edme dovolit&#8220;"},"content":{"rendered":"<div id=\"fb-root\"><\/div>\n<div class=\"elementor-element elementor-element-1fb4c2c elementor-widget elementor-widget-theme-post-content\" data-id=\"1fb4c2c\" data-element_type=\"widget\" data-widget_type=\"theme-post-content.default\">\n<div class=\"elementor-widget-container\">\n<p><strong>Europoslanec Rob Roos (JA21) je velmi znepokojen evropskou digit\u00e1ln\u00ed identitou.\u00a0Na prvn\u00ed pohled to vypad\u00e1 jako praktick\u00fd n\u00e1stroj, ale nese to velk\u00e1 rizika, \u0159ekl v Evropsk\u00e9m parlamentu.<\/strong><\/p>\n<p><span>\u201eMnoho nasv\u011bd\u010duje tomu, \u017ee e-ID bude nakonec zneu\u017eito.\u00a0Rizikem je, \u017ee spole\u010dnosti a vl\u00e1dy maj\u00ed p\u0159\u00edstup k v\u011bt\u0161\u00edmu mno\u017estv\u00ed osobn\u00edch \u00fadaj\u016f, ne\u017e si zaslou\u017e\u00ed,\u201c \u0159ekl Roos.<\/span><\/p>\n<p><span>\u201eBez sd\u00edlen\u00ed t\u011bchto dat u\u017e najednou nem\u00e1te p\u0159\u00edstup k podstatn\u00fdm \u010d\u00e1stem spole\u010dnosti,\u201c varoval poslanec.\u00a0\u201eTo sam\u00e9 bylo s pasem Covid.\u00a0Je to hrozn\u00e9.\u00a0U\u017e nikdy nechci, aby byli lid\u00e9 takto vylou\u010deni.<\/span><\/p>\n<p><span>Ob\u00e1v\u00e1m se, \u017ee pou\u017e\u00edv\u00e1n\u00ed e-ID v \u017e\u00e1dn\u00e9m p\u0159\u00edpad\u011b nez\u016fstane dobrovoln\u00e9.\u00a0Online anonymita zmiz\u00ed a ob\u010dan\u00e9 si ji\u017e nebudou moci vybrat, jak\u00e9 informace cht\u011bj\u00ed sd\u00edlet.\u00a0V dodatku 9 ji\u017e vid\u00edme z\u00e1klady tohoto syst\u00e9mu: v\u0161echny transakce u\u017eivatele by se podle Roose ve v\u00fdchoz\u00edm nastaven\u00ed ukl\u00e1daly.<\/span><\/p>\n<p><span>Pak n\u00e1s d\u011bl\u00ed jen jeden krok od osobn\u00edho rozpo\u010dtu na CO2.\u00a0Tato infrastruktura bude brzy zavedena.\u00a0To nesm\u00edme dovolit, zd\u016fraznil.<\/span><\/p>\n<div class=\"twitter-tweet twitter-tweet-rendered\"><iframe id=\"twitter-widget-0\" class=\"\" title=\"Twitter tweet\" src=\"https:\/\/platform.twitter.com\/embed\/Tweet.html?creatorScreenName=uncutnewsCH&amp;dnt=false&amp;embedId=twitter-widget-0&amp;features=eyJ0ZndfZXhwZXJpbWVudHNfY29va2llX2V4cGlyYXRpb24iOnsiYnVja2V0IjoxMjA5NjAwLCJ2ZXJzaW9uIjpudWxsfSwidGZ3X3JlZnNyY19zZXNzaW9uIjp7ImJ1Y2tldCI6Im9mZiIsInZlcnNpb24iOm51bGx9LCJ0Zndfc2Vuc2l0aXZlX21lZGlhX2ludGVyc3RpdGlhbF8xMzk2MyI6eyJidWNrZXQiOiJpbnRlcnN0aXRpYWwiLCJ2ZXJzaW9uIjpudWxsfSwidGZ3X3R3ZWV0X3Jlc3VsdF9taWdyYXRpb25fMTM5NzkiOnsiYnVja2V0IjoidHdlZXRfcmVzdWx0IiwidmVyc2lvbiI6bnVsbH19&amp;frame=false&amp;hideCard=false&amp;hideThread=false&amp;id=1537781678374064130&amp;lang=de&amp;origin=https%3A%2F%2Funcutnews.ch%2Feuropaabgeordneter-warnt-vor-europaeischer-digitaler-identitaet-wir-duerfen-das-nicht-zulassen%2F&amp;sessionId=4ca1af649a7176b07f9dd4448d9a4e25b4e340cf&amp;theme=light&amp;widgetsVersion=b45a03c79d4c1%3A1654150928467&amp;width=550px\" frameborder=\"0\" scrolling=\"no\" allowfullscreen=\"allowfullscreen\" data-tweet-id=\"1537781678374064130\" data-mce-fragment=\"1\"><\/iframe><\/div>\n<div><\/div>\n<\/div>\n<\/div>\n<div class=\"elementor-element elementor-element-46a8472 elementor-grid-3 elementor-grid-tablet-2 elementor-grid-mobile-1 elementor-posts--thumbnail-top elementor-widget elementor-widget-posts\" data-id=\"46a8472\" data-element_type=\"widget\" data-settings=\"{&quot;classic_row_gap&quot;:{&quot;unit&quot;:&quot;px&quot;,&quot;size&quot;:25,&quot;sizes&quot;:[]},&quot;classic_columns&quot;:&quot;3&quot;,&quot;classic_columns_tablet&quot;:&quot;2&quot;,&quot;classic_columns_mobile&quot;:&quot;1&quot;,&quot;classic_row_gap_tablet&quot;:{&quot;unit&quot;:&quot;px&quot;,&quot;size&quot;:&quot;&quot;,&quot;sizes&quot;:[]},&quot;classic_row_gap_mobile&quot;:{&quot;unit&quot;:&quot;px&quot;,&quot;size&quot;:&quot;&quot;,&quot;sizes&quot;:[]}}\" data-widget_type=\"posts.classic\">\n<div class=\"elementor-widget-container\">\n<div class=\"elementor-posts-container elementor-posts elementor-posts--skin-classic elementor-grid elementor-has-item-ratio\"><img decoding=\"async\" loading=\"lazy\" class=\"alignnone size-full wp-image-1185\" src=\"http:\/\/www.infokuryr.cz\/n\/wp-content\/uploads\/2021\/04\/kuryr-podpis.png\" alt=\"\" width=\"84\" height=\"24\" \/><\/div>\n<div><\/div>\n<\/div>\n<\/div>\n","protected":false},"excerpt":{"rendered":"<p>Europoslanec Rob Roos (JA21) je velmi znepokojen evropskou digit\u00e1ln\u00ed identitou.\u00a0Na prvn\u00ed pohled to vypad\u00e1 jako&#8230;<\/p>\n","protected":false},"author":2,"featured_media":1810,"comment_status":"closed","ping_status":"closed","sticky":false,"template":"","format":"standard","meta":[],"categories":[7],"tags":[341,41,2195,48],"_links":{"self":[{"href":"https:\/\/www.infokuryr.cz\/n\/wp-json\/wp\/v2\/posts\/11722"}],"collection":[{"href":"https:\/\/www.infokuryr.cz\/n\/wp-json\/wp\/v2\/posts"}],"about":[{"href":"https:\/\/www.infokuryr.cz\/n\/wp-json\/wp\/v2\/types\/post"}],"author":[{"embeddable":true,"href":"https:\/\/www.infokuryr.cz\/n\/wp-json\/wp\/v2\/users\/2"}],"replies":[{"embeddable":true,"href":"https:\/\/www.infokuryr.cz\/n\/wp-json\/wp\/v2\/comments?post=11722"}],"version-history":[{"count":0,"href":"https:\/\/www.infokuryr.cz\/n\/wp-json\/wp\/v2\/posts\/11722\/revisions"}],"wp:featuredmedia":[{"embeddable":true,"href":"https:\/\/www.infokuryr.cz\/n\/wp-json\/wp\/v2\/media\/1810"}],"wp:attachment":[{"href":"https:\/\/www.infokuryr.cz\/n\/wp-json\/wp\/v2\/media?parent=11722"}],"wp:term":[{"taxonomy":"category","embeddable":true,"href":"https:\/\/www.infokuryr.cz\/n\/wp-json\/wp\/v2\/categories?post=11722"},{"taxonomy":"post_tag","embeddable":true,"href":"https:\/\/www.infokuryr.cz\/n\/wp-json\/wp\/v2\/tags?post=11722"}],"curies":[{"name":"wp","href":"https:\/\/api.w.org\/{rel}","templated":true}]}}