{"id":11717,"date":"2022-06-21T00:59:44","date_gmt":"2022-06-20T22:59:44","guid":{"rendered":"http:\/\/www.infokuryr.cz\/n\/?p=11717"},"modified":"2022-06-20T16:21:44","modified_gmt":"2022-06-20T14:21:44","slug":"jiri-paroubek-hlavy-padaji-jako-makovice","status":"publish","type":"post","link":"https:\/\/www.infokuryr.cz\/n\/2022\/06\/21\/jiri-paroubek-hlavy-padaji-jako-makovice\/","title":{"rendered":"Ji\u0159\u00ed Paroubek: Hlavy padaj\u00ed jako makovice\u2026"},"content":{"rendered":"<div id=\"fb-root\"><\/div>\n<p><strong>\u2026 anebo je\u0161t\u011b jinak, jak to \u0159ekl Friedrich Schiller v jedn\u00e9 ze sv\u00fdch skv\u011bl\u00fdch her: \u201eKdy\u017e padne pl\u00e1\u0161\u0165, mus\u00ed za n\u00edm i v\u00e9voda\u201c. V\u0161ichni m\u00e1me je\u0161t\u011b v dobr\u00e9 pam\u011bti v\u0161echna protikorup\u010dn\u00ed hesla hnut\u00ed STAN p\u0159ed volbami do Poslaneck\u00e9 sn\u011bmovny. Zejm\u00e9na mn\u011b utkv\u011bl v pam\u011bti jeden z kr\u00e1sn\u00fdch billboard\u016f hnut\u00ed STAN, jemu\u017e vedle tv\u00e1\u0159e p\u0159edsedy hnut\u00ed Raku\u0161ana v\u00e9vodil slogan: \u201eNelhat, nekr\u00e1st, ne\u0161vindlovat\u201c.<\/strong><\/p>\n<p>Od voleb do sn\u011bmovny se ov\u0161em obraz hnut\u00ed STAN v o\u010d\u00edch ve\u0159ejnosti naprosto zm\u011bnil. Ji\u017e t\u011bsn\u011b po volb\u00e1ch se objevily opr\u00e1vn\u011bn\u00e9 obavy o st\u0159et z\u00e1jm\u016f a p\u0159\u00edpadn\u011b i o pran\u00ed \u0161pinav\u00fdch pen\u011bz v souvislosti s osobou nejv\u00e1\u017en\u011bj\u0161\u00edho kandid\u00e1ta STAN na funkci ministra pr\u016fmyslu Michalika (m\u00edstop\u0159edsedy hnut\u00ed). Pak p\u0159i\u0161el europoslanec a tehdej\u0161\u00ed m\u00edstop\u0159edseda Pol\u010d\u00e1k se sv\u00fdmi nehor\u00e1zn\u00fdmi po\u017eadavky odm\u011bn od starost\u016f v okol\u00ed Vrb\u011btic za uskute\u010dn\u011bn\u00e9 pr\u00e1vn\u00ed a de facto lobbistick\u00e9 slu\u017eby. Do toho v\u0161eho si cht\u011bl je\u0161t\u011b dal\u0161\u00ed m\u00edstop\u0159edseda STAN Farsk\u00fd ud\u011blat placeny v\u00fdlet na univerzitu do USA a d\u00e1t si p\u0159itom dovolenou od pr\u00e1ce ve sn\u011bmovn\u011b.<\/p>\n<p>V minul\u00e9m t\u00fddnu policie odvedla v \u201eklepetech\u201c p\u0159\u00edmo z Magistr\u00e1tu v\u00fdznamn\u00e9ho exponenta hnut\u00ed STAN, n\u00e1m\u011bstka prim\u00e1tora Prahy, Hlubu\u010dka, a to v souvislosti s kauzou korupce v pra\u017esk\u00e9m Dopravn\u00edm podniku. Ji\u017e v tom okam\u017eiku se za\u010dalo spekulovat, \u017ee \u0159\u00edd\u00edc\u00edm d\u016fstojn\u00edkem Hlubu\u010dka je zl\u00ednsk\u00fd podnikatel R\u00e9dl, kter\u00fd byl v minulosti odsouzen za spolupr\u00e1ci s uprchl\u00fdm R. Krej\u010d\u00ed\u0159em. V\u011bzen\u00ed se ale vyhnul a to d\u00edky l\u00e9ka\u0159sk\u00e9mu posudku o du\u0161evn\u00ed nemoci, podle n\u011bj\u017e nem\u011bl b\u00fdt R\u00e9dl schopen ch\u00e1pat pr\u016fb\u011bh vy\u0161et\u0159ov\u00e1n\u00ed. Ob\u00e1v\u00e1m se, \u017ee podobnou \u0161ar\u00e1du budeme muset od R\u00e9dla a jeho advok\u00e1t\u016f strp\u011bt i tentokr\u00e1t. Ale to, co provedl, sv\u011bd\u010d\u00ed o tom, \u017ee m\u00e1 v\u0161ech p\u011bt pohromad\u011b.<\/p>\n<p>V s\u00edt\u00edch tohoto capo di tutti capi uv\u00edzl, jak se uk\u00e1zalo, tak\u00e9 s\u00e1m ministr \u0161kolstv\u00ed, Hurv\u00ednek \u010desk\u00e9 politiky, ale tak\u00e9 m\u00edstop\u0159edseda STAN, to v\u0161e v jedn\u00e9 osob\u011b, Petr Gazd\u00edk. Po p\u0159\u00edvalu ud\u00e1lost\u00ed, kter\u00e9 se p\u0159ehnaly b\u011bhem n\u011bkolika des\u00edtek hodin, tento kl\u00ed\u010dov\u00fd mu\u017e hnut\u00ed STAN ode\u0161el z pozice ministra \u0161kolstv\u00ed. Je to spr\u00e1vn\u00e9 rozhodnut\u00ed.<\/p>\n<p>Pokud ov\u0161em byla p\u0159\u00edjemcem pen\u011bz od R\u00e9dlovy zlo\u010dineck\u00e9 skupiny cel\u00e1 vl\u00e1dn\u00ed politick\u00e1 strana STAN, je to siln\u00e1 k\u00e1va. Nejen, \u017ee by pen\u00edze m\u011bl STAN okam\u017eit\u011b vr\u00e1tit, nejl\u00e9pe pak v\u011bnovat nap\u0159. \u00fatulku pro chud\u00e9 d\u011bti anebo n\u011bjak\u00fdm azylov\u00fdm dom\u016fm pro chud\u00e9 matky s d\u011btmi. Proto\u017ee pr\u00e1v\u011b situace t\u011bchto lid\u00ed hnut\u00ed STAN, ani celou vl\u00e1du zbla nezaj\u00edmaly.<\/p>\n<p>Ale to je jen nam\u00e1tkou jedna ze soci\u00e1ln\u00edch skupin a vrstev \u010desk\u00e9 spole\u010dnosti, posti\u017een\u00e9 asoci\u00e1ln\u00ed politikou t\u00e9to vl\u00e1dy.<\/p>\n<p>Hlubu\u010dkova kauza m\u00e1 ov\u0161em mnohem hlub\u0161\u00ed dopad. R\u00e9dl byl \u0161ibal v\u0161ech \u0161ibal\u016f, a jak se ukazuje, byl vlastn\u011b ve velmi p\u0159\u00e1telsk\u00fdch vztaz\u00edch, a to ve form\u011b osobn\u00edho p\u0159\u00e1telstv\u00ed, s Petrem Gazd\u00edkem. Telefonovali si p\u0159es \u0161ifrovan\u00fd telefonn\u00ed p\u0159\u00edstroj, jezdili spolu na dovolen\u00e9. Copak si asi oba chlapci mezi sebou po telefonu \u0161pitali? Asi to nebylo nic hezk\u00e9ho, kdy\u017e to skr\u00fdvali p\u0159ed nahr\u00e1v\u00e1n\u00edm ze strany \u010desk\u00e9 policie, o n\u011bm\u017e mohli tu\u0161it, \u017ee k n\u011bmu doch\u00e1z\u00ed.<\/p>\n<p><strong>Raku\u0161an, nyn\u00ed kl\u00ed\u010dov\u00e1 figura vl\u00e1dy<\/strong><\/p>\n<p>Z logiky v\u011bci, pokud s ostudou ode\u0161li z politiky v\u0161ichni jeho nejbli\u017e\u0161\u00ed kolegov\u00e9, m\u00edstop\u0159edsedov\u00e9 strany kolem n\u011bj (Michalik, Farsk\u00fd, Pol\u010d\u00e1k a nyn\u00ed jako hauptrefa, ministr Gazd\u00edk), Raku\u0161an vlastn\u011b ve veden\u00ed osi\u0159el.<\/p>\n<p>Kdyby v\u011bd\u011bl jen o desetin\u011b lump\u00e1ren, kter\u00e9 se kolem n\u011bj d\u011bly v posledn\u00edch m\u011bs\u00edc\u00edch (a jako p\u0159edseda strany to nemohl nev\u011bd\u011bt), m\u011bl by za\u010d\u00edt h\u00e1zet \u201e\u00c1\u010dka\u201c na sv\u00e9m ministerstvu vnitra a\u017e do t\u00e9 doby, dokud ho p\u0159edseda vl\u00e1dy nevyhod\u00ed. Ale proto\u017ee s Gazd\u00edkem a s Raku\u0161anem by ode\u0161la ve\u0161ker\u00e1 legitimita hnut\u00ed STAN, musela by tato strana \u0161ibal\u016f pro naprostou mor\u00e1ln\u00ed zch\u00e1tralost odej\u00edt z vl\u00e1dy. A pokud by ode\u0161la z vl\u00e1dy, vl\u00e1da by p\u0159estala na b\u00e1zi p\u011btikoalice fungovat.<\/p>\n<p>Je to smutn\u00fd za\u010d\u00e1tek evropsk\u00e9ho p\u0159edsednictv\u00ed, kdy se p\u0159\u00edb\u011bh pravicov\u00e9 koalice opakuje. Je to d\u00e9ja vu po necel\u00fdch \u010dtrn\u00e1cti letech.<\/p>\n<p>V ka\u017ed\u00e9m p\u0159\u00edpad\u011b je to pro Fialovu vl\u00e1du blesk z \u010dist\u00e9ho nebe. M\u016f\u017eeme o\u010dek\u00e1vat, \u017ee v dal\u0161\u00edch dnech a t\u00fddnech p\u0159ijdou je\u0161t\u011b dal\u0161\u00ed \u201ehezk\u00e1\u201c zji\u0161t\u011bn\u00ed ze strany policie.<\/p>\n<p><strong>U n\u00e1s se v\u0161echno vykec\u00e1<\/strong><\/p>\n<p>To, co se tentokr\u00e1t objevilo v m\u00e9di\u00edch po zat\u00fdk\u00e1n\u00ed na pra\u017esk\u00e9m Magistr\u00e1tu a kolem n\u011bj, je vlastn\u011b podle podobn\u00e9ho algoritmu, jako kdykoliv p\u0159edt\u00edm, tedy p\u0159i p\u0159edchoz\u00edch v\u011bt\u0161\u00edch kauz\u00e1ch. Ka\u017edou z t\u011bch velk\u00fdch, krimin\u00e1ln\u011b politick\u00fdch kauz v ned\u00e1vn\u00e9 minulosti \u0159e\u0161il sice jin\u00fd policejn\u00ed t\u00fdm, ale \u00faniky informac\u00ed z vy\u0161et\u0159ovac\u00edho spisu byly \u00fapln\u011b stejn\u00e9. Nechutnosti na druhou. Nev\u00edm, pro\u010d je je\u0161t\u011b pot\u0159eba dokazovat mor\u00e1ln\u00ed zch\u00e1tralost obvin\u011bn\u00fdch n\u011bjak\u00fdmi dal\u0161\u00edmi &#8222;delikatesami&#8220; do d\u00e1msk\u00fdch intimn\u00edch parti\u00ed.<\/p>\n<p>Mysl\u00edm, \u017ee vrchn\u00ed st\u00e1tn\u00ed zastupitelstv\u00ed by se kone\u010dn\u011b celou v\u011bc\u00ed \u00fanik\u016f z policejn\u00edch spis\u016f m\u011blo s plnou v\u00e1\u017enost\u00ed zab\u00fdvat. Nejen form\u00e1ln\u011b zab\u00fdvat a zjistit po p\u00e1r t\u00fddnech, \u017ee se nic nezjistilo, ale navrhnout postihy t\u011bch osob, kter\u00e9 p\u0159i\u0161ly do styku s policejn\u00edm spisem. To p\u0159eci nen\u00ed cel\u00fd policejn\u00ed \u00fatvar nebo cel\u00e9 policejn\u00ed \u0159editelstv\u00ed. To je n\u011bkolik policist\u016f, kte\u0159\u00ed z\u0159ejm\u011b cht\u011bj\u00ed nechutnou vulgaritou obvin\u011bn\u00fdch ohromit spole\u010dnost a nasm\u011brovat ji proti obvin\u011bn\u00fdm. O tom, zda obvin\u011bn\u00ed jsou lumpov\u00e9, by m\u011bl ale v pr\u00e1vn\u00edm st\u00e1t\u011b v\u017edy rozhodovat nez\u00e1visl\u00fd soud a ne ulice, kter\u00e9 se p\u0159edhazuj\u00ed lascivnosti na vrub obvin\u011bn\u00fdch.<\/p>\n<p><a href=\"http:\/\/vasevec.parlamentnilisty.cz\/domaci-politika\/hlavy-padaji-jako-makovice\">Ji\u0159\u00ed Paroubek<\/a><\/p>\n<p><img decoding=\"async\" loading=\"lazy\" class=\"alignnone size-medium wp-image-2342\" src=\"http:\/\/www.infokuryr.cz\/n\/wp-content\/uploads\/2021\/06\/paroubek-300x208.jpg\" alt=\"\" width=\"300\" height=\"208\" srcset=\"https:\/\/www.infokuryr.cz\/n\/wp-content\/uploads\/2021\/06\/paroubek-300x208.jpg 300w, https:\/\/www.infokuryr.cz\/n\/wp-content\/uploads\/2021\/06\/paroubek.jpg 318w\" sizes=\"(max-width: 300px) 100vw, 300px\" \/><\/p>\n","protected":false},"excerpt":{"rendered":"<p>\u2026 anebo je\u0161t\u011b jinak, jak to \u0159ekl Friedrich Schiller v jedn\u00e9 ze sv\u00fdch skv\u011bl\u00fdch her:&#8230;<\/p>\n","protected":false},"author":2,"featured_media":8694,"comment_status":"closed","ping_status":"closed","sticky":false,"template":"","format":"standard","meta":[],"categories":[6],"tags":[29,122,2630,424,99],"_links":{"self":[{"href":"https:\/\/www.infokuryr.cz\/n\/wp-json\/wp\/v2\/posts\/11717"}],"collection":[{"href":"https:\/\/www.infokuryr.cz\/n\/wp-json\/wp\/v2\/posts"}],"about":[{"href":"https:\/\/www.infokuryr.cz\/n\/wp-json\/wp\/v2\/types\/post"}],"author":[{"embeddable":true,"href":"https:\/\/www.infokuryr.cz\/n\/wp-json\/wp\/v2\/users\/2"}],"replies":[{"embeddable":true,"href":"https:\/\/www.infokuryr.cz\/n\/wp-json\/wp\/v2\/comments?post=11717"}],"version-history":[{"count":0,"href":"https:\/\/www.infokuryr.cz\/n\/wp-json\/wp\/v2\/posts\/11717\/revisions"}],"wp:featuredmedia":[{"embeddable":true,"href":"https:\/\/www.infokuryr.cz\/n\/wp-json\/wp\/v2\/media\/8694"}],"wp:attachment":[{"href":"https:\/\/www.infokuryr.cz\/n\/wp-json\/wp\/v2\/media?parent=11717"}],"wp:term":[{"taxonomy":"category","embeddable":true,"href":"https:\/\/www.infokuryr.cz\/n\/wp-json\/wp\/v2\/categories?post=11717"},{"taxonomy":"post_tag","embeddable":true,"href":"https:\/\/www.infokuryr.cz\/n\/wp-json\/wp\/v2\/tags?post=11717"}],"curies":[{"name":"wp","href":"https:\/\/api.w.org\/{rel}","templated":true}]}}