{"id":11709,"date":"2022-06-20T03:26:57","date_gmt":"2022-06-20T01:26:57","guid":{"rendered":"http:\/\/www.infokuryr.cz\/n\/?p=11709"},"modified":"2022-06-20T03:26:57","modified_gmt":"2022-06-20T01:26:57","slug":"vykulencovy-starosti","status":"publish","type":"post","link":"https:\/\/www.infokuryr.cz\/n\/2022\/06\/20\/vykulencovy-starosti\/","title":{"rendered":"Vykulencovy starosti"},"content":{"rendered":"<div id=\"fb-root\"><\/div>\n<p>Dnes si po dlouh\u00e9 dob\u011b d\u00e1me jednu tuzemskou politickou kauzu, kterak si policie p\u0159i\u0161la na pra\u017esk\u00fd magistr\u00e1t pro tamn\u00edho n\u00e1m\u011bstka za hnut\u00ed STAN Hlubo\u010dka, kter\u00fd je t\u00edm nejv\u011bt\u0161\u00edm etalonem mor\u00e1lky a \u010destnosti v na\u0161\u00ed posametov\u00e9 historii.<\/p>\n<p>T\u0159i lidi u\u017e jsou ve vazb\u011b, ministr \u0161kolstv\u00ed rezignoval, V\u00edtku Raku\u0161anovi se strana pon\u011bkud rozpad\u00e1 pod rukama a do m\u00e9di\u00ed unikaj\u00ed ze st\u00e1tn\u00edho zastupitelstv\u00ed r\u016fzn\u00e9 tajn\u00e9 informace p\u0159edev\u0161\u00edm o tom, jak se podnikatel\u00e9 s politiky d\u011blili o ko\u0159ist na transparentn\u011b zad\u00e1van\u00fdch st\u00e1tn\u00edch zak\u00e1zk\u00e1ch.<\/p>\n<p>Vynechal jsem n\u011bco?<\/p>\n<p>P\u0159izn\u00e1v\u00e1m se, \u017ee jsem kauzu Hlubo\u010dek nesledoval do n\u011bjak\u00fdch hlubo(\u010d)k\u00fdch detail\u016f. U\u017e jsem prost\u011b otup\u011bl. Tohle tu p\u0159eci d\u011bl\u00e1 ka\u017ed\u00fd. St\u00e1t zad\u00e1v\u00e1 zak\u00e1zky na m\u00f3\u00f3\u00f3cinky moc miliard, pom\u011brn\u011b snadno se to d\u00e1 nadhodnotit a p\u0159edra\u017eit, ty pen\u00edze jsou tak zaj\u00edmav\u00e9, \u017ee kv\u016fli tomu stoj\u00ed za to jezdit po mnoha pracovn\u00edch ob\u011bdech, ve\u010de\u0159\u00edch a tajn\u00fdch sch\u016fzk\u00e1ch, stoj\u00ed za to vyd\u00e1vat statis\u00edce a miliony na \u00faplatc\u00edch, stoj\u00ed za to budovat kontakty p\u0159es prost\u0159edn\u00edky, stoj\u00ed za to se zabezpe\u010dit \u0161ifrovan\u00fdmi telefony a pokud se zada\u0159\u00ed, maj\u00ed Starostov\u00e9 pen\u00edze na kampa\u0148 i na milenky.<\/p>\n<p>Pr\u016fser je ov\u0161em v tom, \u017ee jde o tolik miliard, \u017ee stoj\u00ed za to to i vy\u0161et\u0159ovat, zaj\u00edm\u00e1 to politickou konkurenci\u2026 a proto\u017ee ho\u0161i neznaj\u00ed m\u00edru, \u010dasem za\u010dnou b\u00fdt p\u0159\u00edli\u0161 sebejist\u00ed a neopatrn\u00ed, nakonec se n\u011bkdo n\u011bkde pro\u0159ekne, policie nasad\u00ed odposlechy a nakonec to v\u017edycky praskne.<\/p>\n<p>Prost\u011b nuda. D\u011blaj\u00ed to v\u00edcem\u00e9n\u011b v\u0161ichni s r\u016fznou m\u00edrou \u0161ikovnosti.<\/p>\n<p>Dokud n\u011bkde budou koncentrovan\u00e9 velk\u00e9 pen\u00edze, budou tam tak\u00e9 r\u016fzn\u00ed Dal\u00ed\u010dci, \u0160louf\u00ed\u010dci, Redl\u00ed\u010dci, Hlubo\u010dci a dal\u0161\u00ed podnikatel\u00e9. Jestli si n\u011bkdo mezi voli\u010di mysl\u00ed, \u017ee byznys d\u00e1v\u00e1 pen\u00edze na politiku z u\u0161lechtil\u00fdch d\u016fvod\u016f, tak by se m\u011bl nechat vy\u0161et\u0159it. V\u017edycky je to investice. V\u017edycky se to n\u011bjak mus\u00ed vyplatit. Ti nejbohat\u0161\u00ed si za\u0159\u00edd\u00ed z\u00e1kony na m\u00edru, ti m\u00e9n\u011b bohat\u00ed prost\u011b kradou jak straky.<\/p>\n<p>J\u00e1 k tomu m\u00e1m vidl\u00e1cky jen p\u00e1r pozn\u00e1mek:<\/p>\n<p>V\u0161imn\u011bte si pros\u00edm, \u017ee cel\u00e1 kauza se t\u00e1hne u\u017e dlouh\u00e1 l\u00e9ta, ale \u017e\u00e1dn\u00fd n\u00e1\u0161 investigativn\u00ed intervijuk o tom nepsal, nev\u011bd\u011bl, netu\u0161il, ne\u0159e\u0161il. To museli a\u017e policajti, kdy\u017e m\u011bli pln\u00e9 \u0161anony p\u0159epis\u016f z odposlech\u016f a vy\u0161lo jim to stejn\u011b dob\u0159e jako s Rathem. Pak teprve si v\u0161ichni novin\u00e1\u0159i vzpomn\u011bli, vyt\u00e1hli dal\u0161\u00ed kontakty a odrovnali Gazd\u00edka, z\u0159ejm\u011b i Pol\u010d\u00e1ka a seznam ur\u010dit\u011b je\u0161t\u011b nen\u00ed kone\u010dn\u00fd. Prost\u011b kdy\u017e jsou u moci ti spr\u00e1vn\u00ed, tak na\u0161e m\u00e9\u00e9\u00e9dia dr\u017e\u00ed basu a za\u010dnou se v\u011bnovat sv\u00e9 pr\u00e1ci, a\u017e kdy\u017e u\u017e to nejde jinak.<\/p>\n<p>Jo, kdyby \u0161lo o Babi\u0161e nebo Okamuru, to by byla jin\u00e1 pr\u00e1ce. Tam se intervijuci sna\u017e\u00ed i u naprost\u00fdch ban\u00e1lnost\u00ed. Jako \u017ee si Babi\u0161 zcela podle z\u00e1kon\u016f koupil ve Francii nemovitost nebo \u017ee si projekt p\u0159izp\u016fsobil dota\u010dn\u00edmu titulu, aby mohl \u010derpat.<\/p>\n<p>Co bude d\u00e1l? Podle m\u011b nic. Fialovi mus\u00ed b\u00fdt naprosto jasn\u00e9, \u017ee si nem\u016f\u017ee dovolit \u017e\u00e1dn\u00e9 zav\u00e1h\u00e1n\u00ed, proto\u017ee p\u0159ed\u010dasn\u00e9 volby by prost\u011b projel. Proto odpust\u00ed v\u0161echno, p\u0159ehl\u00e9dne v\u0161echno, p\u0159izp\u016fsob\u00ed se, n\u011bjak to okec\u00e1, bude situaci pe\u010dliv\u011b sledovat a pak vy\u0161le ve\u0159ejnosti jasn\u00fd sign\u00e1l. Nem\u00e1 jinou mo\u017enost.<\/p>\n<p>Po\u0159\u00e1d je tu opozice, kter\u00e9 m\u00e1 p\u0159es devades\u00e1t poslanc\u016f a sta\u010d\u00ed relativn\u011b mal\u00e1 odbojn\u00e1 skupina mezi t\u011bmi vl\u00e1dn\u00edmi a v\u0161e m\u016f\u017ee b\u00fdt jinak. Babi\u0161 by si takovou v\u011bc u\u017eil naprosto dokonale a nedivil bych se, kdyby u\u017e navazoval kontakty t\u0159eba s KDU, kter\u00e1 zase jednou zjistila, \u017ee vlezla do spolku s dokonal\u00fdmi asoci\u00e1ly a pokud s nimi z\u016fstane p\u0159\u00edli\u0161 dlouho, hodn\u011b se od nich u\u0161pin\u00ed. Z\u00e1rove\u0148 v\u0161ichni v\u00edme, \u017ee KDU je d\u011bvka, kter\u00e1 jde s ka\u017ed\u00fdm a nem\u00e1 s t\u00edm probl\u00e9m.<\/p>\n<p>Stejn\u011b tak tu m\u00e1me Pir\u00e1ty, kte\u0159\u00ed v sou\u010dasn\u00e9 dob\u011b maj\u00ed dva nejv\u011bt\u0161\u00ed trag\u00e9dy \u010desk\u00e9 politiky\u2026 a to je co \u0159\u00edct, proto\u017ee vyniknout vedle Fialy s jeho jasn\u00fdmi sign\u00e1ly, Pekarov\u00e9 s jej\u00edm prodejem Budvaru, Gazd\u00edkem a jeho kontakty s korup\u010dn\u00edky, Nekulou, kter\u00fd rozvr\u00e1til \u010desk\u00e9 zem\u011bd\u011blstv\u00ed a S\u00edkelou, kter\u00fd pr\u00e1v\u011b rozvrac\u00ed z\u00e1sobov\u00e1n\u00ed elekt\u0159inou a plynem, vyniknout vedle takov\u00fdch borc\u016f, to je fakt hodn\u011b t\u011b\u017ek\u00e9. Lipavsk\u00e9mu a H\u0159ibovi se to ov\u0161em velmi \u00fasp\u011b\u0161n\u011b da\u0159\u00ed (mimochodem \u2013 v\u0161imn\u011bte si, jak p\u0159esn\u011b Zeman Lipavsk\u00e9ho odhadl).<\/p>\n<p>K tomu Raku\u0161an s Pir\u00e1ty vyjebal ve volb\u00e1ch\u2026<\/p>\n<p>Barto\u0161 a spol. se te\u010f zoufale sna\u017e\u00ed, aby to nevypadalo, \u017ee byl s Vykulencem n\u011bkdy v koalici. T\u011bm mus\u00ed b\u00fdt jasn\u00e9, \u017ee jsou definitivn\u011b v h\u00e1ji, \u017ee pro n\u011b politika kon\u010d\u00ed a \u017ee na dlouh\u00e9 roky zav\u0159eli cestu pir\u00e1tstv\u00ed v na\u0161\u00ed zemi.<\/p>\n<p>Petru Ihorovi\u010dovi Fialenkovi nen\u00ed co z\u00e1vid\u011bt. Aby udr\u017eel vl\u00e1du, bude se p\u011bkn\u011b muset umazat od starostovsk\u00e9ho hnoje. Ne, \u017ee by se ekloval, ale ono to bude smrd\u011bt je\u0161t\u011b mnohem v\u00edc, ne\u017e to smrd\u00ed te\u010f. Ko\u0161ile je ov\u0161em bli\u017e\u0161\u00ed ne\u017e kab\u00e1t a tak si mysl\u00edm, \u017ee to ustoj\u00ed.<\/p>\n<p>Dovol\u00edm si na z\u00e1v\u011br d\u00e1t jednu radu opozici.<\/p>\n<p>Sice si nemysl\u00edm, \u017ee to vyjde, ale nev\u00edte, co v\u0161echno m\u00e1 policie je\u0161t\u011b v \u0161upl\u00edku a co n\u00e1m na Vykulence vyt\u00e1hne. Mohou b\u00fdt volby\u2026 Je nejvy\u0161\u0161\u00ed \u010das, aby Okamura a spol. za\u010dali slibovat. Vyv\u00e9st n\u00e1s z v\u00e1lky, vyv\u00e9st energetiku z lipsk\u00e9 burzy, d\u00e1vat ka\u017ed\u00fd m\u011bs\u00edc p\u011btitis\u00edcov\u00fd p\u0159\u00edsp\u011bvek na d\u00edt\u011b\u2026 Babi\u0161 to brzy ud\u011bl\u00e1. Proto\u017ee on v\u00ed, co lidi cht\u011bj\u00ed. Myslet na st\u00e1tn\u00ed rozpo\u010det v podm\u00ednk\u00e1ch p\u011btin\u00e1sobn\u00e9ho zdra\u017een\u00ed energi\u00ed, evropsk\u00fdch zelen\u00fdch experiment\u016f a rozvr\u00e1cen\u00ed pr\u016fmyslu je pon\u011bkud zbyte\u010dn\u00e9. I ten Filala to pochopil a rabuje, jak jen to jde. Pokud Okamura v tomto ohledu nebude sly\u0161et, tak prost\u011b dopadne jako obvykle.<\/p>\n<p>P\u00e1d p\u0159ijde ka\u017edop\u00e1dn\u011b, ale bude velk\u00fd rozd\u00edl, jestli vl\u00e1da t\u011bsn\u011b p\u0159ed katastrofou rozd\u00e1vala pol\u00edvku nebo vyd\u00edrala dan\u011b.<\/p>\n<p><a href=\"https:\/\/www.litterate.cz\/vykulencovy-starosti\/\">VIDL\u00c1K<\/a><\/p>\n<p>&nbsp;<\/p>\n","protected":false},"excerpt":{"rendered":"<p>Dnes si po dlouh\u00e9 dob\u011b d\u00e1me jednu tuzemskou politickou kauzu, kterak si policie p\u0159i\u0161la na&#8230;<\/p>\n","protected":false},"author":2,"featured_media":11710,"comment_status":"closed","ping_status":"closed","sticky":false,"template":"","format":"standard","meta":[],"categories":[6],"tags":[29,122,424,99],"_links":{"self":[{"href":"https:\/\/www.infokuryr.cz\/n\/wp-json\/wp\/v2\/posts\/11709"}],"collection":[{"href":"https:\/\/www.infokuryr.cz\/n\/wp-json\/wp\/v2\/posts"}],"about":[{"href":"https:\/\/www.infokuryr.cz\/n\/wp-json\/wp\/v2\/types\/post"}],"author":[{"embeddable":true,"href":"https:\/\/www.infokuryr.cz\/n\/wp-json\/wp\/v2\/users\/2"}],"replies":[{"embeddable":true,"href":"https:\/\/www.infokuryr.cz\/n\/wp-json\/wp\/v2\/comments?post=11709"}],"version-history":[{"count":0,"href":"https:\/\/www.infokuryr.cz\/n\/wp-json\/wp\/v2\/posts\/11709\/revisions"}],"wp:featuredmedia":[{"embeddable":true,"href":"https:\/\/www.infokuryr.cz\/n\/wp-json\/wp\/v2\/media\/11710"}],"wp:attachment":[{"href":"https:\/\/www.infokuryr.cz\/n\/wp-json\/wp\/v2\/media?parent=11709"}],"wp:term":[{"taxonomy":"category","embeddable":true,"href":"https:\/\/www.infokuryr.cz\/n\/wp-json\/wp\/v2\/categories?post=11709"},{"taxonomy":"post_tag","embeddable":true,"href":"https:\/\/www.infokuryr.cz\/n\/wp-json\/wp\/v2\/tags?post=11709"}],"curies":[{"name":"wp","href":"https:\/\/api.w.org\/{rel}","templated":true}]}}