{"id":11708,"date":"2022-06-20T03:24:03","date_gmt":"2022-06-20T01:24:03","guid":{"rendered":"http:\/\/www.infokuryr.cz\/n\/?p=11708"},"modified":"2022-06-20T03:24:03","modified_gmt":"2022-06-20T01:24:03","slug":"rozbijte-rusko-abyste-zachranili-liberalni-poradek","status":"publish","type":"post","link":"https:\/\/www.infokuryr.cz\/n\/2022\/06\/20\/rozbijte-rusko-abyste-zachranili-liberalni-poradek\/","title":{"rendered":"Rozbijte Rusko, abyste \u201ezachr\u00e1nili liber\u00e1ln\u00ed po\u0159\u00e1dek\u201c"},"content":{"rendered":"<div id=\"fb-root\"><\/div>\n<section class=\"perex\">Berlusconi v\u00a0\u00a0Il Giornale\u00a0napsal , \u017ee Z\u00e1pad je izolovan\u00fd kv\u016fli sv\u00e9 \u201eukrajinsk\u00e9 monom\u00e1nii\u201c: \u201eReakce Z\u00e1padu na [Ukrajinu] byla jednomysln\u00e1 \u2013 ale co m\u00e1me na mysli Z\u00e1padem?\u00a0USA, Evropa a n\u011bkter\u00e9 zem\u011b Tichomo\u0159\u00ed s tradi\u010dn\u00edmi vazbami na USA, v\u010detn\u011b Austr\u00e1lie a Japonska.\u00a0A z jin\u00fdch zem\u00ed sv\u011bta?\u00a0Skoro nic&#8220;.<\/p>\n<p>P\u0159esn\u011b tak.\u00a0Probl\u00e9m Ukrajiny je vnitroevropsk\u00fd boj o identitu, kter\u00fd se datuje od p\u00e1du \u0158\u00edma.<\/p>\n<\/section>\n<section class=\"clanek-obsah\">Je jasn\u00e9, \u017ee bl\u00edzkov\u00fdchodn\u00ed st\u00e1ty v tomto konfliktu vystupuj\u00ed jako \u201evn\u011bj\u0161\u00ed pozorovatel\u00e9\u201c, ale to neznamen\u00e1, \u017ee se nestanou n\u00e1hodn\u00fdmi ob\u011b\u0165mi evropsk\u00e9ho st\u0159etu.\u00a0Ur\u010dit\u011b budou.<\/p>\n<p>Z\u00e1padn\u00ed establishment ve sv\u00e9 zu\u0159iv\u00e9 touze ubl\u00ed\u017eit Rusku v podstat\u011b naru\u0161il k\u0159ehkou rovnov\u00e1hu, kter\u00e1 je z\u00e1kladem globalistick\u00e9 finan\u010dn\u00ed struktury. Impulzivn\u011b a bezmy\u0161lenkovit\u011b \u201eosvobodili\u201c zbo\u017e\u00ed \u2013 od potravin po energii a vz\u00e1cn\u00e9 prvky \u2013 tak, \u017ee jeho cena raketov\u011b vylet\u011bla vzh\u016fru.\u00a0Op\u011bt se uk\u00e1zalo, \u017ee toto zbo\u017e\u00ed m\u00e1 svou hodnotu.<\/p>\n<p><em>Nam\u00edsto toho, aby byly uzav\u0159enou kolater\u00e1lovou z\u00e1kladnou pro pyramidovou hru s pevn\u00fdm z\u00e1kladem \u201eaktiv\u201c ocen\u011bn\u00fdch ve fiat m\u011bn\u011b, kterou inflace ka\u017ed\u00fd rok pohlt\u00ed, se komodity, sp\u00ed\u0161e ne\u017e fiat dolary nebo eura, st\u00e1vaj\u00ed cennou m\u011bnou, na kterou se \u201ezven\u010d\u00ed\u201c obracej\u00ed jako alternativn\u00ed zp\u016fsob obchodov\u00e1n\u00ed.<\/em>Samoz\u0159ejm\u011b to nevych\u00e1z\u00ed pouze z \u201eUkrajiny\u201c.\u00a0Do hry vstupuj\u00ed dal\u0161\u00ed dva kl\u00ed\u010dov\u00e9 faktory: zaprv\u00e9 p\u0159edstava \u201eKrugmanovy ekonomiky\u201c, \u017ee vl\u00e1dy mus\u00ed \u201etisknout, aby utr\u00e1cely\u201c.\u00a0\u201eZv\u00fd\u0161en\u00ed\u201c vl\u00e1dn\u00edch v\u00fddaj\u016f ji\u017e podpo\u0159ilo inflaci (p\u0159ed ud\u00e1lostmi na Ukrajin\u011b) a nyn\u00ed podkop\u00e1v\u00e1 d\u016fv\u011bru v devalvaci fiat m\u011bn, kter\u00e9 nemaj\u00ed \u017e\u00e1dn\u00e9 mechanismy na \u00fapravu hodnoty.<\/p>\n<p>Druh\u00fdm faktorem je z\u00e1vazek z\u00e1padn\u00ed elity ke \u201eglob\u00e1ln\u00edmu p\u0159echodu\u201c (tedy rychl\u00e9mu \u00fat\u011bku) od fosiln\u00edch paliv.\u00a0Pro\u010d je to chyba?\u00a0Proto\u017ee kdy\u017e sly\u0161\u00edte nevyvratiteln\u00e1 prohl\u00e1\u0161en\u00ed jako \u201ev\u011bda prok\u00e1zala\u201c, uv\u011bdom\u00edte si, \u017ee m\u00e1te co do \u010din\u011bn\u00ed s kultem, nikoli s v\u011bdou.\u00a0V absolutn\u00edm pojet\u00ed tento kult netoleruje \u017e\u00e1dn\u00fd jin\u00fd p\u0159\u00edstup nebo \u0161ir\u0161\u00ed \u00fahel pohledu, kter\u00fd by mohl kvalifikovat metap\u0159\u00edb\u011bh.<\/p>\n<p>Evropa u\u017e sp\u011bchala k \u201ep\u0159echodu\u201c.\u00a0Ukrajina zjevn\u011b \u201eslou\u017e\u00ed\u201c jako jak\u00fdsi akceler\u00e1tor, \u201eodvykaj\u00edc\u00ed\u201c (pozn. pomp\u00e9zn\u00ed jazyk) Evropu od energetick\u00e9 z\u00e1vislosti na Rusku.<\/p>\n<p>Pokud to v\u0161ak ke zv\u00fd\u0161en\u00ed cen komodit nesta\u010dilo, Evropa se p\u0159ekonala t\u00edm, \u017ee prosazuje z\u00e1kaz n\u00e1kup\u016f energie z Ruska, co\u017e krizi d\u00e1le prohlubuje.\u00a0Ceny vzrostly, proto\u017ee Evropan\u00e9 budou platit v\u00edce za alternativn\u00ed energii, i kdy\u017e se komplexn\u011bj\u0161\u00ed z\u00e1kaz uk\u00e1\u017ee jako nemo\u017en\u00fd.<\/p>\n<p>Dobr\u00e1, jedna v\u011bc je, aby Evropa a USA \u0159ekly, \u017ee nadch\u00e1zej\u00edc\u00ed inflace, pr\u016fmyslov\u00e1 recese, potravinov\u00e1 nouze (kter\u00e1 se je\u0161t\u011b zhor\u0161\u00ed) a hladomor, kter\u00fd zachv\u00e1t\u00ed celou spole\u010dnost, za to stoj\u00ed.<\/p>\n<p>Toto \u201eznovupotvrzen\u00ed liber\u00e1ln\u00edho \u0159\u00e1du z\u00e1chranou Ukrajiny\u201c \u2013 i kdy\u017e nese riziko ekonomick\u00e9ho kolapsu Evropy \u2013 je pln\u011b ospravedlniteln\u00e9 \u201epon\u00ed\u017een\u00edm Putina za ka\u017edou cenu\u201c.\u00a0Pro\u010d by ale tak\u00e9 nekomoditn\u00ed v\u00fdrobci na Bl\u00edzk\u00e9m v\u00fdchod\u011b m\u011bli platit tu\u010dnou cenu za evropskou je\u0161itnost?<\/p>\n<p>Jak nazna\u010dil Berlusconi, tyto st\u00e1ty nemus\u00ed nutn\u011b vn\u00edmat Putina nebo Rusko jako sv\u00e9ho nep\u0159\u00edtele.\u00a0Mnoz\u00ed v nich vid\u00ed sp\u00ed\u0161e potenci\u00e1ln\u00edho spojence \u2013 ale Bl\u00edzk\u00fd v\u00fdchod, Afrika a Latinsk\u00e1 Amerika rozhodn\u011b nemaj\u00ed nic spole\u010dn\u00e9ho s \u201epo\u0159\u00e1dkem zalo\u017een\u00fdm na pravidlech\u201c zaveden\u00fdm v USA.\u00a0Nemaj\u00ed d\u016fvod se zapojovat do tohoto vnitroevropsk\u00e9ho ko\u010di\u010d\u00edho souboje.<\/p>\n<p><em>To, co \u010dek\u00e1 jejich spole\u010dnost, v\u0161ak ukazuje \u201ezlov\u011bstn\u00e9 znamen\u00ed\u201c \u2013 ud\u00e1losti na Sr\u00ed Lance a P\u00e1kist\u00e1nu.\u00a0P\u00e1kist\u00e1n mus\u00ed v p\u0159\u00ed\u0161t\u00edm finan\u010dn\u00edm roce splatit v\u00edce ne\u017e 21 miliard dolar\u016f zahrani\u010dn\u00edho dluhu.\u00a0Pot\u00fdk\u00e1 se tak\u00e9 s masivn\u00ed inflac\u00ed potravin a naru\u0161en\u00edm dodavatelsk\u00e9ho \u0159et\u011bzce, proto m\u00e1 vl\u00e1da v \u00famyslu dov\u00e9zt alespo\u0148 3 miliony tun p\u0161enice a 4 miliony tun oleje na va\u0159en\u00ed, aby zm\u00edrnila nedostatek.<\/em>V Kar\u00e1\u010d\u00ed se z\u00e1rove\u0148 kv\u016fli rostouc\u00edm cen\u00e1m elekt\u0159iny zav\u00edr\u00e1 asi 40 000 tov\u00e1ren, tak\u017ee pr\u00e1ce je t\u00e9m\u011b\u0159 nemo\u017en\u00e1.\u00a0Zd\u00e1 se, \u017ee elity, fascinovan\u00e9 svou \u201ep\u0159echodnou\u201c agendou, ztratily ze z\u0159etele pravdu, \u017ee energie \u2013 lidsk\u00e9 a fosiln\u00ed, potraviny a materi\u00e1ln\u00ed zdroje \u2013 je ve skute\u010dnosti ekonomika.\u00a0Jedna \u010d\u00e1st elity vid\u00ed krizi sp\u00ed\u0161e jako p\u0159\u00edle\u017eitost \u2013 i kdy\u017e bolestivou \u2013 k urychlen\u00ed p\u0159echodu.\u00a0Zd\u00e1 se, \u017ee nyn\u00ed zoufal\u00fd z\u00e1padn\u00ed establishment m\u00e1 v \u00famyslu v\u00e9st polovojenskou loutkovou \u201edlouhou opot\u0159ebovac\u00ed v\u00e1lku\u201c, aby oslabil Rusko.\u00a0Bohu\u017eel tato strategie pravd\u011bpodobn\u011b mnoh\u00e9 vyhladov\u00ed k smrti.<\/p>\n<p>V\u00fdkonn\u00fd \u0159editel Sv\u011btov\u00e9ho potravinov\u00e9ho programu varoval, \u017ee 49 milion\u016f lid\u00ed ve 43 zem\u00edch bude brzy \u010delit hladu.\u00a0Potravinovou krizi, stejn\u011b jako inflaci, nezp\u016fsobuje Ukrajina, i kdy\u017e situaci velk\u00e9ho producenta p\u0161enice, ut\u00e1p\u011bj\u00edc\u00edho se v konfliktech, ji jist\u011b zhor\u0161uje.\u00a0Potravinov\u00e1 krize p\u0159\u00edmo souvis\u00ed s &#8222;p\u0159echodn\u00fdmi&#8220; faktory (\u201eekologizace\u201c v\u00fdroby potravin) a tak\u00e9 se struktur\u00e1ln\u00edmi zm\u011bnami v neoliber\u00e1ln\u00ed ekonomice (kde v\u00fdroba potravin byla offshore).<\/p>\n<p>Zvr\u00e1cenost cel\u00e9 t\u00e9to r\u00fdsuj\u00edc\u00ed se bolesti spo\u010d\u00edv\u00e1 v naprost\u00e9 non\u0161alanci: Evropa\u00a0\u00a0si\u00a0\u00a0p\u0159ed zah\u00e1jen\u00edm sank\u010dn\u00ed v\u00e1lky\u00a0<a href=\"https:\/\/www.eurointelligence.com\/column\/the-west-and-the-rest\" target=\"_blank\" rel=\"external noopener\">nepromyslela svou strategii<\/a>\u00a0sankc\u00ed proti Rusku \u2013 byla pln\u011b p\u0159esv\u011bd\u010dena, \u017ee Rusko se t\u00e9m\u011b\u0159 okam\u017eit\u011b zhrout\u00ed.\u00a0Ministerstva zahrani\u010d\u00ed, kter\u00e1 pl\u00e1ny vytv\u00e1\u0159ela, ani na chv\u00edli nezva\u017eovala mo\u017enost, \u017ee Rusko neutrp\u00ed ekonomick\u00fd kolaps, nato\u017e aby se jeho ekonomika stabilizovala (jak se to stalo).<\/p>\n<p>A pl\u00e1nova\u010di nedomysleli dopad jejich proxy v\u00e1lky na rusk\u00e9 ve\u0159ejn\u00e9 m\u00edn\u011bn\u00ed.\u00a0Bez dlouh\u00e9ho p\u0159em\u00fd\u0161len\u00ed p\u0159edpokl\u00e1dali, \u017ee rusk\u00e9 ozbrojen\u00e9 s\u00edly jsou tak slab\u00e9, \u017ee mus\u00ed nutn\u011b prohr\u00e1t.\u00a0Nikdy nediskutovali o mo\u017enosti p\u0159itvrzen\u00ed ve\u0159ejn\u00e9ho m\u00edn\u011bn\u00ed v pr\u016fb\u011bhu vojensk\u00e9 operace.\u00a0Sp\u00ed\u0161e pova\u017eovali za samoz\u0159ejm\u00e9, \u017ee rusk\u00e9 ve\u0159ejn\u00e9 m\u00edn\u011bn\u00ed se obr\u00e1t\u00ed proti Putinovi, a\u017e se p\u0159\u00edliv obr\u00e1t\u00ed proti rusk\u00fdm sil\u00e1m, a \u017ee bude sesazen z \u00fa\u0159adu.\u00a0My\u0161lenka, \u017ee by Rusko mohlo na Ukrajin\u011b vyhr\u00e1t, byla na Z\u00e1pad\u011b pova\u017eov\u00e1na za projev neloajality, ne-li p\u0159\u00edmo zrady.<\/p>\n<p>Vedouc\u00ed p\u0159edstavitel\u00e9 EU budou nakonec muset \u010delit nelibosti sv\u00fdch voli\u010d\u016f nad takov\u00fdmi z\u00e1va\u017en\u00fdmi nespr\u00e1vn\u00fdmi \u00fasudky, umocn\u011bn\u00fdmi triumf\u00e1ln\u00edm propagandistick\u00fdm n\u00e1porem, kter\u00fd je z\u0159ejm\u011b oklamal.\u00a0Podstatn\u00e9 v\u0161ak je, \u017ee tyto r\u016fzn\u00e9 neduhy z\u00e1padn\u00edho ekonomick\u00e9ho syst\u00e9mu jsou struktur\u00e1ln\u00ed.\u00a0\u010cerstv\u00e9 veden\u00ed nebude m\u00edt mo\u017enost je vy\u0159e\u0161it m\u00e1vnut\u00edm kouzeln\u00e9 h\u016flky.<\/p>\n<p><strong>Alastair Crooke<\/strong><\/p>\n<div class=\"podcarou\">\n<p><a href=\"https:\/\/english.almayadeen.net\/articles\/analysis\/break-russia-to-save-liberal-order-as-bystanders-become-coll\" target=\"_blank\" rel=\"external noopener\">Break Russia to \u2018save liberal order\u2019, as bystanders become collateral \u2018road kill\u2019<\/a> vy\u0161el 12.6.2022 na english.alayadeen.net. P\u0159eklad Zv\u011bdavec.<\/p>\n<\/div>\n<\/section>\n<p>P\u0159evzato:\u00a0<a href=\"https:\/\/zvedavec.news\/komentare\/2022\/06\/9204-rozbijte-rusko-abyste-zachranili-liberalni-poradek.htm\">Zvedavec.org<\/a><\/p>\n<p>&nbsp;<\/p>\n<p>&nbsp;<\/p>\n","protected":false},"excerpt":{"rendered":"<p>Berlusconi v\u00a0\u00a0Il Giornale\u00a0napsal , \u017ee Z\u00e1pad je izolovan\u00fd kv\u016fli sv\u00e9 \u201eukrajinsk\u00e9 monom\u00e1nii\u201c: \u201eReakce Z\u00e1padu na&#8230;<\/p>\n","protected":false},"author":2,"featured_media":9821,"comment_status":"closed","ping_status":"closed","sticky":false,"template":"","format":"standard","meta":[],"categories":[7],"tags":[1045,22,40],"_links":{"self":[{"href":"https:\/\/www.infokuryr.cz\/n\/wp-json\/wp\/v2\/posts\/11708"}],"collection":[{"href":"https:\/\/www.infokuryr.cz\/n\/wp-json\/wp\/v2\/posts"}],"about":[{"href":"https:\/\/www.infokuryr.cz\/n\/wp-json\/wp\/v2\/types\/post"}],"author":[{"embeddable":true,"href":"https:\/\/www.infokuryr.cz\/n\/wp-json\/wp\/v2\/users\/2"}],"replies":[{"embeddable":true,"href":"https:\/\/www.infokuryr.cz\/n\/wp-json\/wp\/v2\/comments?post=11708"}],"version-history":[{"count":0,"href":"https:\/\/www.infokuryr.cz\/n\/wp-json\/wp\/v2\/posts\/11708\/revisions"}],"wp:featuredmedia":[{"embeddable":true,"href":"https:\/\/www.infokuryr.cz\/n\/wp-json\/wp\/v2\/media\/9821"}],"wp:attachment":[{"href":"https:\/\/www.infokuryr.cz\/n\/wp-json\/wp\/v2\/media?parent=11708"}],"wp:term":[{"taxonomy":"category","embeddable":true,"href":"https:\/\/www.infokuryr.cz\/n\/wp-json\/wp\/v2\/categories?post=11708"},{"taxonomy":"post_tag","embeddable":true,"href":"https:\/\/www.infokuryr.cz\/n\/wp-json\/wp\/v2\/tags?post=11708"}],"curies":[{"name":"wp","href":"https:\/\/api.w.org\/{rel}","templated":true}]}}