{"id":11704,"date":"2022-06-20T03:18:27","date_gmt":"2022-06-20T01:18:27","guid":{"rendered":"http:\/\/www.infokuryr.cz\/n\/?p=11704"},"modified":"2022-06-20T03:18:27","modified_gmt":"2022-06-20T01:18:27","slug":"vetrniky-jako-symbol-boje-proti-putinovi-rakouska-vlada-sili","status":"publish","type":"post","link":"https:\/\/www.infokuryr.cz\/n\/2022\/06\/20\/vetrniky-jako-symbol-boje-proti-putinovi-rakouska-vlada-sili\/","title":{"rendered":"V\u011btrn\u00edky jako symbol boje proti Putinovi. Rakousk\u00e1 vl\u00e1da \u0161\u00edl\u00ed"},"content":{"rendered":"<div id=\"fb-root\"><\/div>\n<p>Raku\u0161an\u00e9 jsou vystaveni enormn\u00edm cen\u00e1m energi\u00ed, kter\u00e9 pomalu stahuj\u00ed zemi do hlubok\u00e9 krize. Vl\u00e1da je bezradn\u00e1 a jej\u00ed neuv\u00e1\u017een\u00e1 zahrani\u010dn\u00ed politika je katastrofa (stejn\u011b jako ta \u010desk\u00e1).\u00a0<strong>Bezradnost pak p\u0159in\u00e1\u0161\u00ed bizarn\u00ed n\u00e1pady.<\/strong><\/p>\n<p>M<strong>inistryn\u011b pro ochranu prost\u0159ed\u00ed a klima\u00a0<a href=\"https:\/\/www.unzensuriert.at\/content\/149702-realsatire-gewessler-will-windraeder-als-zeichen-gegen-wladimir-putin\/\">Leonore Gewessler<\/a>\u00a0(zelen\u00ed) nyn\u00ed p\u0159ich\u00e1z\u00ed s t\u00edm, \u017ee mus\u00ed b\u00fdt ur\u010dit\u011b do roku 2040 dosa\u017eeno uhl\u00edkov\u00e9 neutrality. K tomu maj\u00ed poslou\u017eit hlavn\u011b v\u011btrn\u00e9 elektr\u00e1rny. Nav\u00edc v\u011btrn\u00edky, kter\u00e9 zaplavily Rakousko, maj\u00ed b\u00fdt symbolem odporu proti Putinovi! \u010ce\u0161i se mus\u00ed modlit, aby si podobn\u00fdch aktivit nepov\u0161imla ukrajinsk\u00e1 vl\u00e1da P. Fialy, proto\u017ee by to jist\u011b cht\u011bla rovn\u011b\u017e za\u010d\u00edt zav\u00e1d\u011bt. I pro \u201eUkrajince\u201c Petra Fialu plat\u00ed, \u201e\u010d\u00edm h\u016f\u0159 pro \u010desk\u00e9ho goje, t\u00edm l\u00e9pe\u201c.<\/strong><\/p>\n<p>Uhl\u00edkov\u00e1 neutralita bude znamenat ekonomickou katastrofu a n\u00e1slednou likvidaci Evropy jako kontinentu b\u011bloch\u016f a glob\u00e1ln\u00ed finan\u010dn\u00ed oligarchie si bude mnout ruce, jak p\u011bkn\u011b b\u00edl\u00e9 goje zlikvidovala. Nechaj\u00ed si to ale l\u00edbit?<\/p>\n<p><a href=\"https:\/\/ceskavec.com\/2022\/06\/vetrniky-jako-symbol-boje-proti-putinovi-rakouska-vlada-sili\">\u010cesk\u00e1 v\u011bc<\/a><\/p>\n<p>&nbsp;<\/p>\n","protected":false},"excerpt":{"rendered":"<p>Raku\u0161an\u00e9 jsou vystaveni enormn\u00edm cen\u00e1m energi\u00ed, kter\u00e9 pomalu stahuj\u00ed zemi do hlubok\u00e9 krize. Vl\u00e1da je&#8230;<\/p>\n","protected":false},"author":2,"featured_media":11705,"comment_status":"closed","ping_status":"closed","sticky":false,"template":"","format":"standard","meta":[],"categories":[7],"tags":[285,120,2625],"_links":{"self":[{"href":"https:\/\/www.infokuryr.cz\/n\/wp-json\/wp\/v2\/posts\/11704"}],"collection":[{"href":"https:\/\/www.infokuryr.cz\/n\/wp-json\/wp\/v2\/posts"}],"about":[{"href":"https:\/\/www.infokuryr.cz\/n\/wp-json\/wp\/v2\/types\/post"}],"author":[{"embeddable":true,"href":"https:\/\/www.infokuryr.cz\/n\/wp-json\/wp\/v2\/users\/2"}],"replies":[{"embeddable":true,"href":"https:\/\/www.infokuryr.cz\/n\/wp-json\/wp\/v2\/comments?post=11704"}],"version-history":[{"count":0,"href":"https:\/\/www.infokuryr.cz\/n\/wp-json\/wp\/v2\/posts\/11704\/revisions"}],"wp:featuredmedia":[{"embeddable":true,"href":"https:\/\/www.infokuryr.cz\/n\/wp-json\/wp\/v2\/media\/11705"}],"wp:attachment":[{"href":"https:\/\/www.infokuryr.cz\/n\/wp-json\/wp\/v2\/media?parent=11704"}],"wp:term":[{"taxonomy":"category","embeddable":true,"href":"https:\/\/www.infokuryr.cz\/n\/wp-json\/wp\/v2\/categories?post=11704"},{"taxonomy":"post_tag","embeddable":true,"href":"https:\/\/www.infokuryr.cz\/n\/wp-json\/wp\/v2\/tags?post=11704"}],"curies":[{"name":"wp","href":"https:\/\/api.w.org\/{rel}","templated":true}]}}