{"id":11702,"date":"2022-06-20T03:14:36","date_gmt":"2022-06-20T01:14:36","guid":{"rendered":"http:\/\/www.infokuryr.cz\/n\/?p=11702"},"modified":"2022-06-20T03:14:36","modified_gmt":"2022-06-20T01:14:36","slug":"nejaky-lipavsky-prohlasil-o-macronovi-ze-nicemu-nerozumi","status":"publish","type":"post","link":"https:\/\/www.infokuryr.cz\/n\/2022\/06\/20\/nejaky-lipavsky-prohlasil-o-macronovi-ze-nicemu-nerozumi\/","title":{"rendered":"N\u011bjak\u00fd Lipavsk\u00fd prohl\u00e1sil o Macronovi, \u017ee ni\u010demu nerozum\u00ed!"},"content":{"rendered":"<div id=\"fb-root\"><\/div>\n<h4>N\u011bjak\u00fd Lipavsk\u00fd prohl\u00e1sil o Macronovi, \u017ee ni\u010demu nerozum\u00ed! Exkluzivn\u00ed p\u0159eklad rozhovoru rusk\u00e9ho ministra zahrani\u010d\u00ed Sergeje Lavrova s redaktorem BBC na petrohradsk\u00e9m f\u00f3ru SPIEF 2022, kde se mluvilo nejen o \u010desk\u00e9m ministrovi zamini! Rusy je dovoleno zab\u00edjet, Rus\u016fm je mo\u017en\u00e9 zakazovat mluvit jejich rodn\u00fdm jazykem, Rusov\u00e9 se nesm\u00ed br\u00e1nit nacist\u016fm na Ukrajin\u011b, Rusov\u00e9 nesm\u00ed kritizovat pu\u010d v roce 2014 v Kyjev\u011b! Lavrov zakon\u010dil rozhovor v\u00fdrokem a podez\u0159en\u00edm, \u017ee redaktor m\u011bl za \u00fakol vym\u00e1mit z ministra l\u00edtost nad spec-operac\u00ed na Ukrajin\u011b, ale nepovedlo se!<\/h4>\n<p>Na z\u00e1klad\u011b mnoha \u017e\u00e1dost\u00ed od na\u0161ich \u010dten\u00e1\u0159\u016f jsem p\u0159ipravil p\u0159eklad pln\u00e9ho rozhovoru Sergeje Lavrova s redaktorem rusk\u00e9 sekce BBC Stevem Rosenbergem, kter\u00fd prob\u011bhl v Petrohradu v r\u00e1mci mezin\u00e1rodn\u00ed ekonomick\u00e9 konference SPIEF 2022, kde v\u011bt\u0161ina pozornosti m\u00e9di\u00ed se up\u00edr\u00e1 na Vladimira Putina, ale z hlediska konceptu\u00e1ln\u00edch proces\u016f je naprosto z\u00e1sadn\u00ed \u00fapln\u011b jin\u00fd projev, a to pr\u00e1v\u011b projev Sergeje Lavrova v rozhovoru s redaktorem BBC.\u00a0<strong>Tento rozhovor, kter\u00fd trv\u00e1 zhruba 25 minut, obsahuje konceptu\u00e1ln\u00ed n\u00e1lo\u017e cel\u00e9 problematiky vztah\u016f mezi Ruskem a Z\u00e1padem<\/strong>, p\u0159i\u010dem\u017e v rozhovoru je nahu\u0161t\u011bno v\u0161echno, co z hlediska konceptu\u00e1ln\u00edch proces\u016f \u0159\u00edzen\u00ed lze proti sob\u011b postavit z hlediska z\u00e1padn\u00ed dialektiky na jedn\u00e9 stran\u011b, a na stran\u011b druh\u00e9 z hlediska rusk\u00e9 argumenta\u010dn\u00ed pozice.<\/p>\n<p>&nbsp;<\/p>\n<div id=\"rumble_v16exaj\">\n<div id=\"vid_v16exaj\" class=\"rumble_v16exaj-Rumble-cls\" tabindex=\"-1\">\n<div class=\"bigPlayUI ctp\">\n<div class=\"bigPlayUIInner ctp\"><div class='videoWrapper'>\r\n\t            <iframe src='https:\/\/rumble.com\/embed\/pj.v16exaj\/' frameborder='0' allowfullscreen><\/iframe>\r\n\t        <\/div><\/div>\n<\/div>\n<\/div>\n<\/div>\n<p>&nbsp;<\/p>\n<p>Rusko se sna\u017eilo cel\u00fdch 8 let pomoc\u00ed trp\u011bliv\u00e9 diplomacie p\u0159esv\u011bd\u010dit Z\u00e1pad o pot\u0159eb\u011b m\u00edrov\u00e9ho urovn\u00e1n\u00ed konfliktu na v\u00fdchod\u011b Ukrajiny. Celou tu dobu Z\u00e1pad i Kyjev ignorovaly Minsk\u00e9 protokoly a teprve te\u010f, kdy\u017e je ukrajinsk\u00e1 arm\u00e1da jeden krok od tot\u00e1ln\u00ed por\u00e1\u017eky na Donbasu, tak se z\u00e1padn\u00ed politici na pokyn prediktora Henryho Kissingera aktivizuj\u00ed v panice, \u017ee krize zp\u016fsoben\u00e1 v Evrop\u011b paradoxn\u011b protirusk\u00fdmi sankcemi a posilov\u00e1n\u00ed rusk\u00e9 ekonomiky a rublu povede k z\u00e1niku moci Evropsk\u00e9 unie, o kter\u00e9 Lavrov v rozhovoru tak\u00e9 hovo\u0159il. N\u011bmeck\u00fd kancl\u00e9\u0159 najednou po 8 letech znovu vol\u00e1 po m\u00edrov\u00fdch procesech, p\u0159esn\u011b po t\u011bch, kter\u00e9 Berl\u00edn spolu s EU a s USA 8 let ignorovaly a dokonce sabotovaly.<\/p>\n<h6><span style=\"font-size: 18pt;\">Lavrov s opovr\u017een\u00edm zm\u00ednil i \u010desk\u00e9ho ministra zahrani\u010d\u00ed, \u201cn\u011bjak\u00e9ho Lipavsk\u00e9ho\u201d jako kritika Macrona<\/span><\/h6>\n<p>V rozhovoru dokonce do\u0161lo i na Jana Lipavsk\u00e9ho, \u010deskou imitaci ministra zahrani\u010dn\u00edch v\u011bc\u00ed, kterou s opovr\u017een\u00edm\u00a0<strong>Lavrov ozna\u010dil za \u201c<em>n\u011bjak\u00e9ho Lipavsk\u00e9ho<\/em>\u201d ve smyslu naprost\u00e9 nuly, kter\u00e1 kritizovala Emmanuela Macrona za jeho v\u00fdzvu, aby Rusko nebylo poni\u017eov\u00e1no<\/strong>. Lipavsk\u00fd pr\u00fd Macronovi \u0159ekl, \u017ee ni\u010demu nerozum\u00ed, \u017ee v\u00e1lka proti Rusku je pr\u00e1v\u011b o tom, \u017ee Rusko mus\u00ed b\u00fdt pon\u00ed\u017eeno.<\/p>\n<figure id=\"attachment_50316\" class=\"wp-caption aligncenter\" style=\"width: 695px;\"><a href=\"https:\/\/aeronet.news\/wp-content\/uploads\/LipavskyHelmetUA.jpg\"><img decoding=\"async\" loading=\"lazy\" class=\"wp-image-50316 \" src=\"https:\/\/aeronet.news\/wp-content\/uploads\/LipavskyHelmetUA-1024x657.jpg\" sizes=\"(max-width: 700px) 100vw, 700px\" srcset=\"https:\/\/aeronet.news\/wp-content\/uploads\/LipavskyHelmetUA-1024x657.jpg 1024w, https:\/\/aeronet.news\/wp-content\/uploads\/LipavskyHelmetUA-300x192.jpg 300w, https:\/\/aeronet.news\/wp-content\/uploads\/LipavskyHelmetUA-768x493.jpg 768w, https:\/\/aeronet.news\/wp-content\/uploads\/LipavskyHelmetUA-700x449.jpg 700w, https:\/\/aeronet.news\/wp-content\/uploads\/LipavskyHelmetUA-100x65.jpg 100w, https:\/\/aeronet.news\/wp-content\/uploads\/LipavskyHelmetUA-557x357.jpg 557w, https:\/\/aeronet.news\/wp-content\/uploads\/LipavskyHelmetUA-753x483.jpg 753w, https:\/\/aeronet.news\/wp-content\/uploads\/LipavskyHelmetUA.jpg 1280w\" alt=\"\" width=\"695\" height=\"446\" \/><\/a><figcaption class=\"wp-caption-text\">Jan Lipavsk\u00fd, ministr zahrani\u010d\u00ed \u010cR v uniform\u011b VSU p\u0159i n\u00e1v\u0161t\u011bv\u011b Ukrajiny<\/figcaption><\/figure>\n<p>V Kremlu je tak \u010cR opravdu zaps\u00e1na velmi vysoko, kdy\u017e se o n\u00ed Lavrov zmi\u0148uje, a to dokonce dvakr\u00e1t. Lavrov toti\u017e Lipavsk\u00e9ho zm\u00ednil i na samotn\u00e9m konci rozhovoru, co\u017e pouze ukazuje, \u017ee \u010desk\u00e1 imitace ministra zamini je pova\u017eov\u00e1na za provoka\u010dn\u00edho psa Ameri\u010dan\u016f proti Rusku. Lavrov reagoval i na v\u00fdroky britsk\u00fdch p\u0159edstavitel\u016f, kte\u0159\u00ed vyzvali k por\u00e1\u017ece Ruska a ministr Lavrov na to \u0159ekl, \u017ee tak a\u0165 to zkus\u00ed! Pokud nem\u00e1te \u010das na video, tak tady je p\u0159epis.<\/p>\n<h4><span style=\"font-size: 18pt;\">Rozhovor Sergeje Lavrova se Stevem Rosenbergem na konferenci SPIEF 2022<\/span><\/h4>\n<p><em><strong>-Pane Lavrove, d\u011bkuji v\u00e1m, \u017ee jste si na\u0161el \u010das na rozhovor. Chci se v\u00e1s zeptat. Ne\u017e prezident Putin u\u010dinil rozhodnut\u00ed a ozn\u00e1mil zah\u00e1jen\u00ed speci\u00e1ln\u00ed vojensk\u00e9 operace, jak ji naz\u00fdv\u00e1, konzultoval to s v\u00e1mi, stoj\u00ed to za to?<\/strong><\/em><\/p>\n<p>-V\u00edte, \u017ee obecn\u011b v ka\u017ed\u00e9m st\u00e1t\u011b existuje rozhodovac\u00ed mechanismus. A v tomto p\u0159\u00edpad\u011b se pln\u011b aktivoval mechanismus, kter\u00fd se vyvinul v Rusk\u00e9 federaci.<\/p>\n<p><em><strong>-Konzultoval to s v\u00e1mi?<\/strong><\/em><\/p>\n<p>-Znovu v\u00e1m vysv\u011btluji, \u017ee o n\u011bkter\u00fdch v\u011bcech se ve\u0159ejn\u011b nemluv\u00ed. Existuje mechanismus rozhodov\u00e1n\u00ed. Tento mechanismus byl pln\u011b respektov\u00e1n.<\/p>\n<p><em><strong>-Pt\u00e1m se v\u00e1s jen proto, \u017ee jste 18 let ministrem zahrani\u010dn\u00edch v\u011bc\u00ed a invaze do sousedn\u00edho suver\u00e9nn\u00edho st\u00e1tu je zahrani\u010dn\u00ed z\u00e1le\u017eitost.\u00a0Prezident pravd\u011bpodobn\u011b p\u0159edpokl\u00e1dal, \u017ee to bude m\u00edt mezin\u00e1rodn\u00ed d\u016fsledky. Proto jsem p\u0159edpokl\u00e1dal, \u017ee se s v\u00e1mi porad\u00ed.<\/strong><\/em><\/p>\n<p>-V\u00edte, Steve, jste velmi zku\u0161en\u00fd novin\u00e1\u0159. Jste dob\u0159e obezn\u00e1men s re\u00e1liemi v Rusku, v jeho okol\u00ed a v postsov\u011btsk\u00e9m prostoru. Ve va\u0161\u00ed ot\u00e1zce se objevuje p\u0159\u00e1n\u00ed zru\u0161it v\u0161echno, zru\u0161it kulturu, kter\u00e1 byla p\u0159ed 24. \u00fanorem. Cel\u00fdch osm let jsme za \u00fa\u010dasti na\u0161ich speci\u00e1ln\u00edch slu\u017eeb, za \u00fa\u010dasti ministerstva zahrani\u010dn\u00edch v\u011bc\u00ed, za \u00fa\u010dasti ministerstva obrany prosazovali nutnost realizovat Minsk\u00e9 dohody, kter\u00e9 byly jednomysln\u011b schv\u00e1leny Radou bezpe\u010dnosti OSN.<\/p>\n<p>B\u011bhem t\u011bchto osmi let jsme usilovali o to, aby Don\u011bck a Luhansk, kter\u00e9 p\u016fvodn\u011b, jak si vzpom\u00edn\u00e1te, v roce 2014 v reakci na neonacistick\u00fd pu\u010d v Kyjev\u011b vyhl\u00e1sily nez\u00e1vislost, abychom je p\u0159esv\u011bd\u010dili k podpisu Minsk\u00fdch dohod, kter\u00e9 zaru\u010dily \u00fazemn\u00ed celistvost a suverenitu Ukrajiny. Kdy\u017e pan Scholz nyn\u00ed prohla\u0161uje, \u017ee je t\u0159eba donutit Rusko, aby uzav\u0159elo s Ukrajinou dohody, kter\u00e9 budou respektovat ukrajinskou \u00fazemn\u00ed celistvost a suverenitu ukrajinsk\u00e9ho st\u00e1tu, zd\u00e1 se mi, \u017ee nen\u00ed z tohoto sv\u011bta, ale p\u0159ilet\u011bl odn\u011bkud z vesm\u00edru. Proto\u017ee cel\u00fdch osm let usilujeme o napln\u011bn\u00ed dohod, kter\u00e9 zaru\u010duj\u00ed \u00fazemn\u00ed celistvost ukrajinsk\u00e9ho st\u00e1tu.<\/p>\n<p>\u2013<em><strong>Ale situace se p\u0159ed \u010dty\u0159mi m\u011bs\u00edci zm\u011bnila.<\/strong><\/em><\/p>\n<p>-Situace se nezm\u011bnila. Vrac\u00edme se k bodu, kv\u016fli kter\u00e9mu byly minsk\u00e9 dohody dohodnuty. T\u00edm je ochrana Rus\u016f v Donbasu, kter\u00e9 zradili jak Francouzi, tak N\u011bmci. V \u010dele samoz\u0159ejm\u011b st\u00e1li i Britov\u00e9. Proto\u017ee v\u0161ichni na\u0161i z\u00e1padn\u00ed kolegov\u00e9 \u0159ekli, \u017ee nemohou donutit Kyjev, aby dodr\u017eoval Minsk\u00e9 dohody.<\/p>\n<p><em><strong>-Pokud je c\u00edlem ochrana Rus\u016f v Donbasu, pro\u010d \u010dty\u0159i m\u011bs\u00edce po zah\u00e1jen\u00ed speci\u00e1ln\u00ed vojensk\u00e9 operace na \u00fazem\u00ed takzvan\u00e9 LLR a DLR zem\u0159elo v\u00edce civilist\u016f ne\u017e za cel\u00fd lo\u0148sk\u00fd rok?<\/strong><\/em><\/p>\n<p>-Asi jste i vy sledoval report\u00e1\u017ee n\u011bmeck\u00e9 televize ARD a francouzsk\u00e9ho hlavn\u00edho kan\u00e1lu, kter\u00e9 ned\u00e1vno ozn\u00e1mily, \u017ee v d\u016fsledku bombardov\u00e1n\u00ed rusk\u00fdmi ozbrojen\u00fdmi silami byla napadena porodnice a tr\u017enice v Don\u011bcku, kde zahynuly des\u00edtky civilist\u016f? Bez jak\u00fdchkoli pochybnost\u00ed uvedly, \u017ee to ud\u011blala rusk\u00e1 arm\u00e1da. Stejn\u011b jako kdysi, kdy\u017e do\u0161lo k \u00faderu na n\u00e1dra\u017e\u00ed v Kramatorsku, tvrdili, \u017ee to ud\u011blalo Rusko. A\u010dkoli bylo z\u00e1padn\u00edmi novin\u00e1\u0159i prok\u00e1z\u00e1no, \u017ee projektil p\u0159i\u0161el z \u00fazem\u00ed kontrolovan\u00e9ho ozbrojen\u00fdmi silami Ukrajiny.<\/p>\n<p><em><strong>-Vysv\u011btlete mi jen jednu v\u011bc. Loni bylo na \u00fazem\u00ed LLR a DLR zabito osm civilist\u016f. P\u0159edloni bylo zabito sedm civilist\u016f. Jedna smrt je trag\u00e9die. Rozhodn\u011b. Ale nen\u00ed to genocida, o kter\u00e9 \u010dasto mluv\u00ed ofici\u00e1ln\u00ed p\u0159edstavitel\u00e9 Ruska. Tady mi to pros\u00edm vysv\u011btlete. Jak m\u016f\u017eete vzhledem k t\u011bmto \u010d\u00edsl\u016fm \u0159\u00edci, \u017ee rozhodnut\u00ed o invazi na Ukrajinu bylo rozumn\u00e9?<\/strong><\/em><\/p>\n<p>-V\u00edte, my jsme Ukrajinu nenapadli. Speci\u00e1ln\u00ed vojenskou operaci jsme vyhl\u00e1sili, kdy\u017e u\u017e jsme nem\u011bli jak Z\u00e1padu vysv\u011btlit, \u017ee se dopou\u0161t\u00ed zlo\u010dinn\u00e9 \u010dinnosti, zatahuje Ukrajinu do NATO, v\u0161emo\u017en\u011b si h\u00fd\u010dk\u00e1, za\u0161ti\u0165uje a p\u011bstuje otev\u0159en\u011b neonacistick\u00fd re\u017eim. Prezident Zelenskyj u\u017e v z\u00e1\u0159\u00ed lo\u0148sk\u00e9ho roku \u0159ekl, a o tom jste sv\u00e9 div\u00e1ky neinformovali, \u0159ekl, \u017ee pokud se n\u011bkdo na Ukrajin\u011b c\u00edt\u00ed jako Rus, tak a\u0165 odjede do Ruska. \u0158ekl to ve\u0159ejn\u011b. Kdy\u017e mu zpravodaj CNN \u0159ekl, \u017ee pluk Azov byl v n\u011bkter\u00fdch z\u00e1padn\u00edch zem\u00edch, jak ve Spojen\u00fdch st\u00e1tech sv\u00e9ho \u010dasu, tak v Japonsku, za\u0159azen na seznam extremistick\u00fdch, teroristick\u00fdch organizac\u00ed, tak Zelenskij pokr\u010dil rameny a \u0159ekl, \u017ee takov\u00fdch prapor\u016f a pluk\u016f maj\u00ed mnoho, jsou takov\u00e9, jak\u00e9 jsou.<\/p>\n<p><em><strong>-Pod\u00edvejme se na d\u016fsledky. Uplynuly \u010dty\u0159i m\u011bs\u00edce. V d\u016fsledku toho zahynuly tis\u00edce civilist\u016f. V\u00edce ne\u017e 14 milion\u016f obyvatel Ukrajiny bylo nuceno opustit sv\u00e9 domovy. Do\u0161lo ke zna\u010dn\u00fdm ztr\u00e1t\u00e1m rusk\u00fdch voj\u00e1k\u016f. V\u016f\u010di Rusku existuje \u0159ada sankc\u00ed. A st\u00e1le si mysl\u00edte, \u017ee je to spr\u00e1vn\u00e9 rozhodnut\u00ed?<\/strong><\/em><\/p>\n<p>-Znovu v\u00e1m \u0159\u00edk\u00e1m, \u017ee jsme nem\u011bli jinou mo\u017enost. Vysv\u011btlovali jsme to znovu a znovu, tis\u00edckr\u00e1t. Te\u010f ukrajinsk\u00fd re\u017eim s va\u0161imi z\u00e1padn\u00edmi zbran\u011bmi \u00fato\u010d\u00ed na civilisty, \u00fato\u010d\u00ed na m\u011bsta, stejn\u011b jako to d\u011blal v roce 2014, kdy\u017e se pu\u010dist\u00e9 dostali k moci, kdy\u017e z letadel bombardovali centrum Luhansku, kdy\u017e v Od\u011bse up\u00e1lili 50 lid\u00ed. Vzpom\u00edn\u00e1 si na to je\u0161t\u011b n\u011bkdo?<\/p>\n<p><em><strong>-Kdybyste ne\u00fato\u010dili, nebyly by \u017e\u00e1dn\u00e9 dod\u00e1vky zbran\u00ed ze Z\u00e1padu.<\/strong><\/em><\/p>\n<p>-Ne, my jsme na nikoho ne\u00fato\u010dili. Za\u00fato\u010dili na Rusy na Ukrajin\u011b. P\u0159edstavte si, \u017ee jste Angli\u010dan. Jste Angli\u010dan nebo Skot?<\/p>\n<p><em><strong>-Dal jsem v\u00e1m \u010d\u00edsla. Osm mrtv\u00fdch v lo\u0148sk\u00e9m roce, nebo sedm.<\/strong><\/em><\/p>\n<p>-Vysv\u011btluji v\u00e1m, \u017ee ukrajinsk\u00fd re\u017eim bombarduje vlastn\u00ed obyvatelstvo. A vy mu prod\u00e1v\u00e1te zbran\u011b, aby v tom pokra\u010doval. A co se t\u00fd\u010de genocidy. Jste Angli\u010dan?<\/p>\n<p><em><strong>-Ano, jsem Angli\u010dan.<\/strong><\/em><\/p>\n<p>-P\u0159edstavte si, \u017ee by v Irsku, ne v Severn\u00edm Irsku, ale v Irsk\u00e9 republice byla zak\u00e1z\u00e1na angli\u010dtina. Jak by se Britov\u00e9 c\u00edtili?<\/p>\n<p><em><strong>-Ur\u010dit\u011b by Irsko nenapadli.<\/strong><\/em><\/p>\n<p>-Ne, po\u010dkejte. Nepon\u00ed\u017eilo by v\u00e1s to? Na Ukrajin\u011b je zak\u00e1z\u00e1na ru\u0161tina. Zkuste na ulici v Kyjev\u011b, kdy\u017e tam chod\u00ed mlad\u00ed lid\u00e9 ur\u010dit\u00e9ho vzhledu, mluvit rusky. Zkuste to.<\/p>\n<p><em><strong>-Pro\u010d si mysl\u00edte, \u017ee je NATO hrozbou? Pro\u010d se v Rusku \u010dasto \u0159\u00edk\u00e1, \u017ee prob\u011bhlo p\u011bt vln roz\u0161i\u0159ov\u00e1n\u00ed NATO.<\/strong><\/em><\/p>\n<p>-V\u00edte, j\u00e1 si mysl\u00edm, \u017ee NATO je hrozba, proto\u017ee jsme se nap\u0159\u00edklad s na\u0161imi p\u0159\u00e1teli v Srbsku velmi dlouho p\u0159\u00e1telili. Oni n\u00e1m \u0159ekli, co je NATO za\u010d. V Afgh\u00e1nist\u00e1nu n\u00e1m Afgh\u00e1nci, se kter\u00fdmi m\u00e1me vztahy, t\u00e9m\u011b\u0159 ze v\u0161ech etnick\u00fdch skupin, tak\u00e9 \u0159\u00edkaj\u00ed, co je NATO za\u010d a jak bombardovalo svatebn\u00ed ob\u0159ady. Jen proto, \u017ee voj\u00e1ci aliance si mysleli, pro\u010d se n\u011bkte\u0159\u00ed lid\u00e9 shroma\u017e\u010fuj\u00ed? Mus\u00edme je pro jistotu vybombardovat. Vysv\u011btl\u00edm v\u00e1m, pro\u010d je NATO hrozbou.<\/p>\n<p>Promluvte si nap\u0159\u00edklad s ob\u010dany Ir\u00e1ku nebo s ob\u010dany Libye, jejich\u017e zemi NATO srovnalo se zem\u00ed. Pot\u00e9 NATO prohla\u0161uje, \u017ee je st\u00e1le obrannou alianc\u00ed. A je n\u00e1m \u0159e\u010deno, nebojte se, vstup Ukrajiny do NATO, jak n\u00e1m bylo \u0159e\u010deno, nebude p\u0159edstavovat hrozbu pro Ruskou federaci. P\u0159i v\u0161\u00ed \u00fact\u011b k na\u0161im koleg\u016fm ze Severoatlantick\u00e9 aliance, Rusko m\u00e1 pr\u00e1vo samo rozhodnout, co je hrozbou pro jeho bezpe\u010dnost a co ne. Nemysl\u00edte?<\/p>\n<p>\u2013<em><strong>Pod\u00edvejte se, p\u0159ed anex\u00ed Krymu v roce 2014 nebyla ve v\u00fdchodn\u00ed Evrop\u011b \u017e\u00e1dn\u00e1 vojska NATO.<\/strong><\/em><\/p>\n<p>-\u0158eknu v\u00e1m v\u00edc a k \u017e\u00e1dn\u00e9 anexi Krymu nedo\u0161lo.<\/p>\n<p><em><strong>-Pak se tam v d\u016fsledku anexe Krymu v roce 2016 objevilo 4500 voj\u00e1k\u016f. Letos po 24. \u00fanoru jich tam pak bylo 40 000. To je v\u00fdsledek rusk\u00e9ho jedn\u00e1n\u00ed.<\/strong><\/em><\/p>\n<p>-Posly\u0161te, Steve, jste chytr\u00fd \u010dlov\u011bk. To jsou samoz\u0159ejm\u011b fakta. No a j\u00e1 v\u00e1m uvedu dal\u0161\u00ed fakta. Ve\u0161ker\u00e1 va\u0161e analytika vych\u00e1z\u00ed ze stejn\u00e9 zru\u0161en\u00e9 kultury. Zru\u0161\u00edte v\u0161e, co p\u0159edch\u00e1zelo ud\u00e1losti, kterou se rozhodnete nazvat bu\u010f invaz\u00ed, nebo anex\u00ed. Co se stalo 21. \u00fanora 2014 na Ukrajin\u011b? Tomu se \u0159\u00edk\u00e1 p\u0159evrat. Jak tomu \u0159\u00edk\u00e1te vy?<\/p>\n<p><em><strong>-Ptal jsem se v\u00e1s jako prvn\u00ed. Jak tomu \u0159\u00edk\u00e1te vy?<\/strong><\/em><\/p>\n<p>-U\u017e jsem \u0159ekl, \u017ee tomu \u0159\u00edk\u00e1me st\u00e1tn\u00ed p\u0159evrat, kter\u00fd se odehr\u00e1l r\u00e1no pot\u00e9, co Francie, Polsko a N\u011bmecko p\u0159ipojily sv\u00e9 podpisy pod dohodu mezi tehdej\u0161\u00edm prezidentem a v\u016fdci opozice. Druh\u00fd den r\u00e1no v\u016fdci opozice na N\u011bmecko, Francii a Polsko ka\u0161lali. A N\u011bmecko, Francie a Polsko ut\u0159ely. \u0158e\u010deno rusky. \u0158\u00edkali jsme tomu st\u00e1tn\u00ed p\u0159evrat. A jak jste tomu \u0159\u00edkali vy?<\/p>\n<p>\u2013<em><strong>Ud\u00e1losti p\u0159ed osmi lety v\u00e1m d\u00e1vaj\u00ed pr\u00e1vo d\u011blat to, co d\u011bl\u00e1te?<\/strong><\/em><\/p>\n<p>-Tady nejde o pr\u00e1vo. Chci od v\u00e1s sly\u0161et up\u0159\u00edmnost. Tomu \u0159\u00edk\u00e1me st\u00e1tn\u00ed p\u0159evrat. Jak se tomu \u0159\u00edk\u00e1 v Anglii?<\/p>\n<p><em><strong>-Tohle je m\u016fj rozhovor s v\u00e1mi.<\/strong><\/em><\/p>\n<p>-To ur\u010dit\u011b. Ale chci pochopit va\u0161i logiku. Proto\u017ee abych v\u00e1m mohl jasn\u011b odpov\u011bd\u011bt, mus\u00edte mi jasn\u011b vysv\u011btlit, o \u010dem mluv\u00edte.<\/p>\n<p><em><strong>-Chci pochopit va\u0161i logiku. \u0158\u00edk\u00e1te, \u017ee NATO je hrozba. Pod\u00edvejte se, te\u010f \u0159\u00edk\u00e1te, \u017ee NATO je p\u0159\u00edli\u0161 mnoho u hranic s Ruskem. A nyn\u00ed, v d\u016fsledku jedn\u00e1n\u00ed Ruska, je tam NATO je\u0161t\u011b v\u00edce. Finsko a \u0160v\u00e9dsko vstupuj\u00ed do aliance.<\/strong><\/em><\/p>\n<p>-Finsko a \u0160v\u00e9dsko se v r\u00e1mci sbli\u017eov\u00e1n\u00ed Evropsk\u00e9 unie a NATO ji\u017e d\u00e1vno pod\u0159\u00eddily Anglosas\u016fm. Evropsk\u00e1 unie ztr\u00e1c\u00ed sv\u016fj v\u00fdznam.<\/p>\n<p><em><strong>-Jedn\u00e1 se o selh\u00e1n\u00ed rusk\u00e9 diplomacie.<\/strong><\/em><\/p>\n<p>-V jak\u00e9m smyslu?<\/p>\n<p><em><strong>-\u017de se \u0160v\u00e9dsko a Finsko stanou \u010dleny NATO.<\/strong><\/em><\/p>\n<p>-\u0160v\u00e9dsko a Finsko uplat\u0148uj\u00ed sv\u00e9 svrchovan\u00e9 pr\u00e1vo a jednaj\u00ed tak, jak jejich vl\u00e1da uzn\u00e1 za vhodn\u00e9. Neberou tak\u00e9 ohled na n\u00e1zor lidu, stejn\u011b jako nebrali ohled na n\u00e1zor mnoha jin\u00fdch n\u00e1rod\u016f, \u0159e\u0161\u00edc\u00edch \u00fakoly, kter\u00e9 si NATO klade.<\/p>\n<p><em><strong>-To znamen\u00e1, \u017ee to nen\u00ed hrozba pro Rusko?<\/strong><\/em><\/p>\n<p>-Uvid\u00edme, jak to dopadne. Ji\u017e v\u00edcekr\u00e1t jsme \u0159ekli, \u017ee a\u017e \u0160v\u00e9dsko a Finsko vstoup\u00ed do NATO, uvid\u00edme, co se bude d\u00edt na Zemi. Budou se tam dod\u00e1vat zbran\u011b? Budou tam rozm\u00edst\u011bny nov\u00e9 kontingenty? Z\u00e1rove\u0148 v\u00e1s uji\u0161\u0165uji, \u017ee Evropany nikdo nebude poslouchat, nikdo nebude poslouchat ani Finsko, ani \u0160v\u00e9dsko. Ti n\u00e1m nyn\u00ed \u0159\u00edkaj\u00ed, \u017ee nebudou m\u00edt \u017e\u00e1dn\u00e9 ciz\u00ed ozbrojen\u00e9 s\u00edly a vojensk\u00e9 z\u00e1kladny. A pan Lloyd Austin, ministr obrany Spojen\u00fdch st\u00e1t\u016f, \u0159ekl, \u017ee Spojen\u00e9 st\u00e1ty pl\u00e1nuj\u00ed zv\u00fd\u0161it svou vojenskou p\u0159\u00edtomnost v Evrop\u011b. \u017de se jen zat\u00edm nerozhodly, zda bude st\u00e1l\u00e1, rota\u010dn\u00ed nebo neust\u00e1le rotuj\u00edc\u00ed. V\u016fbec ne\u0159ekl, \u017ee by to bylo nutn\u00e9 konzultovat s evropsk\u00fdmi spojenci. Nechce t\u011bmto evropsk\u00fdm spojenc\u016fm naslouchat. Rozhodl se tak, ozn\u00e1mil, \u017ee o tom rozhodnou ve Washingtonu.<\/p>\n<p><em><strong>-Rusko \u0159\u00edk\u00e1, \u017ee na Ukrajin\u011b bojuje proti nacist\u016fm, \u017ee?<\/strong><\/em><\/p>\n<p>-Ne, oni na Ukrajin\u011b nebojuj\u00ed proti nacist\u016fm. Na Ukrajin\u011b nacismus vzkv\u00e9t\u00e1.<\/p>\n<p><em><strong>-Pak si poslechn\u011bte, co \u0159\u00edk\u00e1 vysok\u00e1 komisa\u0159ka OSN pro lidsk\u00e1 pr\u00e1va. Promluvila v kv\u011btnu, mimo jin\u00e9 po v\u00fdsledc\u00edch monitorovac\u00ed mise. A \u0159ekla, \u017ee ve vesnici Jahodnoje v \u010cernihivsk\u00e9 oblasti rusk\u00e1 arm\u00e1da 28 dn\u00ed dr\u017eela 360 lid\u00ed, v\u010detn\u011b 74 d\u011bt\u00ed a 5 posti\u017een\u00fdch osob ve sklep\u011b \u0161koly, bez z\u00e1chodu a bez vody. Zem\u0159elo 10 star\u0161\u00edch lid\u00ed. Je toto boj proti nacismu?<\/strong><\/em><\/p>\n<p>-V\u00edte, bohu\u017eel, mezin\u00e1rodn\u00ed p\u0159edstavitel\u00e9, v\u010detn\u011b vysok\u00e9ho komisa\u0159e OSN pro lidsk\u00e1 pr\u00e1va a k m\u00e9 velk\u00e9 l\u00edtosti i gener\u00e1ln\u00edho tajemn\u00edka OSN a mnoha dal\u0161\u00edch p\u0159edstavitel\u016f OSN, podl\u00e9haj\u00ed tlaku Z\u00e1padu. A velmi \u010dasto vystupuj\u00ed jako hl\u00e1sn\u00e1 trouba fale\u0161n\u00fdch zpr\u00e1v, kter\u00e9 Z\u00e1pad \u0161\u00ed\u0159\u00ed.<\/p>\n<p><em><strong>-To znamen\u00e1, \u017ee se ukazuje, \u017ee Rusko je op\u011bt b\u00edl\u00e9 a na\u010dechran\u00e9?<\/strong><\/em><\/p>\n<p>-Ne, Rusko nen\u00ed b\u00edl\u00e9 a na\u010dechran\u00e9. Rusko je takov\u00e9, jak\u00e9 je. Nestyd\u00edme se uk\u00e1zat, jac\u00ed jsme. Mohu se v\u00e1s je\u0161t\u011b zeptat, abych pochopil politiku va\u0161ich m\u00e9di\u00ed ohledn\u011b trag\u00e9die v Bu\u010di, ohledn\u011b inscenace v Bu\u010di? Informovali jste o tom? Pravd\u011bpodobn\u011b jste \u0159ekli, \u017ee to ud\u011blalo Rusko. M\u00e1m pravdu? A o tom, \u017ee lond\u00fdnsk\u00fd den\u00edk Guardian, kter\u00fd vych\u00e1z\u00ed v Lond\u00fdn\u011b, pozd\u011bji obdr\u017eel v\u00fdsledky p\u0159edb\u011b\u017en\u00e9 soudn\u00ed pitvy, kter\u00e1 uk\u00e1zala, \u017ee naprost\u00e1 v\u011bt\u0161ina t\u011bch lid\u00ed, jejich\u017e mrtvoly ukazovaly v\u0161echny televizn\u00ed kan\u00e1ly na sv\u011bt\u011b, byla zran\u011bna d\u011blost\u0159eleck\u00fdmi gran\u00e1ty?<\/p>\n<p><em><strong>-Jak\u00fd je smysl va\u0161\u00ed ot\u00e1zky? M\u00e1me m\u00e1lo \u010dasu.<\/strong><\/em><\/p>\n<p>-Ano, nem\u00e1me mnoho \u010dasu, ale nechcete mi vysv\u011btlit, pro\u010d neust\u00e1le, m\u00edrn\u011b \u0159e\u010deno, l\u017eete? Polo\u017eil jsem v\u00e1m ot\u00e1zku, jak BBC informovala o ud\u00e1lostech v Bu\u010di?<\/p>\n<p><em><strong>-V Bu\u010di jsem nebyl. Jsem v Rusku, proto se pt\u00e1m na postoj Ruska. C\u00edlem operace, jak tehdy prohl\u00e1sil rusk\u00fd prezident, je zm\u011bna re\u017eimu. Nen\u00ed tomu tak?<\/strong><\/em><\/p>\n<p>-Nejde o zm\u011bnu re\u017eimu. C\u00edlem operace je ochrana pr\u00e1v Rus\u016f, kte\u0159\u00ed byli po osm let hrub\u011b ignorov\u00e1ni nejen kyjevsk\u00fdm re\u017eimem, ale i cel\u00fdm Z\u00e1padem a civilizovan\u00fdm spole\u010denstv\u00edm, kter\u00e9 odm\u00edtlo dodr\u017eovat Minsk\u00e9 dohody. Pokud jste necht\u011bli zajistit pr\u00e1va Rus\u016f v Donbasu t\u00edm, \u017ee by Kyjev plnil rezoluci Rady bezpe\u010dnosti, pak pr\u00e1va Rus\u016f zajist\u00edme sami. A my to ud\u011bl\u00e1me.<\/p>\n<p><em><strong>-25. \u00fanora se Putin obr\u00e1til na ukrajinsk\u00e9 voj\u00e1ky a \u0159ekl jim, aby vzali moc do sv\u00fdch rukou, proto\u017ee pro Rusko bude snaz\u0161\u00ed jednat s nimi ne\u017e s bandou narkoman\u016f a neonacist\u016f, kter\u00e1 se usadila v Kyjev\u011b. To zn\u00ed jako p\u0159\u00edm\u00e1 v\u00fdzva k vojensk\u00e9 vzpou\u0159e.<\/strong><\/em><\/p>\n<p>-Ne, zn\u00ed to jako p\u0159\u00edm\u00e1 v\u00fdzva k pln\u011bn\u00ed vojensk\u00e9 povinnosti, a ne ke slu\u017eb\u011b nacist\u016fm, kte\u0159\u00ed ru\u0161\u00ed v\u0161e, co se jejich re\u017eimu nel\u00edb\u00ed, v\u010detn\u011b rusk\u00e9ho \u0161kolstv\u00ed, rusk\u00e9 kultury, rusk\u00fdch m\u00e9di\u00ed. BBC na Ukrajin\u011b nezru\u0161ili, proto\u017ee ne\u0159\u00edk\u00e1te pravdu o tom, co se tam u\u017e osm let d\u011bje. Ptal jsem se v\u00e1s, jestli jste vy nebo n\u011bkdo z va\u0161ich koleg\u016f z BBC jezdil osm let na Donbas, kdy\u017e tam kyjev\u0161t\u00ed voj\u00e1ci bombardovali civilisty?<\/p>\n<p><em><strong>-V\u00edte, \u0161est let n\u00e1\u0161 t\u00fdm opakovan\u011b \u017e\u00e1dal veden\u00ed DLR a LLR o povolen\u00ed p\u0159ijet a pod\u00edvat se, co se d\u011bje. Poka\u017ed\u00e9 n\u00e1m to bylo zam\u00edtnuto. Mysl\u00edm, \u017ee kdyby tam skute\u010dn\u011b prob\u00edhala genocida, m\u011bli by z\u00e1jem, abychom se p\u0159ijeli pod\u00edvat, ale ne. Pro\u010d n\u00e1m to nebylo umo\u017en\u011bno?<\/strong><\/em><\/p>\n<p>-Nev\u00edm, pro\u010d v\u00e1s nepustili dovnit\u0159. Ale na\u0161i novin\u00e1\u0159i tam pracovali nep\u0159etr\u017eit\u011b a ukazovali v\u00fdsledky bombardov\u00e1n\u00ed kyjevsk\u00fdch prapor\u016f. Chodili jste na ukrajinskou stranu, na linii dotyku. Tam nemaj\u00ed takovou destrukci a tak bl\u00edzko.<\/p>\n<p><em><strong>-Chci se v\u00e1s zeptat, v\u00e1\u0161 prezident ned\u00e1vno velmi chv\u00e1lil Petra Velik\u00e9ho za to, \u017ee pr\u00fd vr\u00e1til prap\u016fvodn\u011b rusk\u00e1 \u00fazem\u00ed, a dokonce dodal, \u017ee i n\u00e1m p\u0159ipadl \u00fad\u011bl vr\u00e1tit a pos\u00edlit. Chci se v\u00e1s zeptat, kolik dal\u0161\u00edch \u00fazem\u00ed a jak\u00e1 \u00fazem\u00ed se chyst\u00e1te vr\u00e1tit?<\/strong><\/em><\/p>\n<p>-P\u0159edev\u0161\u00edm, prezident u\u017e \u0159ekl v\u0161echno, nem\u00e1m k tomu co dodat. A za druh\u00e9, znovu v\u00e1m \u0159eknu, \u017ee se sna\u017e\u00edte zapomenout na v\u0161echno, co t\u00e9 ud\u00e1losti p\u0159edch\u00e1zelo. \u0158\u00edk\u00e1m v\u00e1m, vy pop\u00edr\u00e1te, ru\u0161\u00edte, nechcete sly\u0161et o tom, co p\u0159edch\u00e1zelo 24. \u00fanoru, co p\u0159edch\u00e1zelo hlasov\u00e1n\u00ed na Krymu. Nejste spokojeni s t\u00edm, \u017ee jsme velmi trp\u011bliv\u00ed. Ale kdy\u017e trp\u011blivost praskne, reagujeme na hrubost a poni\u017eov\u00e1n\u00ed rusk\u00e9ho n\u00e1roda, jako se to stalo p\u0159i st\u00e1tn\u00edm p\u0159evratu v \u00fanoru 2014, kdy se k moci dostali lid\u00e9, kte\u0159\u00ed \u0159ekli, \u017ee ru\u0161\u00ed region\u00e1ln\u00ed status rusk\u00e9ho jazyka. Vte\u0159inku\u2026 \u017ee vyh\u00e1n\u011bj\u00ed Rusy z Krymu, poslali tam ozbrojen\u00e9 lidi. Co o tom tehdy informovala BBC? V\u016fbec nic! \u0158\u00edkal jste, \u017ee je to norm\u00e1ln\u00ed demokratick\u00fd proces, to je v\u0161echno.<\/p>\n<p><em><strong>-M\u016f\u017eete kategoricky prohl\u00e1sit, \u017ee u\u017e nebudou \u017e\u00e1dn\u00e9 speci\u00e1ln\u00ed operace a rusk\u00e9 invaze na jin\u00e1 \u00fazem\u00ed soused\u00edc\u00ed s Ruskem?<\/strong><\/em><\/p>\n<p>-V\u00edte, my jsme tomu slovu v\u011b\u0159ili velmi dlouho. Va\u0161i brat\u0159i-voj\u00e1ci, krajan\u00e9, spolu s dal\u0161\u00edmi \u010dleny Severoatlantick\u00e9 aliance slavnostn\u011b vyhl\u00e1sili princip ned\u011blitelnosti bezpe\u010dnosti, kdy nikdo nem\u00e1 pr\u00e1vo posilovat svou bezpe\u010dnost na \u00fakor bezpe\u010dnosti jin\u00fdch. A kdy\u017e jsme \u0159ekli, \u017ee p\u011btin\u00e1sobn\u00e9 roz\u0161\u00ed\u0159en\u00ed NATO poru\u0161uje na\u0161i bezpe\u010dnost, prost\u011b jste n\u00e1s ignorovali. Nyn\u00ed francouzsk\u00fd prezident Macron \u0159ekl, \u017ee by se m\u011blo s Ruskem mluvit, \u017ee by se nem\u011bli Rusov\u00e9 poni\u017eovat. V\u00edte, kdo mu odpov\u011bd\u011bl?\u00a0<strong>Ministr zahrani\u010dn\u00edch v\u011bc\u00ed \u010cesk\u00e9 republiky, n\u011bjak\u00fd pan Lipavsk\u00fd. Ten \u0159ekl, \u017ee Macron ni\u010demu nerozum\u00ed, \u010d\u00edm\u017e nazna\u010dil, \u017ee by se Rusov\u00e9 m\u011bli poni\u017eovat.<\/strong>\u00a0Co si o tom mysl\u00edte vy?<\/p>\n<p><em><strong>-Chci se v\u00e1s zeptat na Brity, kte\u0159\u00ed byli ned\u00e1vno odsouzeni k trestu smrti.<\/strong><\/em><\/p>\n<p>-K tomu mus\u00edte ud\u011blat rozhovor v Don\u011bck\u00e9 lidov\u00e9 republice.<\/p>\n<p><em><strong>-Proto\u017ee Rusko je jedinou zem\u00ed, kter\u00e1 DLR uzn\u00e1v\u00e1.<\/strong><\/em><\/p>\n<p>-Ne, nen\u00ed jedin\u00e1, uznalo je n\u011bkolik dal\u0161\u00edch zem\u00ed.<\/p>\n<p><em><strong>-Mysl\u00edm, \u017ee DLR m\u00e1 v Rusku siln\u00fd vliv.<\/strong><\/em><\/p>\n<p>-Jsme p\u0159\u00e1tel\u00e9, jsme spojenci.<\/p>\n<p><em><strong>-A proto je v o\u010d\u00edch Z\u00e1padu Rusko zodpov\u011bdn\u00e9 za osud t\u011bchto lid\u00ed.<\/strong><\/em><\/p>\n<p>-Ne, poslouchejte, o\u010di Z\u00e1padu m\u011b v\u016fbec nezaj\u00edmaj\u00ed. Zaj\u00edm\u00e1 m\u011b pouze mezin\u00e1rodn\u00ed pr\u00e1vo. Podle mezin\u00e1rodn\u00edho pr\u00e1va nejsou \u017eold\u00e1ci pova\u017eov\u00e1ni za bojovn\u00edky. Proto na tom, co je ve va\u0161ich o\u010d\u00edch, up\u0159\u00edmn\u011b \u0159e\u010deno, nez\u00e1le\u017e\u00ed.<\/p>\n<p><em><strong>-Nejsou to \u017eold\u00e1ci, slou\u017eili v ukrajinsk\u00fdch ozbrojen\u00fdch sil\u00e1ch.<\/strong><\/em><\/p>\n<p>-To mus\u00ed ur\u010dit soud.<\/p>\n<p><em><strong>-Mysl\u00edte si, \u017ee tam existuje nez\u00e1visl\u00fd soud?<\/strong><\/em><\/p>\n<p>-Jsem p\u0159esv\u011bd\u010den, \u017ee nez\u00e1visl\u00fd soud tam existuje. Mysl\u00edte si, \u017ee m\u00e1te nez\u00e1visl\u00fd soud? Jak jste soudili Litvin\u011bnka, respektive jak po Litvin\u011bnkov\u011b smrti vzali va\u0161emu nez\u00e1visl\u00e9mu soudu pr\u00e1vo vyhl\u00e1sit ve\u0159ejn\u00fd proces, to znamen\u00e1, \u017ee p\u0159\u00edpad utajili. Tot\u00e9\u017e jste ud\u011blali v p\u0159\u00edpad\u011b Skripalov\u00fdch. To je va\u0161e pr\u00e1vo.<\/p>\n<p><em><strong>-Obr\u00e1tila se na v\u00e1s britsk\u00e1 vl\u00e1da ohledn\u011b osudu t\u011bchto lid\u00ed?<\/strong><\/em><\/p>\n<p>-Nesly\u0161el jsem, \u017ee by se na n\u00e1s obr\u00e1tili. Jsou zvykl\u00ed d\u011blat v\u0161echno ve\u0159ejn\u011b. Za\u010dali prohla\u0161ovat, \u017ee se zaj\u00edmaj\u00ed o osud sv\u00fdch poddan\u00fdch. Nev\u00edm, jestli n\u00e1s kontaktovali, nebo ne. Mus\u00ed se obr\u00e1tit na Don\u011bckou lidovou republiku.<\/p>\n<p><em><strong>-Co nyn\u00ed m\u016f\u017eete \u0159\u00edci o vztaz\u00edch s Velkou Brit\u00e1ni\u00ed? \u0158\u00edci, \u017ee jsou \u0161patn\u00e9, je samoz\u0159ejm\u011b slab\u00e9 slovo.<\/strong><\/em><\/p>\n<p>-V\u00edte, podle m\u00e9ho n\u00e1zoru v t\u011bchto vztaz\u00edch nen\u00ed \u017e\u00e1dn\u00fd man\u00e9vrovac\u00ed prostor. Proto\u017ee jak Johnson, tak Truss ve\u0159ejn\u011b prohla\u0161uj\u00ed, \u017ee mus\u00ed porazit Rusko, \u017ee mus\u00ed Rusko srazit na kolena. No, tak to zkuste!<\/p>\n<p><em><strong>-Jak se nyn\u00ed Moskva d\u00edv\u00e1 na Velkou Brit\u00e1nii?<\/strong><\/em><\/p>\n<p>-Je to zem\u011b, kter\u00e1 se op\u011bt sna\u017e\u00ed ob\u011btovat z\u00e1jmy sv\u00e9ho lidu ambic\u00edm politik\u016f, kte\u0159\u00ed mysl\u00ed jen na p\u0159\u00ed\u0161t\u00ed volby a na nic jin\u00e9ho.<\/p>\n<p><em><strong>-Kritizujete zem\u011b, kter\u00e9 dod\u00e1vaj\u00ed Kyjevu zbran\u011b.\u00a0<\/strong><strong>Kdo za to nese v\u011bt\u0161\u00ed vinu? Zem\u011b, kter\u00e9 dod\u00e1vaj\u00ed zbran\u011b Ukrajin\u011b, kter\u00e1 br\u00e1n\u00ed sv\u00e9 \u00fazem\u00ed, nebo zem\u011b, kter\u00e1 ji napadla?<\/strong><\/em><\/p>\n<p>-Jak m\u00e1 chr\u00e1nit sv\u00e9 \u00fazem\u00ed, kdy\u017e bombarduje sv\u00e9 ob\u010dany? Znovu p\u0159ipom\u00edn\u00e1m, \u017ee Zelenskij v z\u00e1\u0159\u00ed \u0159ekl, \u017ee kdo chce myslet rusky, kdo se pova\u017euje za Rusa, a\u0165 jede do Ruska. Pro\u010d o tom nemluv\u00edte? Pro\u010d zapom\u00edn\u00e1te na p\u0159edchoz\u00ed ud\u00e1losti? Te\u010f, kdy\u017e bombarduj\u00ed vlastn\u00ed m\u011bsta, m\u011bste\u010dka, trhy, porodnice, nemocnice, to v\u0161echno je \u00fadajn\u011b v po\u0159\u00e1dku. Pt\u00e1te se, pro\u010d je Rusko ve v\u00e1lce v reakci na to, co p\u0159edv\u00e1d\u00edme. Jestli\u017ee v Brit\u00e1nii neukazuj\u00ed n\u00e1sledky bombardov\u00e1n\u00ed Don\u011bcka, Kramatorska a dal\u0161\u00edch s\u00eddel, tak tady se na to asi d\u00edv\u00e1te. Informujete o tom n\u011bco?<\/p>\n<p><em><strong>-\u0158\u00edkal jste, \u017ee chr\u00e1n\u00edte Donbas a lidi v Donbasu. J\u00e1 jsem v\u00e1m \u0159\u00edkal, \u017ee zem\u0159elo dvacetkr\u00e1t v\u00edc lid\u00ed.<\/strong><\/em><\/p>\n<p>-A j\u00e1 jsem v\u00e1m \u0159ekl, \u017ee ty lidi zab\u00edjej\u00ed ukrajin\u0161t\u00ed neonacist\u00e9. Pt\u00e1m se v\u00e1s, ukazujete v\u00fdsledky bombardov\u00e1n\u00ed osad ozbrojen\u00fdmi silami Ukrajiny? Nebo je ve sv\u00fdch zpr\u00e1v\u00e1ch neukazujete? Neukazujete to? M\u00e1m pravdu?\u00a0<strong>Proto ze m\u011b nyn\u00ed pot\u0159ebujete dostat slova l\u00edtosti nad t\u00edm, co se d\u011bje nyn\u00ed, abyste mohl poslat svou zpr\u00e1vu do Lond\u00fdna a pou\u017e\u00edt m\u00e1 slova k potvrzen\u00ed fale\u0161n\u00e9 verze toho, co se na Ukrajin\u011b d\u011bje, kterou neust\u00e1le vys\u00edl\u00e1te.<\/strong>\u00a0V tom se ale m\u00fdl\u00edte. Ne, pt\u00e1m se v\u00e1s, d\u00e1v\u00e1te to najevo? Vy, kdy\u017e jste v Moskv\u011b, promi\u0148te mi to, nem\u016f\u017eete nevid\u011bt, co ukazuj\u00ed novin\u00e1\u0159i na Donbase, co se d\u011bje v d\u016fsledku bombardov\u00e1n\u00ed m\u00edrov\u00fdch osad a civilist\u016f. Informujete o tom, nebo ne?<\/p>\n<p><em><strong>-Chci se v\u00e1s zeptat, n\u00e1\u0161 \u010das se bl\u00ed\u017e\u00ed ke konci.<\/strong><\/em><\/p>\n<p>-Tak\u017ee o tom neinformujete.<\/p>\n<p><em><strong>-J\u00e1 jsem v Rusku t\u00e9m\u011b\u0159 30 let. Procestoval jsem tuto zemi. Ve vesnic\u00edch a m\u011bstech, kter\u00e9 jsem nav\u0161t\u00edvil, v\u00edte, jakou v\u011btu sly\u0161\u00edm nej\u010dast\u011bji? Je to \u201cKdyby tak nebyla v\u00e1lka\u201d. \u201cKdyby jen nebyla v\u00e1lka\u201d. Ch\u00e1pu, \u017ee va\u0161e zem\u011b stra\u0161n\u011b trp\u011bla. Proto mi nejde do hlavy, \u017ee va\u0161e zem\u011b rozpoutala v\u00e1lku na Ukrajin\u011b a za\u010dala v\u00e1lku v Evrop\u011b. Nech\u00e1pu, pro\u010d to bylo nutn\u00e9? Abyste zni\u010dili Ukrajinu a budoucnost sv\u00e9 zem\u011b?<\/strong><\/em><\/p>\n<p>-Sly\u0161el jsem v\u00e1s. Zapad\u00e1 v\u00e1m do hlavy politick\u00fd kurz, kter\u00fd Kyjev sleduje posledn\u00edch deset let, zru\u0161it v\u0161e rusk\u00e9? M\u00e1te to v hlav\u011b? Mysl\u00edte si, \u017ee v\u011bta \u201cKdyby jen nebyla v\u00e1lka\u201d znamen\u00e1 mo\u017enost pon\u00ed\u017een\u00ed Rus\u016f, Ruska? Jak o tom mluv\u00ed ministr zahrani\u010dn\u00edch v\u011bc\u00ed \u010cR, kdy\u017e odpov\u00edd\u00e1 Macronovi, kter\u00fd naopak vyz\u00fdv\u00e1, aby nikdo neponi\u017eoval Rusy? Z n\u011bjak\u00e9ho d\u016fvodu o tom nikdo nemluv\u00ed. Vy jste vystihli to, co pot\u0159ebujete pro svou linii, pro logiku sv\u00e9ho vys\u00edl\u00e1n\u00ed. \u201cKdyby jen nebyla v\u00e1lka\u201d \u2013 tato v\u011bta je v rusk\u00e9m n\u00e1rod\u011b hluboce zako\u0159en\u011bn\u00e1. Ale v rusk\u00e9m lidu je zako\u0159en\u011bna i hrdost, to, \u010demu \u0159\u00edk\u00e1me n\u00e1rodn\u00ed hrdost, sebe\u00facta, o kterou se s va\u0161\u00ed podporou sna\u017e\u00ed p\u0159ipravit v\u0161echny Rusy na Ukrajin\u011b, to je cel\u00e9.<\/p>\n<p><em><strong>-Moc v\u00e1m d\u011bkuji.<\/strong><\/em><\/p>\n<p>-D\u011bkuji, Steve.<\/p>\n<p><em>P\u0159eklad pro AERONET.NEWS: -VK-<\/em><\/p>\n<h6><span style=\"font-size: 18pt;\">U\u010debnice konceptu\u00e1ln\u00edho vn\u00edm\u00e1n\u00ed konfliktu Rusko vs. Z\u00e1pad<\/span><\/h6>\n<p>Po p\u0159e\u010dten\u00ed rozhovoru m\u00e1te v podstat\u011b okam\u017eit\u011b k dispozici celou konceptu\u00e1ln\u00ed rozvahu konfliktu mezi Z\u00e1padem a Ruskem, proto\u017ee je v n\u00ed obsa\u017eeno \u00fapln\u011b v\u0161echno. Na jedn\u00e9 stran\u011b Rusko, kter\u00e9 neust\u00e1le \u010del\u00ed pokus\u016fm o obsazen\u00ed a o \u00fatisk rusk\u00e9ho obyvatelstva na Ukrajin\u011b, ale i v\u0161ude ve sv\u011bt\u011b, a na stran\u011b druh\u00e9 umanut\u00fd pohled Z\u00e1padu, \u017ee Rusko je agresor z principu a cokoliv sp\u00e1ch\u00e1 nebo provede Ukrajina Rus\u016fm, je naprosto demokratick\u00e9.<\/p>\n<p>A pokud to nen\u00ed demokratick\u00e9, BBC o tom prost\u011b ml\u010d\u00ed a neinformuje o tom. A kdy\u017e BBC n\u011bkam p\u0159ijede, p\u0159ekrout\u00ed v\u0161echno, co nato\u010d\u00ed. Nen\u00ed divu, \u017ee jej\u00ed redaktory do DLR a LLR necht\u011bj\u00ed pustit, na rozd\u00edl t\u0159eba od report\u00e9r\u016f TV France.\u00a0<strong>Sou\u010dasn\u00e1 v\u00e1lka za\u010dala v roce 2014 st\u00e1tn\u00edm pu\u010dem v Kyjev\u011b a pokra\u010dovala dv\u011bma v\u00e1lkami proti obyvatel\u016fm Donbasu<\/strong>. Z\u00e1pad p\u0159itom cel\u00fdch 8 let vyzbrojoval Ukrajinu nam\u00edsto toho, aby ji nutil a tla\u010dil k napl\u0148ov\u00e1n\u00ed Minsk\u00fdch dohod.<\/p>\n<figure id=\"attachment_52112\" class=\"wp-caption aligncenter\" style=\"width: 696px;\"><a href=\"https:\/\/aeronet.news\/wp-content\/uploads\/LavrovBBCRosenberg.jpg\"><img decoding=\"async\" loading=\"lazy\" class=\"wp-image-52112 \" src=\"https:\/\/aeronet.news\/wp-content\/uploads\/LavrovBBCRosenberg-1024x576.jpg\" sizes=\"(max-width: 700px) 100vw, 700px\" srcset=\"https:\/\/aeronet.news\/wp-content\/uploads\/LavrovBBCRosenberg-1024x576.jpg 1024w, https:\/\/aeronet.news\/wp-content\/uploads\/LavrovBBCRosenberg-300x169.jpg 300w, https:\/\/aeronet.news\/wp-content\/uploads\/LavrovBBCRosenberg-768x432.jpg 768w, https:\/\/aeronet.news\/wp-content\/uploads\/LavrovBBCRosenberg-700x394.jpg 700w, https:\/\/aeronet.news\/wp-content\/uploads\/LavrovBBCRosenberg-635x357.jpg 635w, https:\/\/aeronet.news\/wp-content\/uploads\/LavrovBBCRosenberg-859x483.jpg 859w, https:\/\/aeronet.news\/wp-content\/uploads\/LavrovBBCRosenberg.jpg 1280w\" alt=\"\" width=\"696\" height=\"392\" \/><\/a><figcaption class=\"wp-caption-text\">Steve Rosenberg a Sergej Lavrov<\/figcaption><\/figure>\n<p>Nebyla tedy ze strany Z\u00e1padu vyvinuta naprosto \u017e\u00e1dn\u00e1 snaha o m\u00edrov\u00e9 urovn\u00e1n\u00ed etnick\u00e9ho konfliktu na Ukrajin\u011b, nebylo p\u0159istoupeno k federalizaci zem\u011b, nebyly vytvo\u0159eny modely samospr\u00e1v a p\u0159edev\u0161\u00edm nebyly p\u0159ijaty z\u00e1kony, kter\u00e9 jinak vy\u017eaduje po sv\u00fdch \u010dlenech Evropsk\u00e1 unie automaticky, tedy z\u00e1kony proti diskriminaci etnik, ras, kultur, jazyk\u016f a n\u00e1rodnost\u00ed. Naopak, z\u00e1padn\u00ed koalice Kyjevu a ml\u010dky tolerovala p\u0159ij\u00edm\u00e1n\u00ed z\u00e1kon\u016f zakazuj\u00edc\u00edch ru\u0161tinu.<\/p>\n<p><strong>Tedy jazyk, kter\u00fdm na Ukrajin\u011b podle posledn\u00edho s\u010d\u00edt\u00e1n\u00ed lidu p\u0159ed v\u00edce ne\u017e 11 lety mluv\u00ed p\u0159es 53% obyvatel Ukrajiny.<\/strong>\u00a0Utla\u010dov\u00e1n\u00ed rusk\u00e9ho etnika na Ukrajin\u011b trvalo s p\u0159ihl\u00ed\u017een\u00edm EU a USA cel\u00fdch 8 let, a to prost\u011b sta\u010dilo. A pokud si politici na z\u00e1pad\u011b mysleli, \u017ee etni\u010dt\u00ed Rusov\u00e9 uposlechnou Zelensk\u00e9ho v\u00fdzvu z minul\u00e9ho roku ze z\u00e1\u0159\u00ed, aby se odst\u011bhovali do Ruska, tak to jsou na omylu. Tito Rusov\u00e9 se nikam st\u011bhovat nemus\u00ed, proto\u017ee na Donbasu se narodili a na Donbasu jsou doma! Kdo se bude ale z Ukrajiny pakovat pry\u010d, to budou ukro-n\u00e1ckov\u00e9. Minim\u00e1ln\u011b z t\u011bch \u00fazem\u00ed, kde prob\u011bhne denacifika\u010dn\u00ed operace.<\/p>\n<p>-VK- \u0160\u00e9fredaktor AE News<\/p>\n<p><a href=\"https:\/\/aeronet.news\/video-nejaky-lipavsky-prohlasil-o-macronovi-ze-nicemu-nerozumi-exkluzivni-preklad-rozhovoru-ruskeho-ministra-zahranici-sergeje-lavrova-s-redaktorem-bbc-na-petrohradskem-foru-spief-2022\/\">ZDROJ<\/a><\/p>\n<p>&nbsp;<\/p>\n","protected":false},"excerpt":{"rendered":"<p>N\u011bjak\u00fd Lipavsk\u00fd prohl\u00e1sil o Macronovi, \u017ee ni\u010demu nerozum\u00ed! Exkluzivn\u00ed p\u0159eklad rozhovoru rusk\u00e9ho ministra zahrani\u010d\u00ed Sergeje&#8230;<\/p>\n","protected":false},"author":2,"featured_media":11703,"comment_status":"closed","ping_status":"closed","sticky":false,"template":"","format":"standard","meta":[],"categories":[7],"tags":[767,189,122,1052],"_links":{"self":[{"href":"https:\/\/www.infokuryr.cz\/n\/wp-json\/wp\/v2\/posts\/11702"}],"collection":[{"href":"https:\/\/www.infokuryr.cz\/n\/wp-json\/wp\/v2\/posts"}],"about":[{"href":"https:\/\/www.infokuryr.cz\/n\/wp-json\/wp\/v2\/types\/post"}],"author":[{"embeddable":true,"href":"https:\/\/www.infokuryr.cz\/n\/wp-json\/wp\/v2\/users\/2"}],"replies":[{"embeddable":true,"href":"https:\/\/www.infokuryr.cz\/n\/wp-json\/wp\/v2\/comments?post=11702"}],"version-history":[{"count":0,"href":"https:\/\/www.infokuryr.cz\/n\/wp-json\/wp\/v2\/posts\/11702\/revisions"}],"wp:featuredmedia":[{"embeddable":true,"href":"https:\/\/www.infokuryr.cz\/n\/wp-json\/wp\/v2\/media\/11703"}],"wp:attachment":[{"href":"https:\/\/www.infokuryr.cz\/n\/wp-json\/wp\/v2\/media?parent=11702"}],"wp:term":[{"taxonomy":"category","embeddable":true,"href":"https:\/\/www.infokuryr.cz\/n\/wp-json\/wp\/v2\/categories?post=11702"},{"taxonomy":"post_tag","embeddable":true,"href":"https:\/\/www.infokuryr.cz\/n\/wp-json\/wp\/v2\/tags?post=11702"}],"curies":[{"name":"wp","href":"https:\/\/api.w.org\/{rel}","templated":true}]}}