{"id":11701,"date":"2022-06-20T01:12:36","date_gmt":"2022-06-19T23:12:36","guid":{"rendered":"http:\/\/www.infokuryr.cz\/n\/?p=11701"},"modified":"2022-06-19T19:52:35","modified_gmt":"2022-06-19T17:52:35","slug":"miloslav-samek-a-slava-mu-on-je-pasak","status":"publish","type":"post","link":"https:\/\/www.infokuryr.cz\/n\/2022\/06\/20\/miloslav-samek-a-slava-mu-on-je-pasak\/","title":{"rendered":"Miloslav Samek: A sl\u00e1va mu! On je pa\u0161\u00e1k!"},"content":{"rendered":"<div id=\"fb-root\"><\/div>\n<p>V\u011bty nadpisu jsem si vyp\u016fj\u010dil z refr\u00e9nu p\u00edsn\u011b Kon\u0161elsk\u00e1, ji\u017e zp\u00edvaj\u00ed Voskovec a Werich ve h\u0159e T\u011b\u017ek\u00e1 Barbora. Psal se rok 1938, kdy\u017e V+W spolu s nezapomenuteln\u00fdm autorem hudby J. Je\u017ekem napsali tuto hru, ve kter\u00e9 vystupuje Birgermaister, tedy B\u00fcrgermeister= starosta, jen\u017e je nejprve zlat\u00fdm Birgermaisterem, aby byl v dal\u0161\u00edm ozna\u010den z\u00e1meck\u00fdm p\u00e1nem, pak vype\u010den\u00fdm na\u0161\u00edm Birgemaisterem a nakonec t\u00edm, \u017ee to nem\u016f\u017ee b\u00fdt ani \u010dlov\u011bk n\u00e1\u0161.<\/p>\n<p>Hned m\u011b v tu chv\u00edli napadla ur\u010dit\u00e1 paralela p\u0159i dne\u0161n\u00edm ozn\u00e1men\u00ed, \u017ee Petr Gazd\u00edk, ministr \u0161kolstv\u00ed sou\u010dasn\u00e9 vl\u00e1dy, odstupuje z t\u00e9to funkce, jako\u017e i z funkce mp\u0159. STANu k 30. \u010dervnu 2022.<\/p>\n<p>O tomto mlad\u00e9m u\u010diteli na z\u00e1kladn\u00ed \u0161kole z Uherskohradi\u0161\u0165ska (kde v\u0161eho v\u0161udy u\u010dil \u0161est let \u2013 sic!) \u0161ly v\u00fdborn\u00e9 reference, prost\u011b \u201ezlat\u00fd\u201c pedagog, starosta a krajsk\u00fd \u010dinitel v oblasti \u0161kolstv\u00ed ve Zl\u00edn\u011b nab\u00edral postupn\u011b z\u00e1porn\u00e9 body, kdy\u017e v t\u00e9to, pro n\u011bj neb\u00fdval\u00e9 funkci, neza\u0159\u00eddil zv\u00fd\u0161en\u00ed platu pedagogick\u00fdm pracovn\u00edk\u016fm o 2%, zrovna tak i nepedagogick\u00fdm pracovn\u00edk\u016fm, p\u0159i\u010dem\u017e ale uva\u017eoval o placen\u00ed \u0161koln\u00e9ho st\u0159edo\u0161kol\u00e1k\u016f na st\u00e1tn\u00edch \u0161kol\u00e1ch. Tedy opravdu sv\u00e9r\u00e1zn\u00fd postoj.<\/p>\n<p>Ponechal si p\u0159esto poslaneck\u00fd mand\u00e1t a m\u00e1m zato, \u017ee bude pokra\u010dovat i v roli vysoko\u0161kolsk\u00e9ho pedagoga na PedF UK v Praze. Dost dob\u0159e nech\u00e1pu, jak mohl a m\u016f\u017ee vyu\u010dovat na tak vysok\u00e9m postu, by\u0165 t\u0159eba metodik\u00e1m pedagogick\u00fdch discipl\u00edn, kdy\u017e nespl\u0148uje ani z\u00e1kladn\u00ed po\u017eadavky, kup\u0159. uveden\u00ed n\u011bkter\u00fdch vlastn\u00edch odborn\u00fdch \u010dl\u00e1nk\u016f \u010di seps\u00e1n\u00ed script. Nic jsem od n\u011bj zat\u00edm v tomto ohledu nevid\u011bl.<\/p>\n<p>K rezignaci p\u00e1n\u011b Gazd\u00edka p\u0159isp\u011bly p\u0159edev\u0161\u00edm sch\u016fzky se zl\u00ednsk\u00fdm podnikatelem Michalem Redlem, kter\u00fd byl v minulosti napojen na Radovana Krej\u010d\u00ed\u0159e. Redl s Gazd\u00edkem komunikovali tak\u00e9 podle Policie \u010cR skrze speci\u00e1ln\u00ed \u0161ifrovan\u00e9 telefony, \u0159e\u0161ili pr\u00fd jen medi\u00e1ln\u00ed obraz hnut\u00ed STAN, Redl dokonce p\u0159ijel na osobn\u00ed sch\u016fzku do Such\u00e9 Lozi a v r. 2016 se s Gazd\u00edkem setkal na dovolen\u00e9. Tedy v\u00edc ne\u017e dost k tomu, aby se cel\u00e1 situace odb\u00fdvala jen ve spole\u010densk\u00e9 rovin\u011b. Redl si jist\u011b neodpustil zasahovat do jedn\u00e1n\u00ed STAN.<\/p>\n<p>Ministr vnitra V\u00edt Raku\u0161an d\u00e1v\u00e1 v\u0161echny ob\u017ealovan\u00e9 v plen k potrest\u00e1n\u00ed a domn\u00edv\u00e1 se, \u017ee d\u011bl\u00e1 tu neju\u017eite\u010dn\u011bj\u0161\u00ed v\u011bc pro hnut\u00ed a pro vl\u00e1du. S\u00e1m nehodl\u00e1 rezignovat na vl\u00e1dn\u00ed post a \u0159\u00edk\u00e1 o sob\u011b, \u017ee ned\u011bl\u00e1 svou funkci \u0161patn\u011b (samochv\u00e1la smrd\u00ed, nen\u00ed-li\u017e pravda?). V polovin\u011b pr\u00e1zdnin prob\u011bhne mimo\u0159\u00e1dn\u00fd sjezd hnut\u00ed STAN a na n\u011bm bude zvoleno nov\u00e9 p\u0159edsednictvo. Ze sou\u010dasn\u00e9ho z\u016fstala jen V\u011bra Kov\u00e1\u0159ov\u00e1. Od exrektora a exprorektora MU v Brn\u011b, tedy premi\u00e9ra, m\u00e1 Raku\u0161an plnou podporu.<\/p>\n<p>Jinak je p\u0159ece zn\u00e1mo, \u017ee Raku\u0161an je germanistou na kutnohorsk\u00e9m gymn\u00e1ziu, byl i ve funkci na kol\u00ednsk\u00e9 radnici. Zd\u00e1 se mi, \u017ee neopustil pr\u00e1ci \u201e\u00fa\u0159edn\u00edka s klotov\u00fdmi ruk\u00e1vy\u201c, a to s jedine\u010dnou aprobac\u00ed (?!) pro v\u00fdkon velmi v\u00fdznamn\u00e9 politick\u00e9 funkce. Uvid\u00edme, zat\u00edm proch\u00e1z\u00ed jen sam\u00fdmi kauzami a dokonale zvl\u00e1d\u00e1 odvol\u00e1v\u00e1n\u00ed sv\u00fdch pod\u0159\u00edzen\u00fdch (\u0160vejdar, Knap).<\/p>\n<p>A je\u0161t\u011b se chci zastavit u jednoho rozhodnut\u00ed Opery ND. P\u0159edstavte si, \u017ee ND nebude uv\u00e1d\u011bt operu P.I. \u010cajkovsk\u00e9ho St\u0159ev\u00ed\u010dky, nebo\u0165 pr\u00fd vyzdvihuje rusk\u00fd imperialismus. \u0158editel Jan Burian to zjem\u0148uje, kdy\u017e \u0159\u00edk\u00e1, \u017ee St\u0159ev\u00ed\u010dky neza\u010dnou zkou\u0161et a politolog Pavel Bar\u0161a navrhuje, \u017ee by d\u00edlo bylo mo\u017en\u00e9 reinterpretovat. Jsem zv\u011bdav!<\/p>\n<p>M\u016f\u017eeme s na\u0161\u00edm \u201ekoni\u00e1\u0161stv\u00edm\u201c po\u010d\u00edtat v z\u00e1kazech d\u011bl \u010cechova, Pu\u0161kina, Dostojevsk\u00e9ho aj.? Bude s t\u00edm souhlasit i ministr kultury Martin Baxa, kter\u00fd by snad pro v\u00fdkon funkce m\u011bl jak\u00e9s tak\u00e9s p\u0159edpoklady?<\/p>\n<p>Miloslav Samek<\/p>\n<p>&nbsp;<\/p>\n<p>&nbsp;<\/p>\n","protected":false},"excerpt":{"rendered":"<p>V\u011bty nadpisu jsem si vyp\u016fj\u010dil z refr\u00e9nu p\u00edsn\u011b Kon\u0161elsk\u00e1, ji\u017e zp\u00edvaj\u00ed Voskovec a Werich ve&#8230;<\/p>\n","protected":false},"author":2,"featured_media":6620,"comment_status":"closed","ping_status":"closed","sticky":false,"template":"","format":"standard","meta":[],"categories":[6],"tags":[1042,1543,29,424],"_links":{"self":[{"href":"https:\/\/www.infokuryr.cz\/n\/wp-json\/wp\/v2\/posts\/11701"}],"collection":[{"href":"https:\/\/www.infokuryr.cz\/n\/wp-json\/wp\/v2\/posts"}],"about":[{"href":"https:\/\/www.infokuryr.cz\/n\/wp-json\/wp\/v2\/types\/post"}],"author":[{"embeddable":true,"href":"https:\/\/www.infokuryr.cz\/n\/wp-json\/wp\/v2\/users\/2"}],"replies":[{"embeddable":true,"href":"https:\/\/www.infokuryr.cz\/n\/wp-json\/wp\/v2\/comments?post=11701"}],"version-history":[{"count":0,"href":"https:\/\/www.infokuryr.cz\/n\/wp-json\/wp\/v2\/posts\/11701\/revisions"}],"wp:featuredmedia":[{"embeddable":true,"href":"https:\/\/www.infokuryr.cz\/n\/wp-json\/wp\/v2\/media\/6620"}],"wp:attachment":[{"href":"https:\/\/www.infokuryr.cz\/n\/wp-json\/wp\/v2\/media?parent=11701"}],"wp:term":[{"taxonomy":"category","embeddable":true,"href":"https:\/\/www.infokuryr.cz\/n\/wp-json\/wp\/v2\/categories?post=11701"},{"taxonomy":"post_tag","embeddable":true,"href":"https:\/\/www.infokuryr.cz\/n\/wp-json\/wp\/v2\/tags?post=11701"}],"curies":[{"name":"wp","href":"https:\/\/api.w.org\/{rel}","templated":true}]}}